{"id":203325,"date":"2026-03-25T03:45:19","date_gmt":"2026-03-25T03:45:19","guid":{"rendered":"https:\/\/www.europesays.com\/fi\/203325\/"},"modified":"2026-03-25T03:45:19","modified_gmt":"2026-03-25T03:45:19","slug":"talta-savonlinna-nayttaa-kun-luonto-ottaa-omansa-katso-kuvat-paikalliset","status":"publish","type":"post","link":"https:\/\/www.europesays.com\/fi\/203325\/","title":{"rendered":"T\u00e4lt\u00e4 Savonlinna n\u00e4ytt\u00e4\u00e4, kun luonto ottaa omansa \u2013 Katso kuvat | Paikalliset"},"content":{"rendered":"<p>Milt\u00e4 Savonlinna n\u00e4ytt\u00e4\u00e4, kun ihmiset katoavat ja luonto ottaa omansa takaisin. H\u00e4meenlinnalaisen <strong>Tero Aallon<\/strong> kuvat avaavat asiasta varsin kiinnostavan n\u00e4k\u00f6kulman.<\/p>\n<p>Aalto on tehnyt teko\u00e4ly- ja kuvank\u00e4sittelyohjelmien avulla suomalaisista kaupungeista dystooppisia kuvia, joissa luonto on p\u00e4\u00e4ssyt valloilleen. H\u00e4n julkaisee kuvia muun muassa Instagramissa ja Facebookissa.<\/p>\n<p>Aallon kuvat ovat saaneet suuren suosion. Savonlinnaa h\u00e4n kertoo some-seuraajiensa \u00e4\u00e4nest\u00e4neen kuvauskaupunkien suosikiksi jossain vaiheessa. Aalto kertoo, ett\u00e4 tulevana lauantaina kaupunkien joukkoon liittyy Lieksa uutena kohteena.<\/p>\n<p>Aalto, 53, tekee kuvia harrastuksenaan ja ty\u00f6skentelee projektijohtajana infra-alalla. Teko\u00e4lyohjelmia h\u00e4n kertoo k\u00e4ytt\u00e4neens\u00e4 siit\u00e4 asti, kun niit\u00e4 ensimm\u00e4isiss\u00e4 versioissa muutama vuosi sitten tuli kuluttajien k\u00e4ytt\u00f6\u00f6n.<\/p>\n<p>\t\t<a class=\"diks-gallery__link\" href=\"https:\/\/i.media.fi\/incoming\/srdeyy\/11359282.jpg\/alternates\/FREE_1440\/11359282.jpg\" data-thumbnail=\"\" data-sub-html=\"Savonlinnan sataman valkokylki sitten joskus. Tero Aalto\" aria-label=\"Katso isompi kuva\" rel=\"nofollow noopener\" target=\"_blank\"><br \/>\n\t\t\t\t<img class=\"diks-figure__image\" src=\"https:\/\/www.europesays.com\/fi\/wp-content\/uploads\/2026\/03\/11359282.jpg\" loading=\"lazy\" decoding=\"sync\" alt=\"\"\/><\/p>\n<p>\t\t\t<\/a><br \/>\n\t\t\t\t\tSavonlinnan sataman valkokylki sitten joskus. Tero Aalto<\/p>\n<p>\t\t<a class=\"diks-gallery__link\" href=\"https:\/\/i.media.fi\/incoming\/3qppu4\/11359280.jpg\/alternates\/FREE_1440\/11359280.jpg\" data-thumbnail=\"\" data-sub-html=\"Savonlinnan uimahalli. Tero Aalto\" aria-label=\"Katso isompi kuva\" rel=\"nofollow noopener\" target=\"_blank\"><br \/>\n\t\t\t\t<img class=\"diks-figure__image\" src=\"https:\/\/www.europesays.com\/fi\/wp-content\/uploads\/2026\/03\/11359280.jpg\" loading=\"lazy\" decoding=\"sync\" alt=\"\"\/><\/p>\n<p>\t\t\t<\/a><br \/>\n\t\t\t\t\tSavonlinnan uimahalli. Tero Aalto<\/p>\n<p>\t\t<a class=\"diks-gallery__link\" href=\"https:\/\/i.media.fi\/incoming\/w7v68a\/11359279.jpg\/alternates\/FREE_1440\/11359279.jpg\" data-thumbnail=\"\" data-sub-html=\"Riihisaaren museo. Tero Aalto\" aria-label=\"Katso isompi kuva\" rel=\"nofollow noopener\" target=\"_blank\"><br \/>\n\t\t\t\t<img class=\"diks-figure__image\" src=\"https:\/\/www.europesays.com\/fi\/wp-content\/uploads\/2026\/03\/11359279.jpg\" loading=\"lazy\" decoding=\"sync\" alt=\"\"\/><\/p>\n<p>\t\t\t<\/a><br \/>\n\t\t\t\t\tRiihisaaren museo. Tero Aalto<\/p>\n<p>\t\t<a class=\"diks-gallery__link\" href=\"https:\/\/i.media.fi\/incoming\/53t2gd\/11359278.jpg\/alternates\/FREE_1440\/11359278.jpg\" data-thumbnail=\"\" data-sub-html=\"Savonlinnan linja-autoasema. Tero Aalto\" aria-label=\"Katso isompi kuva\" rel=\"nofollow noopener\" target=\"_blank\"><br \/>\n\t\t\t\t<img class=\"diks-figure__image\" src=\"https:\/\/www.europesays.com\/fi\/wp-content\/uploads\/2026\/03\/11359278.jpg\" loading=\"lazy\" decoding=\"sync\" alt=\"\"\/><\/p>\n<p>\t\t\t<\/a><br \/>\n\t\t\t\t\tSavonlinnan linja-autoasema. Tero Aalto<\/p>\n<p>\t\t<a class=\"diks-gallery__link\" href=\"https:\/\/i.media.fi\/incoming\/ppaf8x\/11359277.jpg\/alternates\/FREE_1440\/11359277.jpg\" data-thumbnail=\"\" data-sub-html=\"Olavinlinna joskus my\u00f6hemmin, kun 550-vuotisjuhlista on kulunut riitt\u00e4v\u00e4sti aikaa. Tero Aalto\" aria-label=\"Katso isompi kuva\" rel=\"nofollow noopener\" target=\"_blank\"><br \/>\n\t\t\t\t<img class=\"diks-figure__image\" src=\"https:\/\/www.europesays.com\/fi\/wp-content\/uploads\/2026\/03\/11359277.jpg\" loading=\"lazy\" decoding=\"sync\" alt=\"\"\/><\/p>\n<p>\t\t\t<\/a><br \/>\n\t\t\t\t\tOlavinlinna joskus my\u00f6hemmin, kun 550-vuotisjuhlista on kulunut riitt\u00e4v\u00e4sti aikaa. Tero Aalto<\/p>\n<p>\t\t<a class=\"diks-gallery__link\" href=\"https:\/\/i.media.fi\/incoming\/o0lct2\/11359276.jpg\/alternates\/FREE_1440\/11359276.jpg\" data-thumbnail=\"\" data-sub-html=\"Rauhalinnakaan ei s\u00e4ily ikuisesti luonnolta. Tero Aalto\" aria-label=\"Katso isompi kuva\" rel=\"nofollow noopener\" target=\"_blank\"><br \/>\n\t\t\t\t<img class=\"diks-figure__image\" src=\"https:\/\/www.europesays.com\/fi\/wp-content\/uploads\/2026\/03\/11359276.jpg\" loading=\"lazy\" decoding=\"sync\" alt=\"\"\/><\/p>\n<p>\t\t\t<\/a><br \/>\n\t\t\t\t\tRauhalinnakaan ei s\u00e4ily ikuisesti luonnolta. Tero Aalto<\/p>\n<p>\t\t<a class=\"diks-gallery__link\" href=\"https:\/\/i.media.fi\/incoming\/y61lrq\/11359275.jpg\/alternates\/FREE_1440\/11359275.jpg\" data-thumbnail=\"\" data-sub-html=\"Savonlinnan lentoasema. Tero Aalto\" aria-label=\"Katso isompi kuva\" rel=\"nofollow noopener\" target=\"_blank\"><br \/>\n\t\t\t\t<img class=\"diks-figure__image\" src=\"https:\/\/www.europesays.com\/fi\/wp-content\/uploads\/2026\/03\/11359275.jpg\" loading=\"lazy\" decoding=\"sync\" alt=\"\"\/><\/p>\n<p>\t\t\t<\/a><br \/>\n\t\t\t\t\tSavonlinnan lentoasema. Tero Aalto<\/p>\n<p>\t\t<a class=\"diks-gallery__link\" href=\"https:\/\/i.media.fi\/incoming\/i7cuww\/11359274.jpg\/alternates\/FREE_1440\/11359274.jpg\" data-thumbnail=\"\" data-sub-html=\"Savonlinnan tuomiokirkko. Tero Aalto\" aria-label=\"Katso isompi kuva\" rel=\"nofollow noopener\" target=\"_blank\"><br \/>\n\t\t\t\t<img class=\"diks-figure__image\" src=\"https:\/\/www.europesays.com\/fi\/wp-content\/uploads\/2026\/03\/11359274.jpg\" loading=\"lazy\" decoding=\"sync\" alt=\"\"\/><\/p>\n<p>\t\t\t<\/a><br \/>\n\t\t\t\t\tSavonlinnan tuomiokirkko. Tero Aalto<\/p>\n<p>\t\t<a class=\"diks-gallery__link\" href=\"https:\/\/i.media.fi\/incoming\/fz2rlq\/11359273.jpg\/alternates\/FREE_1440\/11359273.jpg\" data-thumbnail=\"\" data-sub-html=\"Linnankatu ja Saima-kahvila ja -hotelli. Tero Aalto\" aria-label=\"Katso isompi kuva\" rel=\"nofollow noopener\" target=\"_blank\"><br \/>\n\t\t\t\t<img class=\"diks-figure__image\" src=\"https:\/\/www.europesays.com\/fi\/wp-content\/uploads\/2026\/03\/11359273.jpg\" loading=\"lazy\" decoding=\"sync\" alt=\"\"\/><\/p>\n<p>\t\t\t<\/a><br \/>\n\t\t\t\t\tLinnankatu ja Saima-kahvila ja -hotelli. Tero Aalto<\/p>\n<p>Aallon julkaisemat kuvat ovat jo ilmi\u00f6: niill\u00e4 on verkossa yhteens\u00e4 yli 9 miljoonaa katselukertaa. Facebookissa seuraajia on noin 7\u2009000.<\/p>\n<p>\u2013\u2009L\u00e4pin\u00e4kyvyys on minulle t\u00e4rke\u00e4\u00e4. Tarkoitukseni ei ole koskaan johtaa ket\u00e4\u00e4n harhaan tai esitt\u00e4\u00e4 kuvia todellisuutena, Aalto painotti Kymen Sanomien <a href=\"https:\/\/www.kymensanomat.fi\/paikalliset\/9299023\" rel=\"nofollow noopener\" target=\"_blank\">haastattelussa<\/a>.<\/p>\n<p>Jutussa h\u00e4n kertoi, ett\u00e4 sivujen esittelyteksteiss\u00e4 kerrotaan selke\u00e4sti, ett\u00e4 kuvat on toteutettu teko\u00e4lyn avulla, ja jokaisessa kuvassa on oma tunnus sek\u00e4 merkint\u00e4 &#8221;Editing Empowered by AI&#8221;.<\/p>\n<p>\u2013\u2009Katsojalle on n\u00e4in alusta asti selv\u00e4\u00e4, ett\u00e4 kyseess\u00e4 on taiteellinen tulkinta.<\/p>\n<p>Aalto on t\u00e4m\u00e4n vuoden aikana toteuttanut teoksiaan suomalaisista kaupungeista. Uusi ehdotuksia tulee jatkuvasti.<strong class=\"diks-storyline__impact\"> <\/strong>H\u00e4n kertoo, ett\u00e4 paikoiksi valikoituvat paikallisille tunnistettavat kohteet, joissa yhdistyv\u00e4t vesi, teollinen historia ja arkkitehtuuri.<\/p>\n<p><strong class=\"diks-storyline__impact\">Lopulliset kuvat<\/strong> syntyv\u00e4t hiomalla. Yksinkertaisuudessaan prosessi etenee n\u00e4in. Ensin Aalto hakee rakennuksen geometrian, muokkaa kuvakulmaa ja rakentaa ymp\u00e4rist\u00f6n kasvustoineen.<\/p>\n<p>Rakennuksen geometrian hakemiseen h\u00e4n k\u00e4ytt\u00e4\u00e4 teko\u00e4ly\u00e4.<\/p>\n<p>\u2013\u2009Hy\u00f6dynn\u00e4n sek\u00e4 uusimpia maksullisia teko\u00e4lymalleja ett\u00e4 vanhempia versioita, koska osa niist\u00e4 toimii tietyiss\u00e4 ty\u00f6vaiheissa edelleen parhaiten, Aalto valottaa.<\/p>\n<p>\t\t<a class=\"diks-gallery__link\" href=\"https:\/\/i.media.fi\/incoming\/vgkkv6\/11340260.jpg\/alternates\/FREE_1440\/11340260.jpg\" data-thumbnail=\"\" data-sub-html=\"Tero Aalto on suosittujen kuvien tekij\u00e4. Kotialbumi\" aria-label=\"Katso isompi kuva\" rel=\"nofollow noopener\" target=\"_blank\"><br \/>\n\t\t\t\t<img class=\"diks-figure__image\" src=\"https:\/\/www.europesays.com\/fi\/wp-content\/uploads\/2026\/03\/11340260.jpg\" loading=\"lazy\" decoding=\"sync\" alt=\"\"\/><\/p>\n<p>\t\t\t<\/a><br \/>\n\t\t\t\t\tTero Aalto on suosittujen kuvien tekij\u00e4. Kotialbumi<\/p>\n<p><strong class=\"diks-storyline__impact\">Aalto kertoo, <\/strong>ett\u00e4 yhden teoksen viimeistely voi vied\u00e4 useita tunteja, jotta lopputulos vastaa tarkasti omaa n\u00e4kemyst\u00e4ni.<\/p>\n<p>H\u00e4nen kuvissaan seikkailee kettu. Siihen on syyns\u00e4.<\/p>\n<p>\u2013\u2009Se on symbolinen viittaus edesmenneeseen lemmikkiini Topi-kettuun, h\u00e4n kertoo.<\/p>\n","protected":false},"excerpt":{"rendered":"Milt\u00e4 Savonlinna n\u00e4ytt\u00e4\u00e4, kun ihmiset katoavat ja luonto ottaa omansa takaisin. H\u00e4meenlinnalaisen Tero Aallon kuvat avaavat asiasta varsin&hellip;\n","protected":false},"author":2,"featured_media":203326,"comment_status":"","ping_status":"","sticky":false,"template":"","format":"standard","meta":{"footnotes":"","_share_on_mastodon":"0"},"categories":[117],"tags":[33,31,30,2675,1255,72,476,1000,2374,118,32,487,119,538,149,477],"class_list":["post-203325","post","type-post","status-publish","format-standard","has-post-thumbnail","category-luonto","tag-fi","tag-finland","tag-finnish","tag-instagram","tag-lieksa","tag-luonto","tag-nature","tag-savonlinna","tag-savonlinnan-seutukunta","tag-science","tag-suomi","tag-teknologia-yleista","tag-tiede","tag-tiede-ja-tekniikka","tag-tietojenkasittely-ja-informaatioteknologia","tag-wildlife"],"share_on_mastodon":{"url":"https:\/\/pubeurope.com\/@fi\/116287761581435743","error":""},"_links":{"self":[{"href":"https:\/\/www.europesays.com\/fi\/wp-json\/wp\/v2\/posts\/203325","targetHints":{"allow":["GET"]}}],"collection":[{"href":"https:\/\/www.europesays.com\/fi\/wp-json\/wp\/v2\/posts"}],"about":[{"href":"https:\/\/www.europesays.com\/fi\/wp-json\/wp\/v2\/types\/post"}],"author":[{"embeddable":true,"href":"https:\/\/www.europesays.com\/fi\/wp-json\/wp\/v2\/users\/2"}],"replies":[{"embeddable":true,"href":"https:\/\/www.europesays.com\/fi\/wp-json\/wp\/v2\/comments?post=203325"}],"version-history":[{"count":0,"href":"https:\/\/www.europesays.com\/fi\/wp-json\/wp\/v2\/posts\/203325\/revisions"}],"wp:featuredmedia":[{"embeddable":true,"href":"https:\/\/www.europesays.com\/fi\/wp-json\/wp\/v2\/media\/203326"}],"wp:attachment":[{"href":"https:\/\/www.europesays.com\/fi\/wp-json\/wp\/v2\/media?parent=203325"}],"wp:term":[{"taxonomy":"category","embeddable":true,"href":"https:\/\/www.europesays.com\/fi\/wp-json\/wp\/v2\/categories?post=203325"},{"taxonomy":"post_tag","embeddable":true,"href":"https:\/\/www.europesays.com\/fi\/wp-json\/wp\/v2\/tags?post=203325"}],"curies":[{"name":"wp","href":"https:\/\/api.w.org\/{rel}","templated":true}]}}