{"id":20348,"date":"2025-08-30T03:42:09","date_gmt":"2025-08-30T03:42:09","guid":{"rendered":"https:\/\/www.europesays.com\/fi\/20348\/"},"modified":"2025-08-30T03:42:09","modified_gmt":"2025-08-30T03:42:09","slug":"tassa-on-jesse-joensuun-uusi-tyopaikka-tosi-hienoa-ja-motivoivaa","status":"publish","type":"post","link":"https:\/\/www.europesays.com\/fi\/20348\/","title":{"rendered":"T\u00e4ss\u00e4 on Jesse Joensuun uusi ty\u00f6paikka \u2013 \u201dTosi hienoa ja motivoivaa\u201d"},"content":{"rendered":"<p>Jesse Joensuu aloittaa MTV:n asiantuntijana. My\u00f6s Karri Kivi on yh\u00e4 l\u00e4hetyksiss\u00e4 mukana.<\/p>\n<p>29.8. 15:49<\/p>\n<p class=\"article-body margin-bottom-24 padding-x-16\">Pori<\/p>\n<p class=\"article-body margin-bottom-24 padding-x-16\">Ty\u00f6t \u00c4ssien junioripuolella viime kev\u00e4\u00e4n\u00e4 lopettanut <a class=\"article-personlink\" href=\"https:\/\/www.satakunnankansa.fi\/haku\/?query=Jesse%20Joensuu\" rel=\"nofollow noopener\" target=\"_blank\">Jesse Joensuu<\/a> n\u00e4hd\u00e4\u00e4n j\u00e4\u00e4kiekkokuvioissa my\u00f6s alkavalla kaudella.<\/p>\n<p class=\"article-body margin-bottom-24 padding-x-16\">MTV kertoi Joensuun liittyv\u00e4n liigapelien asiantuntijaksi. Toisena uutena asiantuntijana l\u00e4hetyksiss\u00e4 n\u00e4hd\u00e4\u00e4n ja kuullaan peliuransa viime kev\u00e4\u00e4n\u00e4 lopettanutta <a class=\"article-personlink\" href=\"https:\/\/www.satakunnankansa.fi\/haku\/?query=Juhamatti%20Aaltosta\" rel=\"nofollow noopener\" target=\"_blank\">Juhamatti Aaltosta<\/a>.<\/p>\n<p class=\"article-body margin-bottom-24 padding-x-16\">\u201dTosi hienoa ja motivoivaa p\u00e4\u00e4st\u00e4 ammattij\u00e4\u00e4kiekon pariin. Kun opiskelunikin ovat nyt p\u00e4iv\u00e4opiskeluita, t\u00e4m\u00e4 sopii my\u00f6s aikatauluihin hyvin\u201d, Satakunnan ammattikorkeakoulussa tradenomin opinnot aloittanut Joensuu kertoi.<\/p>\n<p class=\"article-body margin-bottom-24 padding-x-16\">Joensuu lopetti pelaajauransa kev\u00e4\u00e4ll\u00e4 2024. Heti sen j\u00e4lkeen h\u00e4n aloitti ty\u00f6t \u00c4ssien junioripuolella. H\u00e4n toimi seurassa U11\u2013U13-ik\u00e4luokkien urheiluvastaavana. Joensuu my\u00f6nsi huomanneensa nopeasti, ett\u00e4 pitk\u00e4n ammattilaisuran j\u00e4lkeen ty\u00f6t junioripuolella eiv\u00e4t olleet h\u00e4nt\u00e4 varten. Niinp\u00e4 h\u00e4n toimi pestiss\u00e4\u00e4n vain yhden kauden.<\/p>\n<p class=\"article-body margin-bottom-24 padding-x-16\">Lue lis\u00e4\u00e4: <a class=\"article-genericlink\" href=\"https:\/\/www.satakunnankansa.fi\/kurvi-ulvoo\/art-2000011250080.html\" rel=\"nofollow noopener\" target=\"_blank\">Nyt puhuu Jesse Joensuu \u2013 N\u00e4iden syiden takia h\u00e4n j\u00e4tti \u00c4ss\u00e4t<\/a><\/p>\n<p class=\"article-body margin-bottom-24 padding-x-16\">MTV:n asiantuntijaryhm\u00e4n muut j\u00e4senet ovat \u00c4ssien kultavalmentaja <a class=\"article-personlink\" href=\"https:\/\/www.satakunnankansa.fi\/haku\/?query=Karri%20Kivi\" rel=\"nofollow noopener\" target=\"_blank\">Karri Kivi<\/a>, <a class=\"article-personlink\" href=\"https:\/\/www.satakunnankansa.fi\/haku\/?query=Antti-Jussi%20Niemi\" rel=\"nofollow noopener\" target=\"_blank\">Antti-Jussi Niemi<\/a>, <a class=\"article-personlink\" href=\"https:\/\/www.satakunnankansa.fi\/haku\/?query=Ari%20Vallin\" rel=\"nofollow noopener\" target=\"_blank\">Ari Vallin<\/a>, <a class=\"article-personlink\" href=\"https:\/\/www.satakunnankansa.fi\/haku\/?query=Pekka%20Saravo\" rel=\"nofollow noopener\" target=\"_blank\">Pekka Saravo<\/a>, <a class=\"article-personlink\" href=\"https:\/\/www.satakunnankansa.fi\/haku\/?query=Siim%20Liivik\" rel=\"nofollow noopener\" target=\"_blank\">Siim Liivik<\/a> ja K\u00e4rp\u00e4t-pestins\u00e4 j\u00e4lkeen tv-t\u00f6ihin palaava <a class=\"article-personlink\" href=\"https:\/\/www.satakunnankansa.fi\/haku\/?query=Lasse%20Kukkonen\" rel=\"nofollow noopener\" target=\"_blank\">Lasse Kukkonen<\/a>.<\/p>\n","protected":false},"excerpt":{"rendered":"Jesse Joensuu aloittaa MTV:n asiantuntijana. My\u00f6s Karri Kivi on yh\u00e4 l\u00e4hetyksiss\u00e4 mukana. 29.8. 15:49 Pori Ty\u00f6t \u00c4ssien junioripuolella&hellip;\n","protected":false},"author":2,"featured_media":20349,"comment_status":"","ping_status":"","sticky":false,"template":"","format":"standard","meta":{"footnotes":""},"categories":[158],"tags":[33,31,30,80,159,32,160],"class_list":{"0":"post-20348","1":"post","2":"type-post","3":"status-publish","4":"format-standard","5":"has-post-thumbnail","7":"category-urheilu","8":"tag-fi","9":"tag-finland","10":"tag-finnish","11":"tag-satakunnan-kansa","12":"tag-sports","13":"tag-suomi","14":"tag-urheilu"},"share_on_mastodon":{"url":"","error":""},"_links":{"self":[{"href":"https:\/\/www.europesays.com\/fi\/wp-json\/wp\/v2\/posts\/20348","targetHints":{"allow":["GET"]}}],"collection":[{"href":"https:\/\/www.europesays.com\/fi\/wp-json\/wp\/v2\/posts"}],"about":[{"href":"https:\/\/www.europesays.com\/fi\/wp-json\/wp\/v2\/types\/post"}],"author":[{"embeddable":true,"href":"https:\/\/www.europesays.com\/fi\/wp-json\/wp\/v2\/users\/2"}],"replies":[{"embeddable":true,"href":"https:\/\/www.europesays.com\/fi\/wp-json\/wp\/v2\/comments?post=20348"}],"version-history":[{"count":0,"href":"https:\/\/www.europesays.com\/fi\/wp-json\/wp\/v2\/posts\/20348\/revisions"}],"wp:featuredmedia":[{"embeddable":true,"href":"https:\/\/www.europesays.com\/fi\/wp-json\/wp\/v2\/media\/20349"}],"wp:attachment":[{"href":"https:\/\/www.europesays.com\/fi\/wp-json\/wp\/v2\/media?parent=20348"}],"wp:term":[{"taxonomy":"category","embeddable":true,"href":"https:\/\/www.europesays.com\/fi\/wp-json\/wp\/v2\/categories?post=20348"},{"taxonomy":"post_tag","embeddable":true,"href":"https:\/\/www.europesays.com\/fi\/wp-json\/wp\/v2\/tags?post=20348"}],"curies":[{"name":"wp","href":"https:\/\/api.w.org\/{rel}","templated":true}]}}