{"id":20354,"date":"2025-08-30T03:48:08","date_gmt":"2025-08-30T03:48:08","guid":{"rendered":"https:\/\/www.europesays.com\/fi\/20354\/"},"modified":"2025-08-30T03:48:08","modified_gmt":"2025-08-30T03:48:08","slug":"tunnistatko-naita-vaatteita-ota-yhteytta-poliisiin","status":"publish","type":"post","link":"https:\/\/www.europesays.com\/fi\/20354\/","title":{"rendered":"Tunnistatko n\u00e4it\u00e4 vaatteita? Ota yhteytt\u00e4 poliisiin"},"content":{"rendered":"<p>Porin Pohjoisrannasta l\u00f6ytynyt vaatekasa aiheutti etsint\u00e4operaation.<\/p>\n<p><img decoding=\"async\" class=\"image image-show image-preview\" src=\"https:\/\/www.europesays.com\/fi\/wp-content\/uploads\/2025\/08\/4bc0b74da947cc8f25112bf53d783f9ae7008bd1261c335ffbbdc1107a8f3bad.jpg\" alt=\"\"\/><img decoding=\"async\" class=\"image image-show\" src=\"https:\/\/www.europesays.com\/fi\/wp-content\/uploads\/2025\/08\/1756525688_676_4bc0b74da947cc8f25112bf53d783f9ae7008bd1261c335ffbbdc1107a8f3bad.jpg\" alt=\"\"\/><\/p>\n<p>T\u00e4llaisia vaatteita Porin Pohjoisrannasta l\u00f6ytyi. Jos tunnistat vaatteet, ota yhteytt\u00e4 poliisiin. Kuva: Poliisi<\/p>\n<p class=\"paragraph\">Poliisi <a href=\"https:\/\/poliisi.fi\/-\/etsintaoperaatio-porin-pohjoisrannassa\" target=\"_blank\" rel=\"noopener nofollow\">pyyt\u00e4\u00e4 tietoja<\/a> vaatteista, jotka l\u00f6ytyiv\u00e4t Porin Pohjoisrannasta vierasvenelaiturin edustalta lauantaina puoleny\u00f6n j\u00e4lkeen.<\/p>\n<p class=\"paragraph\">Kyseess\u00e4 ovat mustat ulkohousut, punainen tuulitakki ja musta huppari, jossa on teksti \u201dtukioppilas\u201d. Lis\u00e4ksi paikalta l\u00f6ydettiin muun muassa hansikkaat ja mustat lenkkitossut.<\/p>\n<p class=\"paragraph\">Poliisi sai puoleny\u00f6n j\u00e4lkeen tiedon vierasvenelaiturin edustalla olevista vaatteista. L\u00f6yd\u00f6n perusteella ep\u00e4iltiin, ett\u00e4 henkil\u00f6 on joutunut veden varaan ja on avun tarpeessa.<\/p>\n<p class=\"paragraph\">Poliisi ja pelastuslaitos etsiv\u00e4t ihmist\u00e4 vedest\u00e4 l\u00e4mp\u00f6kameroilla, UAS-laitteilla ja sukeltamalla. Ket\u00e4\u00e4n ei ole toistaiseksi l\u00f6ydetty.<\/p>\n<p class=\"paragraph\">Poliisi pyyt\u00e4\u00e4 kaikkia asiasta tai vaatteista tiet\u00e4vi\u00e4 ottamaan yhteytt\u00e4 ja kertomaan tietonsa poliisille.<\/p>\n","protected":false},"excerpt":{"rendered":"Porin Pohjoisrannasta l\u00f6ytynyt vaatekasa aiheutti etsint\u00e4operaation. T\u00e4llaisia vaatteita Porin Pohjoisrannasta l\u00f6ytyi. Jos tunnistat vaatteet, ota yhteytt\u00e4 poliisiin. Kuva:&hellip;\n","protected":false},"author":2,"featured_media":20355,"comment_status":"","ping_status":"","sticky":false,"template":"","format":"standard","meta":{"footnotes":""},"categories":[12],"tags":[35,22,23,26,27,33,31,30,17,55,24,25,41,28,29,15,18,21,122,54,32,19,20,546,16],"class_list":{"0":"post-20354","1":"post","2":"type-post","3":"status-publish","4":"format-standard","5":"has-post-thumbnail","7":"category-suomi","8":"tag-24h","9":"tag-breaking-news","10":"tag-breakingnews","11":"tag-featured-news","12":"tag-featurednews","13":"tag-fi","14":"tag-finland","15":"tag-finnish","16":"tag-headlines","17":"tag-lainvalvonta","18":"tag-latest-news","19":"tag-latestnews","20":"tag-liikunta-ja-urheilu","21":"tag-main-news","22":"tag-mainnews","23":"tag-news","24":"tag-otsikot","25":"tag-paauutiset","26":"tag-pelastaminen","27":"tag-pelastuspalvelut","28":"tag-suomi","29":"tag-top-stories","30":"tag-topstories","31":"tag-turvallisuus","32":"tag-uutiset"},"share_on_mastodon":{"url":"","error":""},"_links":{"self":[{"href":"https:\/\/www.europesays.com\/fi\/wp-json\/wp\/v2\/posts\/20354","targetHints":{"allow":["GET"]}}],"collection":[{"href":"https:\/\/www.europesays.com\/fi\/wp-json\/wp\/v2\/posts"}],"about":[{"href":"https:\/\/www.europesays.com\/fi\/wp-json\/wp\/v2\/types\/post"}],"author":[{"embeddable":true,"href":"https:\/\/www.europesays.com\/fi\/wp-json\/wp\/v2\/users\/2"}],"replies":[{"embeddable":true,"href":"https:\/\/www.europesays.com\/fi\/wp-json\/wp\/v2\/comments?post=20354"}],"version-history":[{"count":0,"href":"https:\/\/www.europesays.com\/fi\/wp-json\/wp\/v2\/posts\/20354\/revisions"}],"wp:featuredmedia":[{"embeddable":true,"href":"https:\/\/www.europesays.com\/fi\/wp-json\/wp\/v2\/media\/20355"}],"wp:attachment":[{"href":"https:\/\/www.europesays.com\/fi\/wp-json\/wp\/v2\/media?parent=20354"}],"wp:term":[{"taxonomy":"category","embeddable":true,"href":"https:\/\/www.europesays.com\/fi\/wp-json\/wp\/v2\/categories?post=20354"},{"taxonomy":"post_tag","embeddable":true,"href":"https:\/\/www.europesays.com\/fi\/wp-json\/wp\/v2\/tags?post=20354"}],"curies":[{"name":"wp","href":"https:\/\/api.w.org\/{rel}","templated":true}]}}