{"id":203630,"date":"2026-03-25T11:58:09","date_gmt":"2026-03-25T11:58:09","guid":{"rendered":"https:\/\/www.europesays.com\/fi\/203630\/"},"modified":"2026-03-25T11:58:09","modified_gmt":"2026-03-25T11:58:09","slug":"onni-sarmaste-havisi-toistamiseen-riidan-korona-ajan-maskikaupoista-joutuu-maksamaan-miljoonakorvaukset-kotimaa","status":"publish","type":"post","link":"https:\/\/www.europesays.com\/fi\/203630\/","title":{"rendered":"Onni Sarmaste h\u00e4visi toistamiseen riidan korona-ajan maskikaupoista \u2013 joutuu maksamaan miljoonakorvaukset | Kotimaa"},"content":{"rendered":"<p class=\"aw-1gybjub aw-5vja16 kEtdKx kmuxyA yle__article__paragraph\">Hovioikeus m\u00e4\u00e4r\u00e4\u00e4 Onni Sarmasteen maksamaan liki viisi miljoona euroa kauppahinnan palautusta ja korvauksia kev\u00e4\u00e4n 2020 maskikaupasta Huoltovarmuuskeskukselle.<\/p>\n<p><img decoding=\"async\" alt=\"Liikemies Onni Sarmaste.\" src=\"https:\/\/www.europesays.com\/fi\/wp-content\/uploads\/2026\/03\/39-123184665af8c0f0a7f1.jpeg\" class=\"aw-1l9m598 hKVVvP\"\/><\/p>\n<p>Avaa kuvien katselu<\/p>\n<p>Helsingin k\u00e4r\u00e4j\u00e4oikeus tuomitsi jo aiemmin Onni Sarmasteen maksamaan korvauksia Huoltovarmuuskeskukselle. Kuva: Petteri Sopanen \/ Yle<\/p>\n<p>11:33\u2022P\u00e4ivitetty 12:01<\/p>\n<p class=\"aw-1gybjub aw-1p7kakr kEtdKx cEmitX yle__article__paragraph\">Helsingin hovioikeus on antanut tuomion Huoltovarmuuskeskuksen (HVK) ja liikemies <strong class=\"aw-ak79eh KyCXm yle__article__strong\">Onni Sarmasteen<\/strong> riidassa korona-ajan maskikaupasta.<\/p>\n<p class=\"aw-1gybjub aw-1p7kakr kEtdKx cEmitX yle__article__paragraph\">Hovioikeus <a class=\"aw-iao6s4 iHOxEa yle__article__link\" href=\"https:\/\/yle.fi\/a\/74-20131768\" role=\"link\" rel=\"nofollow noopener\" target=\"_blank\">katsoo k\u00e4r\u00e4j\u00e4oikeuden tavoin<\/a>, ett\u00e4 Huoltovarmuuskeskuksella oli oikeus purkaa Sarmasteen kanssa maaliskuussa 2020 solmittu kauppa hengityssuojainten hankkimisesta Kiinasta.<\/p>\n<p class=\"aw-1gybjub aw-1p7kakr kEtdKx cEmitX yle__article__paragraph\">Sarmasteen on maksettava HVK:lle korvauksia k\u00e4r\u00e4j\u00e4oikeuden aiemmin m\u00e4\u00e4r\u00e4\u00e4m\u00e4t liki 4,5 miljoonaa euroa ja lis\u00e4ksi muita HVK:lle aiheutuneita kuluja noin 183\u00a0000 euroa.<\/p>\n<p>Oikeus: suojainten laatu poikkesi sovitusta<\/p>\n<p class=\"aw-1gybjub aw-1p7kakr kEtdKx cEmitX yle__article__paragraph\">Hovioikeus katsoo, ett\u00e4 toimitettujen hengityssuojainten ja kirurgisten suu-nen\u00e4suojusten suodatustehokkuus on ollut huomattavasti sovittujen standardien mukaisia vaatimuksia heikompi. N\u00e4in niit\u00e4 ei voitu pit\u00e4\u00e4 kaupan kohteeksi sovittuina hengityssuojaimina ja kirurgisina suunen\u00e4suojuksina.<\/p>\n<p class=\"aw-1gybjub aw-1p7kakr kEtdKx cEmitX yle__article__paragraph\">Hovioikeuden mukaan kyseisell\u00e4 sopimusrikkomuksella on ollut olennainen merkitys Huoltovarmuuskeskukselle, ja Sarmaste on t\u00e4m\u00e4n k\u00e4sitt\u00e4nyt tai h\u00e4nen olisi pit\u00e4nyt se k\u00e4sitt\u00e4\u00e4.<\/p>\n<p class=\"aw-1gybjub aw-1p7kakr kEtdKx cEmitX yle__article__paragraph\">Hovioikeus toteaa k\u00e4r\u00e4j\u00e4oikeuden tavoin, ett\u00e4 hengityssuojaintarvikkeiden heikko laatu on synnytt\u00e4nyt HVK:lle perustellun aiheen ep\u00e4ill\u00e4, ett\u00e4 myyj\u00e4 ei kykene korjaamaan kaupan virhett\u00e4 eik\u00e4 uuden toimituksen salliminen tulisi sen vuoksi johtamaan laadultaan hyv\u00e4ksytt\u00e4vien tuotteiden saamiseen.<\/p>\n<p class=\"aw-1gybjub aw-1p7kakr kEtdKx cEmitX yle__article__paragraph\">Hovioikeuden mukaan HVK:lla kaupantekohetkell\u00e4 olleiden hengityssuojaintarvikkeiden m\u00e4\u00e4r\u00e4ll\u00e4, poliittisella ohjauksella tai hankintalain s\u00e4\u00e4nn\u00f6ksill\u00e4 ei ole vaikutusta HVK:n ja valittajien v\u00e4lisen irtaimen kaupan arvioinnissa.<\/p>\n<p>Oikeus: VTT:n tutkimus luotettava<\/p>\n<p class=\"aw-1gybjub aw-1p7kakr kEtdKx cEmitX yle__article__paragraph\">Hovioikeus toteaa lis\u00e4ksi, ett\u00e4 myyjien intressiss\u00e4 oli selvitt\u00e4\u00e4 tuolloinen markkinatilanne ja varautua siihen, ett\u00e4 markkinoilla liikkuu virheellisi\u00e4 hengityssuojaintarvikkeita. HVK:lla ei ole ollut velvollisuutta selvitt\u00e4\u00e4 myyjille kyseisi\u00e4 seikkoja.<\/p>\n<p class=\"aw-1gybjub aw-1p7kakr kEtdKx cEmitX yle__article__paragraph\">Hovioikeus perustaa k\u00e4r\u00e4j\u00e4oikeuden tavoin arvion hengityssuojainten ja kirurgisten suu-nen\u00e4suojusten laadusta VTT:n tutkimustuloksiin.<\/p>\n<p class=\"aw-1gybjub aw-1p7kakr kEtdKx cEmitX yle__article__paragraph\">Suojamet testattiiin VTT:ll\u00e4 siksi, ett\u00e4 niiden k\u00e4ytt\u00f6\u00f6notolla oli ollut kiire. Suomessa ei ollut ollut akkreditoitua laboratoriota, ja Tanskassa ja Kiinassa sijaitsevat laboratoriot olivat olleet tuolloin pahoin ruuhkautuneet.<\/p>\n<p class=\"aw-1gybjub aw-1p7kakr kEtdKx cEmitX yle__article__paragraph\">Mittaamisessa poikettiin yleisesti sovellettavasta HEPA-standardista, mutta hovioikeus katsoo, ett\u00e4 t\u00e4ll\u00e4 ei ollut merkityst\u00e4 asiassa.<\/p>\n","protected":false},"excerpt":{"rendered":"Hovioikeus m\u00e4\u00e4r\u00e4\u00e4 Onni Sarmasteen maksamaan liki viisi miljoona euroa kauppahinnan palautusta ja korvauksia kev\u00e4\u00e4n 2020 maskikaupasta Huoltovarmuuskeskukselle. Avaa&hellip;\n","protected":false},"author":2,"featured_media":203631,"comment_status":"","ping_status":"","sticky":false,"template":"","format":"standard","meta":{"footnotes":"","_share_on_mastodon":"0"},"categories":[12],"tags":[22,23,26,27,33,31,30,17,14367,14365,766,71,24,25,28,29,15,2098,18,21,9140,32,19,20,1727,16,15312],"class_list":["post-203630","post","type-post","status-publish","format-standard","has-post-thumbnail","category-suomi","tag-breaking-news","tag-breakingnews","tag-featured-news","tag-featurednews","tag-fi","tag-finland","tag-finnish","tag-headlines","tag-hengityssuojaimet","tag-huoltovarmuuskeskus","tag-koronavirus","tag-kotimaa","tag-latest-news","tag-latestnews","tag-main-news","tag-mainnews","tag-news","tag-oikeudenkaynnit","tag-otsikot","tag-paauutiset","tag-sopimusrikkomukset","tag-suomi","tag-top-stories","tag-topstories","tag-tuomiot","tag-uutiset","tag-vahingonkorvaus"],"share_on_mastodon":{"url":"https:\/\/pubeurope.com\/@fi\/116289700100754887","error":""},"_links":{"self":[{"href":"https:\/\/www.europesays.com\/fi\/wp-json\/wp\/v2\/posts\/203630","targetHints":{"allow":["GET"]}}],"collection":[{"href":"https:\/\/www.europesays.com\/fi\/wp-json\/wp\/v2\/posts"}],"about":[{"href":"https:\/\/www.europesays.com\/fi\/wp-json\/wp\/v2\/types\/post"}],"author":[{"embeddable":true,"href":"https:\/\/www.europesays.com\/fi\/wp-json\/wp\/v2\/users\/2"}],"replies":[{"embeddable":true,"href":"https:\/\/www.europesays.com\/fi\/wp-json\/wp\/v2\/comments?post=203630"}],"version-history":[{"count":0,"href":"https:\/\/www.europesays.com\/fi\/wp-json\/wp\/v2\/posts\/203630\/revisions"}],"wp:featuredmedia":[{"embeddable":true,"href":"https:\/\/www.europesays.com\/fi\/wp-json\/wp\/v2\/media\/203631"}],"wp:attachment":[{"href":"https:\/\/www.europesays.com\/fi\/wp-json\/wp\/v2\/media?parent=203630"}],"wp:term":[{"taxonomy":"category","embeddable":true,"href":"https:\/\/www.europesays.com\/fi\/wp-json\/wp\/v2\/categories?post=203630"},{"taxonomy":"post_tag","embeddable":true,"href":"https:\/\/www.europesays.com\/fi\/wp-json\/wp\/v2\/tags?post=203630"}],"curies":[{"name":"wp","href":"https:\/\/api.w.org\/{rel}","templated":true}]}}