{"id":203738,"date":"2026-03-25T14:59:10","date_gmt":"2026-03-25T14:59:10","guid":{"rendered":"https:\/\/www.europesays.com\/fi\/203738\/"},"modified":"2026-03-25T14:59:10","modified_gmt":"2026-03-25T14:59:10","slug":"miten-tieteellisesti-pateva-operaatio-ave-maria-on-nain-neil-degrasse-tyson-kommentoi-elokuvaa","status":"publish","type":"post","link":"https:\/\/www.europesays.com\/fi\/203738\/","title":{"rendered":"Miten tieteellisesti p\u00e4tev\u00e4 Operaatio Ave Maria on? N\u00e4in Neil deGrasse Tyson kommentoi elokuvaa"},"content":{"rendered":"<p>Andy Weirin romaaniin pohjautuva Operaatio Ave Maria julkaistiin elokuvateattereissa viime viikolla.<\/p>\n<p>Kirjailija Andy Weir sekoittaa romaaneissaan oikeaa tiedett\u00e4 ja fiktiota. T\u00e4h\u00e4n samaan pyrkii my\u00f6s uusin Weirin romaaniin pohjautuva elokuva <a href=\"https:\/\/muropaketti.com\/avainsana\/project-hail-mary\/\" rel=\"nofollow noopener\" target=\"_blank\">Operaatio Ave Maria (Project Hail Mary)<\/a>.<\/p>\n<p>Elokuvan ohjanneet Phil Lord ja Christopher Miller paljastavat saaneensa elokuvalleen siunauksen my\u00f6s Neil deGrasse Tysonilta, astrofyysikolta, joka tunnetaan kuuluisana tieteen popularisoijana.<\/p>\n<p><a href=\"https:\/\/www.youtube.com\/watch?v=HMZM_DN_aTU\" target=\"_blank\" rel=\"noreferrer noopener nofollow\">Sirius XM:n <\/a>haastattelussa ohjaajat kertovat fyysikon olleen heid\u00e4n juhlissaan edellisen\u00e4 iltana ja heist\u00e4 jokainen halusi kuulla t\u00e4m\u00e4n mielipiteen. Aiemminkin elokuvia tieteen n\u00e4k\u00f6kulmasta arvioinut Tyson n\u00e4ytti uutuudelle vihre\u00e4\u00e4 valoa.<\/p>\n<p>\u201cH\u00e4n sanoi, ett\u00e4 saimme esitetty\u00e4 tieteen oikein. L\u00e4p\u00e4isimme Neil deGrasse Tysonin testin\u201d, Miller kertoo.<\/p>\n<p>Operaatio Ave Marian p\u00e4\u00e4osaa esitt\u00e4\u00e4 Ryan Gosling, joka kannattelee \u201cyksin avaruudessa\u201d -tyyppist\u00e4 elokuvaa harteillaan.<\/p>\n","protected":false},"excerpt":{"rendered":"Andy Weirin romaaniin pohjautuva Operaatio Ave Maria julkaistiin elokuvateattereissa viime viikolla. Kirjailija Andy Weir sekoittaa romaaneissaan oikeaa tiedett\u00e4&hellip;\n","protected":false},"author":2,"featured_media":203739,"comment_status":"","ping_status":"","sticky":false,"template":"","format":"standard","meta":{"footnotes":"","_share_on_mastodon":"0"},"categories":[130],"tags":[30037,137,33,31,30,30983,18490,32,109],"class_list":["post-203738","post","type-post","status-publish","format-standard","has-post-thumbnail","category-viihde","tag-andy-weir","tag-entertainment","tag-fi","tag-finland","tag-finnish","tag-neil-degrasse-tyson","tag-project-hail-mary","tag-suomi","tag-viihde"],"share_on_mastodon":{"url":"https:\/\/pubeurope.com\/@fi\/116290411810077405","error":""},"_links":{"self":[{"href":"https:\/\/www.europesays.com\/fi\/wp-json\/wp\/v2\/posts\/203738","targetHints":{"allow":["GET"]}}],"collection":[{"href":"https:\/\/www.europesays.com\/fi\/wp-json\/wp\/v2\/posts"}],"about":[{"href":"https:\/\/www.europesays.com\/fi\/wp-json\/wp\/v2\/types\/post"}],"author":[{"embeddable":true,"href":"https:\/\/www.europesays.com\/fi\/wp-json\/wp\/v2\/users\/2"}],"replies":[{"embeddable":true,"href":"https:\/\/www.europesays.com\/fi\/wp-json\/wp\/v2\/comments?post=203738"}],"version-history":[{"count":0,"href":"https:\/\/www.europesays.com\/fi\/wp-json\/wp\/v2\/posts\/203738\/revisions"}],"wp:featuredmedia":[{"embeddable":true,"href":"https:\/\/www.europesays.com\/fi\/wp-json\/wp\/v2\/media\/203739"}],"wp:attachment":[{"href":"https:\/\/www.europesays.com\/fi\/wp-json\/wp\/v2\/media?parent=203738"}],"wp:term":[{"taxonomy":"category","embeddable":true,"href":"https:\/\/www.europesays.com\/fi\/wp-json\/wp\/v2\/categories?post=203738"},{"taxonomy":"post_tag","embeddable":true,"href":"https:\/\/www.europesays.com\/fi\/wp-json\/wp\/v2\/tags?post=203738"}],"curies":[{"name":"wp","href":"https:\/\/api.w.org\/{rel}","templated":true}]}}