{"id":203849,"date":"2026-03-25T17:53:08","date_gmt":"2026-03-25T17:53:08","guid":{"rendered":"https:\/\/www.europesays.com\/fi\/203849\/"},"modified":"2026-03-25T17:53:08","modified_gmt":"2026-03-25T17:53:08","slug":"jasmin-vahakangas-lapsipaljastus-seiska","status":"publish","type":"post","link":"https:\/\/www.europesays.com\/fi\/203849\/","title":{"rendered":"Jasmin V\u00e4h\u00e4kangas: Lapsipaljastus! | Seiska"},"content":{"rendered":"<p>            Kuva: Ville Honkonen\n        <\/p>\n<p class=\"subtitle \">Jasminin esikoispoika t\u00e4ytti maaliskuussa vuoden.<\/p>\n<p class=\"article-content article-content-width !bg-background\">Malli  juhlisti hiljattain ainutlaatuista hetke\u00e4, kun h\u00e4nen ainokaisensa  t\u00e4ytti vuoden.\u00a0<\/p>\n<p class=\"font-weight-bold m-font-weight-bold article-content article-content-width !bg-background\">Video: Jasmin V\u00e4h\u00e4kangas avautuu pelottavasta tilanteesta:<\/p>\n<p class=\"article-content article-content-width !bg-background\">Merkkip\u00e4iv\u00e4\u00e4 vietettiin kakkukahvein Jasminin ja h\u00e4nen aviomiehens\u00e4  kotona Oulussa. Kuten usein on tapana, sai p\u00e4iv\u00e4nsankari niin lahjoja kuin kakkuakin.\u00a0<\/p>\n<p>Ensimm\u00e4inen kerta<\/p>\n<p class=\"article-content article-content-width !bg-background\">Ik\u00e4\u00e4ntyminen tuo mukanaan huvitusten lis\u00e4ksi my\u00f6s velvollisuuksia. Suomessa ne alkavat jo 1-vuotiaana, sill\u00e4 sen ik\u00e4isen\u00e4 koittaa yleens\u00e4 ensimm\u00e4inen hammastarkastus. Niin my\u00f6s Ossianilla, <a href=\"https:\/\/www.instagram.com\/p\/DWS10FdCNG9\/?img_index=6\" target=\"_blank\" rel=\"nofollow noopener\">kertoo Jasmin Instagramissa<\/a> (25.3.).<\/p>\n<p>                <img decoding=\"async\" src=\"https:\/\/www.europesays.com\/fi\/wp-content\/uploads\/2026\/03\/2111893.webp.jpeg\" width=\"576\" height=\"764\" alt=\"Jasmin ja Marko meniv\u00e4t naimisiin Oulun maistraatissa kes\u00e4ll\u00e4 2023.\" loading=\"lazy\" \/>            <\/p>\n<p>\n            Jasmin ja Marko meniv\u00e4t naimisiin Oulun maistraatissa kes\u00e4ll\u00e4 2023.<br \/>\n            Markku Ruottinen\n        <\/p>\n<p class=\"article-content article-content-width !bg-background\">\u2013 Kaikki n\u00e4ytti oikein hyv\u00e4lt\u00e4 ja hoitajalta saatiin isot kehut siit\u00e4, miten Ossian tykk\u00e4\u00e4 pest\u00e4 hampaitaan, Jasmin iloitsee julkaisussa.<\/p>\n<p class=\"article-content article-content-width !bg-background\">Kiitosta pieni poika sai my\u00f6s juomatavoistaan. Jasminin sanoin Ossian rakastaa juoda piim\u00e4\u00e4, mik\u00e4 sekin tekee hyv\u00e4\u00e4 hampaille ja luustolle.\u00a0<\/p>\n<p>        <a itemprop=\"url\" href=\"https:\/\/www.seiska.fi\/kotimaa\/jasmin-vahakankaan-uusi-vauva-arki-parjaamme-kaksin\/2101699\" rel=\"nofollow noopener\" target=\"_blank\"><\/p>\n<p>\nJasmin V\u00e4h\u00e4nkankaan uusi vauva-arki:\n<\/p>\n<p class=\"section-date\">\n        <strong class=\"article-section\" data-section=\"kotimaa\"><br \/>\n            kotimaa<br \/>\n        <\/strong><br \/>\n        13.3. 15:27\n    <\/p>\n<p>Jasmin V\u00e4h\u00e4kankaan uusi vauva-arki: &#8221;P\u00e4rj\u00e4\u00e4mme kaksin&#8221;\n    <\/p>\n<p itemprop=\"description\" class=\"subtitle \">\n    Jasmin ja Marko saivat esikoisensa vuosi sitten.\n<\/p>\n<p>        <\/a><\/p>\n<p class=\"article-content article-content-width !bg-background\">\u2013 Siit\u00e4 min\u00e4kin kyll\u00e4 iloitsen p\u00e4ivitt\u00e4in, sill\u00e4 vihdoinkin mulla on piim\u00e4kaveri! Jasmin riemuitsee.\u00a0<\/p>\n<p>Hoitaja paljasti yll\u00e4tyksen<\/p>\n<p class=\"article-content article-content-width !bg-background\">Lapsosen ensimm\u00e4inen hammastarkastus on siis sujunut hienosti. Hammashoitaja kuitenkin havaitsi jotain, mik\u00e4 Jasminilta oli j\u00e4\u00e4nyt huomaamatta.\u00a0<\/p>\n<p class=\"article-content article-content-width !bg-background\">\u2013 P\u00e4iv\u00e4n yll\u00e4ripyll\u00e4ri tuli siin\u00e4, kun Ossianin hampaat laskettiin. Luulin oman tarkastukseni pohjalta niit\u00e4 olevan kymmenen, mutta niit\u00e4 onkin jo KAKSITOISTA. Aikamoista! Jasmin h\u00e4mm\u00e4stelee \u00e4itim\u00e4ist\u00e4 intoa puhkuen.\u00a0<\/p>\n<p>\u00c4iti keinot keksii<\/p>\n<p class=\"article-content article-content-width !bg-background\">Vanhemmuus on t\u00e4ynn\u00e4 ihmeiden aiheita. Parisen viikkoa sitten Jasmin kummasteli somessa, miten vauvavuosi voi olla jo takanap\u00e4in.<\/p>\n<p class=\"article-content article-content-width !bg-background\">\u2013\u00a0Miten \u00e4kki\u00e4 t\u00e4\u00e4 vuosi on mennyt? Oonko ehtinyt arvostaa jokaista hetke\u00e4 tarpeeksi? Enh\u00e4n ole missannut mit\u00e4\u00e4n? Jasmin kertoi kriiseilyst\u00e4\u00e4n.\u00a0<\/p>\n<p>        <a itemprop=\"url\" href=\"https:\/\/www.seiska.fi\/kotimaa\/hups-jasmin-vahakankaalle-kavi-nolosti\/2062566\" rel=\"nofollow noopener\" target=\"_blank\"><\/p>\n<p>\nJasmin V\u00e4h\u00e4kangas:\n<\/p>\n<p class=\"section-date\">\n        <strong class=\"article-section\" data-section=\"kotimaa\"><br \/>\n            kotimaa<br \/>\n        <\/strong><br \/>\n        1.2. 11:27\n    <\/p>\n<p>Hups! Jasmin V\u00e4h\u00e4kankaalle k\u00e4vi nolosti\n    <\/p>\n<p itemprop=\"description\" class=\"subtitle \">\n    Jasmin my\u00f6nt\u00e4\u00e4 hassun k\u00f6mm\u00e4hdyksens\u00e4 Instagramissa.\n<\/p>\n<p>        <\/a><\/p>\n<p class=\"article-content article-content-width !bg-background\">H\u00e4n tuli kuitenkin lopputulokseen, ett\u00e4 on rakastanut jokaista hetke\u00e4 poikansa kanssa.\u00a0<\/p>\n<p class=\"article-content article-content-width !bg-background\">Jasmin paljasti samassa yhteydess\u00e4 my\u00f6s kekseli\u00e4\u00e4n tapansa, josta iloa riitt\u00e4\u00e4 niin \u00e4idille kuin lapsellekin.\u00a0<\/p>\n<p class=\"article-content article-content-width !bg-background\">\u2013\u00a0Ossian k\u00e4ytt\u00e4\u00e4 joka aamu ruutuaikansa 10 minsan YLEn jumppahetkeen.<\/p>\n<p><script async src=\"\/\/www.instagram.com\/embed.js\"><\/script><\/p>\n","protected":false},"excerpt":{"rendered":"Kuva: Ville Honkonen Jasminin esikoispoika t\u00e4ytti maaliskuussa vuoden. Malli juhlisti hiljattain ainutlaatuista hetke\u00e4, kun h\u00e4nen ainokaisensa t\u00e4ytti vuoden.\u00a0&hellip;\n","protected":false},"author":2,"featured_media":203850,"comment_status":"","ping_status":"","sticky":false,"template":"","format":"standard","meta":{"footnotes":"","_share_on_mastodon":"0"},"categories":[136],"tags":[3579,407,137,33,31,30,30993,11299,408,1127,16260,98,1128,32,410,167,3342,109],"class_list":["post-203849","post","type-post","status-publish","format-standard","has-post-thumbnail","category-julkkikset","tag-arki","tag-celebrities","tag-entertainment","tag-fi","tag-finland","tag-finnish","tag-hammastarkastus","tag-jasmin-vahakangas","tag-julkkikset","tag-lapsi","tag-ossian","tag-perhe","tag-poika","tag-suomi","tag-syntymapaiva","tag-terveys","tag-vanhemmuus","tag-viihde"],"share_on_mastodon":{"url":"https:\/\/pubeurope.com\/@fi\/116291096169170170","error":""},"_links":{"self":[{"href":"https:\/\/www.europesays.com\/fi\/wp-json\/wp\/v2\/posts\/203849","targetHints":{"allow":["GET"]}}],"collection":[{"href":"https:\/\/www.europesays.com\/fi\/wp-json\/wp\/v2\/posts"}],"about":[{"href":"https:\/\/www.europesays.com\/fi\/wp-json\/wp\/v2\/types\/post"}],"author":[{"embeddable":true,"href":"https:\/\/www.europesays.com\/fi\/wp-json\/wp\/v2\/users\/2"}],"replies":[{"embeddable":true,"href":"https:\/\/www.europesays.com\/fi\/wp-json\/wp\/v2\/comments?post=203849"}],"version-history":[{"count":0,"href":"https:\/\/www.europesays.com\/fi\/wp-json\/wp\/v2\/posts\/203849\/revisions"}],"wp:featuredmedia":[{"embeddable":true,"href":"https:\/\/www.europesays.com\/fi\/wp-json\/wp\/v2\/media\/203850"}],"wp:attachment":[{"href":"https:\/\/www.europesays.com\/fi\/wp-json\/wp\/v2\/media?parent=203849"}],"wp:term":[{"taxonomy":"category","embeddable":true,"href":"https:\/\/www.europesays.com\/fi\/wp-json\/wp\/v2\/categories?post=203849"},{"taxonomy":"post_tag","embeddable":true,"href":"https:\/\/www.europesays.com\/fi\/wp-json\/wp\/v2\/tags?post=203849"}],"curies":[{"name":"wp","href":"https:\/\/api.w.org\/{rel}","templated":true}]}}