{"id":204130,"date":"2026-03-26T01:25:10","date_gmt":"2026-03-26T01:25:10","guid":{"rendered":"https:\/\/www.europesays.com\/fi\/204130\/"},"modified":"2026-03-26T01:25:10","modified_gmt":"2026-03-26T01:25:10","slug":"tieteen-uusi-edistysaskel-antimateriaa-kuljetettiin-ensi-kertaa-autolla-uutisia-lyhyesti","status":"publish","type":"post","link":"https:\/\/www.europesays.com\/fi\/204130\/","title":{"rendered":"Tieteen uusi edistysaskel: antimateriaa kuljetettiin ensi kertaa autolla | Uutisia lyhyesti"},"content":{"rendered":"<p class=\"aw-1gybjub aw-5vja16 kEtdKx kmuxyA yle__article__paragraph\">Tutkijat joutuivat pelk\u00e4\u00e4m\u00e4\u00e4n antimaterian r\u00e4j\u00e4hdyst\u00e4, annihilaatiota.<\/p>\n<p><img decoding=\"async\" alt=\"Metallista kuljetuslaatikkoa lastataan kuorma-autoon.\" src=\"https:\/\/www.europesays.com\/fi\/wp-content\/uploads\/2026\/03\/1774488310_121_39-161698769c2cf6cafbae.jpeg\" class=\"aw-1l9m598 hKVVvP\"\/><\/p>\n<p>Avaa kuvien katselu<\/p>\n<p>Cernin k\u00e4ytt\u00e4m\u00e4 antimaterian kuljetuslaatikko. Kuva: Salvatore di Nolfi \/ EPA<\/p>\n<p class=\"aw-1gybjub aw-1p7kakr kEtdKx cEmitX yle__article__paragraph\">Euroopan ydintutkimuskeskuksessa Cerniss\u00e4 tehtiin t\u00e4n\u00e4\u00e4n erikoinen koeajo, jossa ensi kertaa historiassa tutkijat kuljettivat antimateriahiukkasia auton lavalla.<\/p>\n<p class=\"aw-1gybjub aw-1p7kakr kEtdKx cEmitX yle__article__paragraph\">Antimateria on \u00e4\u00e4rimm\u00e4isen vaikeaa kuljetettavaksi, koska jos antimateriahiukkanen koskettaa materiahiukkasta, molemmat tuhoavat toisensa energiapurkauksessa, jota tutkijat kutsuvat annihilaatioksi.<\/p>\n<p class=\"aw-1gybjub aw-1p7kakr kEtdKx cEmitX yle__article__paragraph\">Sveitsiss\u00e4 sijaitseva Cern on maailman ainoa laboratorio maailmassa, joka pystyy valmistamaan antiprotoneita. Niit\u00e4 halutaan siirt\u00e4\u00e4 muihinkin laboratorioihin tutkittavaksi.<\/p>\n<p class=\"aw-1gybjub aw-1p7kakr kEtdKx cEmitX yle__article__paragraph\">Cerniss\u00e4 antiprotoneita kuljetettiin kuorma-auton lavalle nostetussa, l\u00e4hes tonnin painoisessa laatikossa noin kymmenen kilometri\u00e4. Protonit olivat tyhji\u00f6ss\u00e4 ja niit\u00e4 pitiv\u00e4t liikkumattomina magneetit, joiden l\u00e4mp\u00f6tila oli -268 astetta.<\/p>\n<p class=\"aw-1gybjub aw-1p7kakr kEtdKx cEmitX yle__article__paragraph\">Tutkijat olivat tyytyv\u00e4isi\u00e4 koeajoon. Antiprotonit eiv\u00e4t p\u00e4\u00e4sseet liikkumaan kuljetuksen aikana, joten annihilaatiota ei tapahtunut. Se olisi tosin ollut niin pieni, ettei sit\u00e4 olisi havainnut ihmissilm\u00e4ll\u00e4.<\/p>\n<p class=\"aw-1gybjub aw-1p7kakr kEtdKx cEmitX yle__article__paragraph\">Kuljetuksessa oli varovaisuussyist\u00e4 mukana vain 92 antiprotoniatomia.<\/p>\n<p class=\"aw-1gybjub aw-1p7kakr kEtdKx cEmitX yle__article__paragraph\">Antimateria on aineen muoto, joka koostuu tavallisen aineen hiukkasten vastakappaleista eli antihiukkasista. Antimaterialla on vastakkainen s\u00e4hk\u00f6varaus kuin materialla. Antimateriaa syntyi alkur\u00e4j\u00e4hdyksess\u00e4, mutta tutkijat yritt\u00e4v\u00e4t selvitt\u00e4\u00e4, miksi materiaa n\u00e4ytt\u00e4\u00e4 syntyneen paljon enemm\u00e4n.<\/p>\n<p class=\"aw-1gybjub aw-1p7kakr kEtdKx cEmitX yle__article__paragraph\">L\u00e4hteet: AP, AFP<\/p>\n","protected":false},"excerpt":{"rendered":"Tutkijat joutuivat pelk\u00e4\u00e4m\u00e4\u00e4n antimaterian r\u00e4j\u00e4hdyst\u00e4, annihilaatiota. Avaa kuvien katselu Cernin k\u00e4ytt\u00e4m\u00e4 antimaterian kuljetuslaatikko. Kuva: Salvatore di Nolfi \/&hellip;\n","protected":false},"author":2,"featured_media":203714,"comment_status":"","ping_status":"","sticky":false,"template":"","format":"standard","meta":{"footnotes":"","_share_on_mastodon":"0"},"categories":[112],"tags":[1935,33,31,30,11543,118,32,119,472,56],"class_list":["post-204130","post","type-post","status-publish","format-standard","has-post-thumbnail","category-tiede","tag-cern","tag-fi","tag-finland","tag-finnish","tag-laboratoriot","tag-science","tag-suomi","tag-tiede","tag-tutkimus","tag-ulkomaat"],"share_on_mastodon":{"url":"https:\/\/pubeurope.com\/@fi\/116292873424678998","error":""},"_links":{"self":[{"href":"https:\/\/www.europesays.com\/fi\/wp-json\/wp\/v2\/posts\/204130","targetHints":{"allow":["GET"]}}],"collection":[{"href":"https:\/\/www.europesays.com\/fi\/wp-json\/wp\/v2\/posts"}],"about":[{"href":"https:\/\/www.europesays.com\/fi\/wp-json\/wp\/v2\/types\/post"}],"author":[{"embeddable":true,"href":"https:\/\/www.europesays.com\/fi\/wp-json\/wp\/v2\/users\/2"}],"replies":[{"embeddable":true,"href":"https:\/\/www.europesays.com\/fi\/wp-json\/wp\/v2\/comments?post=204130"}],"version-history":[{"count":0,"href":"https:\/\/www.europesays.com\/fi\/wp-json\/wp\/v2\/posts\/204130\/revisions"}],"wp:featuredmedia":[{"embeddable":true,"href":"https:\/\/www.europesays.com\/fi\/wp-json\/wp\/v2\/media\/203714"}],"wp:attachment":[{"href":"https:\/\/www.europesays.com\/fi\/wp-json\/wp\/v2\/media?parent=204130"}],"wp:term":[{"taxonomy":"category","embeddable":true,"href":"https:\/\/www.europesays.com\/fi\/wp-json\/wp\/v2\/categories?post=204130"},{"taxonomy":"post_tag","embeddable":true,"href":"https:\/\/www.europesays.com\/fi\/wp-json\/wp\/v2\/tags?post=204130"}],"curies":[{"name":"wp","href":"https:\/\/api.w.org\/{rel}","templated":true}]}}