{"id":20421,"date":"2025-08-30T05:27:07","date_gmt":"2025-08-30T05:27:07","guid":{"rendered":"https:\/\/www.europesays.com\/fi\/20421\/"},"modified":"2025-08-30T05:27:07","modified_gmt":"2025-08-30T05:27:07","slug":"seiska-makwan-amirkhanin-salaisuus-paljastui-tuli-kalliiksi","status":"publish","type":"post","link":"https:\/\/www.europesays.com\/fi\/20421\/","title":{"rendered":"Seiska: Makwan Amirkhanin salaisuus paljastui \u2013 tuli kalliiksi"},"content":{"rendered":"<p>Kohun keskelle <strong>Mira Luodin<\/strong> paljastuksen my\u00f6t\u00e4 joutunut <strong>Makwan Amirkhan<\/strong> kertoi aiemmin sometilins\u00e4 kautta tilanteestaan. Siin\u00e4 h\u00e4nen mukaansa h\u00e4nest\u00e4 julkisuuteen kerrotut vakavat v\u00e4itteet eiv\u00e4t pid\u00e4 paikkaansa.<\/p>\n<p>\u2013 Kiist\u00e4n ehdottomasti syyllistyneeni mink\u00e4\u00e4nlaisiin lainvastaisiin tekoihin, kirjoitti Makwan.<\/p>\n<p>Nyt Seiska on saanut selville, ett\u00e4 Makwan on saanut rikostuomion. Se ei liity Luotiin eik\u00e4 kovin pitk\u00e4lle menneisyyteen, vaan viime vuoden tapahtumiin. Sen my\u00f6t\u00e4 h\u00e4net on tuomittu t\u00e4m\u00e4n vuoden tammikuussa t\u00f6rke\u00e4st\u00e4 liikenneturvallisuuden vaarantamisesta.<\/p>\n<p>Jos upotus ei n\u00e4y, avaa se auki <a href=\"https:\/\/www.instagram.com\/p\/DNunsrbWpWP\/?utm_source=ig_web_copy_link&amp;igsh=MzRlODBiNWFlZA==\" target=\"_blank\" rel=\"noreferrer noopener nofollow\">t\u00e4st\u00e4<\/a>.<\/p>\n<p>Makwan sai suuren sakon maksettavakseen<\/p>\n<p>Makwanin saama tuomio liittyy autolla kaahaamiseen. Seiskan saamien tietojen mukaan h\u00e4n oli ajanut viime vuoden syyskuussa Salossa autoa 60 kilometrin tuntinopeusalueella 130 kilometrin tuntinopeudella. H\u00e4nen kyydiss\u00e4\u00e4n oli ollut toinen henkil\u00f6, ja tiell\u00e4 oli ollut tuolloin paljon liikennett\u00e4.<\/p>\n<p>Tiell\u00e4 oli ollut tekoaikaan tiet\u00f6it\u00e4 ja poikkeusrajoituksia.\u00a0Makwanin mukaan yksi kaista oli suljettu, ja h\u00e4n oli kiihdytt\u00e4nyt bussin eteen toiselle kaistalle.<\/p>\n<p>Seiskassa tiedet\u00e4\u00e4n kertoa Makwanin saaneen kaahauksestaan rangaistuksena 60 p\u00e4iv\u00e4sakkoa, joka h\u00e4nen tuloillaan tarkoitti 3 360 euroa. Sen p\u00e4\u00e4lle h\u00e4net m\u00e4\u00e4r\u00e4ttiin maksamaan 80 euron rikosuhrimaksu.<\/p>\n<p>Tuomio ei ole viel\u00e4 lopullinen, sill\u00e4 Amirkhani on tehnyt siit\u00e4 valituksen p\u00e4iv\u00e4sakon osalta.<\/p>\n<p>Kuka on Makwan?<\/p>\n<p>Makwan on syntynyt Iranissa vuonna 1988. H\u00e4n asui perheens\u00e4 kanssa pakolaisleirill\u00e4 Irakissa ja muutti sielt\u00e4 Suomeen vuonna 1993. H\u00e4nell\u00e4 on nyt Suomen kansalaisuus.<\/p>\n<p>Makwan on vapaaottelija ja h\u00e4n kilpailee suomalaisessa Ice Cage Fighting organisaatiossa. H\u00e4n aloitti painin harjoittelemisen l\u00e4hes heti sen j\u00e4lkeen, kun muutti Suomeen.<\/p>\n<p>Makwanilta l\u00f6ytyy painin lis\u00e4ksi muutakin taustaa. H\u00e4n osallistui esimerkiksi vuonna 2012 Mr. Finland -kilpailuun, jossa h\u00e4n sijoittui ensimm\u00e4iseksi perint\u00f6prinssiksi. Vuonna 2015 h\u00e4net valittiin Vuoden turkulaiseksi. Siit\u00e4 seuraavana vuonna h\u00e4n osallistui Nelosen esitt\u00e4m\u00e4\u00e4n Julkkisselviytyj\u00e4t-ohjelmaan, johon liittyen on noussut nyt Luotiin liittyv\u00e4 kohu.<\/p>\n<p>L\u00e4hde: <a href=\"https:\/\/www.seiska.fi\/rikos\/makwan-amirkhani-rikostuomio-paljastui\/1913024\" target=\"_blank\" rel=\"noreferrer noopener nofollow\">Seiska<\/a><\/p>\n<p>Lue my\u00f6s: <a href=\"https:\/\/www.como.fi\/tilaa-comon-uutiskirje\/\" title=\"Tilaa Comon uutiskirje ja tied\u00e4t mist\u00e4 kahvitauolla puhutaan! Nappaa kotimaan tv-vinkit ja puheenaiheet suoraan s\u00e4hk\u00f6postiin t\u00e4st\u00e4.\" class=\"underline-custom !font-montserrat !font-bold !underline-offset-4 !decoration-4 !decoration-red-600 !text-md\" rel=\"nofollow noopener\" target=\"_blank\">Tilaa Comon uutiskirje ja tied\u00e4t mist\u00e4 kahvitauolla puhutaan! Nappaa kotimaan tv-vinkit ja puheenaiheet suoraan s\u00e4hk\u00f6postiin t\u00e4st\u00e4.<\/a><\/p>\n<p>\t\t\t\t<script async src=\"\/\/www.instagram.com\/embed.js\"><\/script><\/p>\n","protected":false},"excerpt":{"rendered":"Kohun keskelle Mira Luodin paljastuksen my\u00f6t\u00e4 joutunut Makwan Amirkhan kertoi aiemmin sometilins\u00e4 kautta tilanteestaan. Siin\u00e4 h\u00e4nen mukaansa h\u00e4nest\u00e4&hellip;\n","protected":false},"author":2,"featured_media":20422,"comment_status":"","ping_status":"","sticky":false,"template":"","format":"standard","meta":{"footnotes":""},"categories":[130],"tags":[137,33,31,30,5875,32,109],"class_list":{"0":"post-20421","1":"post","2":"type-post","3":"status-publish","4":"format-standard","5":"has-post-thumbnail","7":"category-viihde","8":"tag-entertainment","9":"tag-fi","10":"tag-finland","11":"tag-finnish","12":"tag-makwan-amirkhani","13":"tag-suomi","14":"tag-viihde"},"share_on_mastodon":{"url":"","error":""},"_links":{"self":[{"href":"https:\/\/www.europesays.com\/fi\/wp-json\/wp\/v2\/posts\/20421","targetHints":{"allow":["GET"]}}],"collection":[{"href":"https:\/\/www.europesays.com\/fi\/wp-json\/wp\/v2\/posts"}],"about":[{"href":"https:\/\/www.europesays.com\/fi\/wp-json\/wp\/v2\/types\/post"}],"author":[{"embeddable":true,"href":"https:\/\/www.europesays.com\/fi\/wp-json\/wp\/v2\/users\/2"}],"replies":[{"embeddable":true,"href":"https:\/\/www.europesays.com\/fi\/wp-json\/wp\/v2\/comments?post=20421"}],"version-history":[{"count":0,"href":"https:\/\/www.europesays.com\/fi\/wp-json\/wp\/v2\/posts\/20421\/revisions"}],"wp:featuredmedia":[{"embeddable":true,"href":"https:\/\/www.europesays.com\/fi\/wp-json\/wp\/v2\/media\/20422"}],"wp:attachment":[{"href":"https:\/\/www.europesays.com\/fi\/wp-json\/wp\/v2\/media?parent=20421"}],"wp:term":[{"taxonomy":"category","embeddable":true,"href":"https:\/\/www.europesays.com\/fi\/wp-json\/wp\/v2\/categories?post=20421"},{"taxonomy":"post_tag","embeddable":true,"href":"https:\/\/www.europesays.com\/fi\/wp-json\/wp\/v2\/tags?post=20421"}],"curies":[{"name":"wp","href":"https:\/\/api.w.org\/{rel}","templated":true}]}}