{"id":20423,"date":"2025-08-30T05:30:11","date_gmt":"2025-08-30T05:30:11","guid":{"rendered":"https:\/\/www.europesays.com\/fi\/20423\/"},"modified":"2025-08-30T05:30:11","modified_gmt":"2025-08-30T05:30:11","slug":"tassa-ovat-suomen-puolustusteollisuuden-ykkosfirmat-patria-millog-forcit-nammo-with-secure-talous","status":"publish","type":"post","link":"https:\/\/www.europesays.com\/fi\/20423\/","title":{"rendered":"T\u00e4ss\u00e4 ovat Suomen puolustus\u00adteollisuuden ykk\u00f6sfirmat: Patria, Millog, Forcit, Nammo, With Secure&#8230; | Talous"},"content":{"rendered":"<p class=\"sc-jYczwO sc-ciCoXh bUKqJd cIOueB yle__article__paragraph\">Puolustus- ja ilmailuteollisuus PIA ry:n kymmenen suurimman puolustussektorin j\u00e4senyrityksen joukossa oli viime vuonna per\u00e4ti jo nelj\u00e4 IT-yrityst\u00e4.<\/p>\n<p class=\"sc-jYczwO sc-ciCoXh bUKqJd cIOueB yle__article__paragraph\">Keih\u00e4\u00e4nk\u00e4rken\u00e4 pysyi silti perinteisen puolustusv\u00e4lineteollisuuden Patria-konserni.<\/p>\n<p class=\"sc-jYczwO sc-ciCoXh bUKqJd cIOueB yle__article__paragraph\">Valtiot ymp\u00e4ri Eurooppaa syyt\u00e4v\u00e4t nyt miljardeja puolustukseen, koska geopoliittinen tilanne on Ven\u00e4j\u00e4n hy\u00f6kk\u00e4yssodan vuoksi ep\u00e4vakaa. My\u00f6s <a class=\"sc-jDJeIs gotUgl yle__article__link\" href=\"https:\/\/yle.fi\/a\/74-20168770\" role=\"link\" rel=\"nofollow noopener\" target=\"_blank\">Naton merkitys Euroopan puolustajana on <\/a>muutoksessa.<\/p>\n<p class=\"sc-jYczwO sc-ciCoXh bUKqJd cIOueB yle__article__paragraph\">Viimeksi <a class=\"sc-jDJeIs gotUgl yle__article__link\" href=\"https:\/\/yle.fi\/a\/74-20179300\" role=\"link\" rel=\"nofollow noopener\" target=\"_blank\">maavoimat kertoi valtavasta uudistuksesta<\/a>. K\u00e4ytt\u00f6\u00f6n aiotaan ottaa jalkav\u00e4kimiinojen lis\u00e4ksi esimerkiksi erilaisia miehitt\u00e4m\u00e4tt\u00f6mi\u00e4 j\u00e4rjestelmi\u00e4.<\/p>\n<p class=\"sc-jYczwO sc-ciCoXh bUKqJd cIOueB yle__article__paragraph\">Suomalaisen puolustus- ja ilmailuteollisuuden koko oli viime vuonna vajaat kolme miljardia euroa ja kasvu jatkuu. Vientiluvat ovat Ukrainan sodan takia nousseet enn\u00e4tystasolle.<\/p>\n<p class=\"sc-jYczwO sc-ciCoXh bUKqJd cIOueB yle__article__paragraph\">Pysyvien vienti- ja siirtolupien yhteisarvo oli viime vuonna 1,4 miljardia euroa, kun vuonna 2023 summa oli 667 miljoonaa euroa. Ala ty\u00f6llisti 12 000 suomalaista.<\/p>\n<p class=\"sc-jYczwO sc-ciCoXh bUKqJd cIOueB yle__article__paragraph\"><strong class=\"sc-eEHciv gtNhAX yle__article__strong\">T\u00e4ss\u00e4 jutussa k\u00e4yd\u00e4\u00e4n l\u00e4pi PIA:n mukaan Suomen puolustusteollisuuden merkitt\u00e4vimpi\u00e4 yrityksi\u00e4. Liikevaihtotiedot Yle ker\u00e4si julkisista l\u00e4hteist\u00e4. Katso lista t\u00e4st\u00e4:<\/strong><\/p>\n<p>1. Patrian kumipy\u00f6r\u00e4vaunu valloittaa markkinoita<\/p>\n<p class=\"sc-jYczwO sc-ciCoXh bUKqJd cIOueB yle__article__paragraph\">Puolustusteollisuutemme suurin yritys on Patria, jonka <a class=\"sc-jDJeIs gotUgl yle__article__link\" href=\"https:\/\/yle.fi\/a\/74-20175904\" role=\"link\" rel=\"nofollow noopener\" target=\"_blank\">miehist\u00f6nkuljetusvaunuja <\/a>ja niiden valmistuslisenssej\u00e4 on myyty Puolaan ja Japaniin saakka.<\/p>\n<p class=\"sc-jYczwO sc-ciCoXh bUKqJd cIOueB yle__article__paragraph\">Ajoneuvo-otsikoiden takana Patria on monessa mukana. Viime kes\u00e4n\u00e4 se esimerkiksi osti droonij\u00e4rjestelmi\u00e4 valmistavan Nordic Dronesin ja tarjoaa jo kolmea erilaista droonij\u00e4rjestelm\u00e4\u00e4.<\/p>\n<p class=\"sc-jYczwO sc-ciCoXh bUKqJd cIOueB yle__article__paragraph\">Patria valmistaa my\u00f6s 120 mm:n kranaatinheittimi\u00e4, joita voi helposti asentaa ajoneuvoihin, veneisiin tai standardikonttiin.<\/p>\n<p class=\"sc-jYczwO sc-ciCoXh bUKqJd cIOueB yle__article__paragraph\">Yhti\u00f6 vakuuttaa, ett\u00e4 kentt\u00e4tykkien osaaminenkin on tallella, jos tarve tulee.<\/p>\n<p class=\"sc-jYczwO sc-ciCoXh bUKqJd cIOueB yle__article__paragraph\">Erityisesti Patrian ajoneuvojen l\u00e4hitulevaisuus n\u00e4ytt\u00e4\u00e4 hyv\u00e4lt\u00e4. Patrian miehist\u00f6nkuljetusvaunu ja sen tuleva kehitysversio menestyv\u00e4t maailmalla. Patria on saanut tilauksia l\u00e4hes tuhannesta Patria 6&#215;6 -ajoneuvosta. Hankkeessa ovat mukana Suomi, Latvia, Ruotsi, Tanska ja Saksa.<\/p>\n<p><img decoding=\"async\" alt=\"Kuusipy\u00f6r\u00e4inen 6x6 harmaanvihre\u00e4 panssariajoneuvo seisoo asfaltilla H\u00e4meenlinnassa Patrian piha-alueella.\" src=\"https:\/\/www.europesays.com\/fi\/wp-content\/uploads\/2025\/08\/39-98715562e125160f655.jpeg\" loading=\"lazy\" class=\"sc-dntSTA iywpZY\"\/><\/p>\n<p>Avaa kuvien katselu<\/p>\n<p>Patrian kuusipy\u00f6r\u00e4inen miehist\u00f6nkuljetusvaunu on hinta-laatu-suhteeltaan sopiva aikaan, jolloin armeijat yritt\u00e4v\u00e4t nopeasti parantaa suorituskyky\u00e4\u00e4n. Kuva: Markku L\u00e4hdetluoma \/ Yle<\/p>\n<p class=\"sc-jYczwO sc-ciCoXh bUKqJd cIOueB yle__article__paragraph\">Viime vuonna Patrialta tilattiin yli 400 ajoneuvoa. Luku sis\u00e4lt\u00e4\u00e4 Ruotsin 321 ajoneuvon tilauksen, jonka arvo oli noin 470 miljoonaa euroa.<\/p>\n<p class=\"sc-jYczwO sc-ciCoXh bUKqJd cIOueB yle__article__paragraph\">Talousuutistoimisto Bloomberg kertoi hein\u00e4kuun lopulla, ett\u00e4 <a class=\"sc-jDJeIs gotUgl yle__article__link\" href=\"https:\/\/yle.fi\/a\/74-20175136\" role=\"link\" rel=\"nofollow noopener\" target=\"_blank\">Saksa neuvottelee Patrian kanssa 3500 ajoneuvon kaupasta<\/a>. Patria ei ole toistaiseksi kommentoinut arviolta viiden miljardin euron kauppaa.<\/p>\n<p><img decoding=\"async\" alt=\"Patria AMV XP 8x8 panssaroitu py\u00f6r\u00e4ajoneuvo syksyisess\u00e4, kuraisessa maastossa. Taustalla mets\u00e4\u00e4.\" src=\"https:\/\/www.europesays.com\/fi\/wp-content\/uploads\/2025\/08\/39-1046128639342ef609e0.jpeg\" loading=\"lazy\" class=\"sc-dntSTA iywpZY\"\/><\/p>\n<p>Avaa kuvien katselu<\/p>\n<p>Patrian kahdeksanpy\u00f6r\u00e4isen miehist\u00f6nkuljetusvaunun valmistuslisenssi on myyty mm. Japaniin ja Puolaan. Sotilaiden kuljetuksen ohella ajoneuvo voidaan helposti varustaa esim. kranaatinheitintornilla tai siit\u00e4 voidaan tehd\u00e4 liikkuva johtokeskus. Kuva: Patria<\/p>\n<p class=\"sc-jYczwO sc-ciCoXh bUKqJd cIOueB yle__article__paragraph\">Suomalaisyrityksen p\u00e4\u00e4sy ter\u00e4steollisuuden kotikonnuille kuulostaa uskomattomalta.<\/p>\n<p class=\"sc-jYczwO sc-ciCoXh bUKqJd cIOueB yle__article__paragraph\">Sotilasprofessori, eversti evp. <strong class=\"sc-eEHciv gtNhAX yle__article__strong\">Mika Hyyti\u00e4inen<\/strong> kuitenkin pit\u00e4\u00e4 mahdollista kauppaa loogisena: kun Bundeswehri\u00e4 eli Saksan armeijaa rakennetaan kriisinhallintajoukosta armeijaksi, on m\u00e4\u00e4r\u00e4 laatua.<\/p>\n<p><img decoding=\"async\" alt=\"Mies seisoo valkoisten rakennusten v\u00e4liss\u00e4.\" src=\"https:\/\/www.europesays.com\/fi\/wp-content\/uploads\/2025\/08\/39-1215738657b05fe4e8b4.jpeg\" loading=\"lazy\" class=\"sc-dntSTA iywpZY\"\/><\/p>\n<p>Avaa kuvien katselu<\/p>\n<p>Sotilasprofessori, eversti evp. Mika Hyyti\u00e4inen kiteytt\u00e4\u00e4 Patrian ajoneuvojen menestyksen kustannustehokkuuteen. N\u00e4in\u00e4 aikoina m\u00e4\u00e4r\u00e4 muuttuu laaduksi.  Kuva: Antti Eintola \/ Yle<\/p>\n<p class=\"sc-jYczwO sc-ciCoXh bUKqJd cIOueB yle__article__paragraph\">\u2013 Saksa pienensi kylm\u00e4n sodan j\u00e4lkeen maasotavoimaansa, jolloin sill\u00e4 oli varaa ostaa huippuhienoja laitteita. Autovertauksin: he hankkivat premium-luokan Mersuja ja Bemareita. Nyt tarvitaankin yht\u00e4kki\u00e4 paljon tavallisia perheautoja, ja Patrian miehist\u00f6nkuljetusvaunut ovat juuri niit\u00e4.<\/p>\n<p class=\"sc-jYczwO sc-ciCoXh bUKqJd cIOueB yle__article__paragraph\">Hyyti\u00e4inen pit\u00e4\u00e4 luonnollisena, ett\u00e4 suomalaisen puolustusv\u00e4lineteollisuuden tilastok\u00e4rjess\u00e4 on Patria.<\/p>\n<p class=\"sc-jYczwO sc-ciCoXh bUKqJd cIOueB yle__article__paragraph\">\u2013 Meill\u00e4 tehd\u00e4\u00e4n kustannustehokkaasti tavaroita ison armeijan k\u00e4ytt\u00f6\u00f6n. Suomen puolustusvoimien sodanaikainen vahvuus (280 000 sotilasta) on suuri.<\/p>\n<p>Oikeassa sodassa p\u00e4tev\u00e4t eri kriteerit kuin riskinhallintaoperaatioissa. Ajoneuvon viimeisen riskin suojaus ei kannata, koska  lataukset ovat niin isoja, sanoo sotilasprofessori, eversti evp. Mika Hyyti\u00e4inen.<\/p>\n<p class=\"sc-jYczwO sc-ciCoXh bUKqJd cIOueB yle__article__paragraph\">Kaikki maat haluavat turvata omien asevoimiensa toimintavalmiuden kotimaisella tarviketuotannolla. Parhaille tuotteille voi l\u00f6yty\u00e4 kysynt\u00e4\u00e4 my\u00f6s ulkomailla. Suomesta vietiin viime vuonna vientilupien alaisista tuoteluokista eniten maakulkuneuvoja, pienaseita ja r\u00e4j\u00e4hteit\u00e4 sek\u00e4 panoksia kuten alla oleva grafiikka n\u00e4ytt\u00e4\u00e4.<\/p>\n<p>2. Millog huoltaa ja korjaa, mutta my\u00f6s vie tarkkuusoptiikkaa<\/p>\n<p class=\"sc-jYczwO sc-ciCoXh bUKqJd cIOueB yle__article__paragraph\">Puolustusj\u00e4rjestelmien yll\u00e4pito on kallista. Monesti yll\u00e4pito ja huolto muodostavat merkitt\u00e4v\u00e4n osan j\u00e4rjestelm\u00e4n elinajan kustannuksista.<\/p>\n<p class=\"sc-jYczwO sc-ciCoXh bUKqJd cIOueB yle__article__paragraph\">Toiseksi merkitt\u00e4vin yritys PIA:n listalla on maavoimien huolto-organisaatiosta rakennettu Millog-konserni, joka palvelee puolustusvoimien lis\u00e4ksi monia viranomaisia. Millog siis huoltaa ja yll\u00e4pit\u00e4\u00e4 kalustoa ja toimittaa kuluvia osia asiakkailleen.<\/p>\n<p><img decoding=\"async\" alt=\"Millogin et\u00e4isyysmittauslaite.\" src=\"https:\/\/www.europesays.com\/fi\/wp-content\/uploads\/2025\/08\/39-107374363ee18bf1e9a0.jpeg\" loading=\"lazy\" class=\"sc-dntSTA iywpZY\"\/><\/p>\n<p>Avaa kuvien katselu<\/p>\n<p>Huolto-ja logistiikkakonsernin Millogin tyt\u00e4ryhti\u00f6 Senop valmistaa valonvahvistimia ja \u00e4lykk\u00e4it\u00e4 t\u00e4ht\u00e4imi\u00e4. Kuva: Jorma Vihtonen \/ Yle<\/p>\n<p class=\"sc-jYczwO sc-ciCoXh bUKqJd cIOueB yle__article__paragraph\">Huoltopalveluita on vaikea vied\u00e4. Sen sijaan Millogin tyt\u00e4ryhti\u00f6 Senop valmistaa ja my\u00f6s vie tarkkuusoptiikkaa eli valonvahvistimia, \u00e4lykk\u00e4it\u00e4 t\u00e4ht\u00e4imi\u00e4, erilaisia l\u00e4mp\u00f6kamera-, valvonta- ja paikannusj\u00e4rjestelmi\u00e4. Senop tekee my\u00f6s viesti- ja johtamiskeskuksia.<\/p>\n<p>3. Forcit tekee maa- ja merimiinoja ja satsaa kotimaiseen trotyyliin<\/p>\n<p class=\"sc-jYczwO sc-ciCoXh bUKqJd cIOueB yle__article__paragraph\">Hankolainen Forcit tekee miinoja sek\u00e4 maavoimille ett\u00e4 merelle. Forcitin miinat eiv\u00e4t ole Ottawan sopimuksen kielt\u00e4mi\u00e4 jalkav\u00e4kimiinoja.<\/p>\n<p class=\"sc-jYczwO sc-ciCoXh bUKqJd cIOueB yle__article__paragraph\">Forcit on pitk\u00e4\u00e4n kehitt\u00e4nyt tuotteitaan. Sen viuhkapanoksia ja muovailtavaa r\u00e4j\u00e4hdett\u00e4 menee my\u00f6s vientiin, viimeisten 12 kuukauden vientilupap\u00e4\u00e4t\u00f6kset ovat Omaniin ja Ukrainaan.<\/p>\n<p class=\"sc-jYczwO sc-ciCoXh bUKqJd cIOueB yle__article__paragraph\">Forcit vastaa Ukrainan sodan takia kasvaneeseen r\u00e4j\u00e4hteiden kysynt\u00e4\u00e4n ja rakentaa vuoteen 2028 menness\u00e4 <a class=\"sc-jDJeIs gotUgl yle__article__link\" href=\"https:\/\/yle.fi\/a\/74-20152523\" role=\"link\" rel=\"nofollow noopener\" target=\"_blank\">Porin Noormarkkuun uuden trotyylitehtaan<\/a>.<\/p>\n<p class=\"sc-jYczwO sc-ciCoXh bUKqJd cIOueB yle__article__paragraph\">Puolustusvoimat lupaa <a class=\"sc-jDJeIs gotUgl yle__article__link\" href=\"https:\/\/yle.fi\/a\/74-20178709\" role=\"link\" rel=\"nofollow noopener\" target=\"_blank\">ostaa uuden tehtaan tuotannosta <\/a>v\u00e4hint\u00e4\u00e4n 1500 tonnia r\u00e4j\u00e4hdysainetta vuodessa kymmenvuotiskaudella 2028\u20132037.<\/p>\n<p>4. Nammo Lapualta paukut pienoiskiv\u00e4\u00e4rist\u00e4 panssarihaupitsiin<\/p>\n<p class=\"sc-jYczwO sc-ciCoXh bUKqJd cIOueB yle__article__paragraph\">Kolmen vuoden p\u00e4\u00e4st\u00e4 puolustusvoimat paketoi siis tykist\u00f6ammuksiin my\u00f6s kotimaista trotyyli\u00e4. Kranaattien kuoret tulevat niin silloin kuin nytkin Nammo Lapuan Sastamalan tehtaalta, jossa sorvataan 155 millimetrin tykin ammuksia.<\/p>\n<p class=\"sc-jYczwO sc-ciCoXh bUKqJd cIOueB yle__article__paragraph\">Lis\u00e4kapasiteettia kranaattituotantoon Nammo Lapua <a class=\"sc-jDJeIs gotUgl yle__article__link\" href=\"https:\/\/yle.fi\/a\/74-20094063\" role=\"link\" rel=\"nofollow noopener\" target=\"_blank\">rakentaa <\/a>Jyv\u00e4skyl\u00e4\u00e4n. Sepp\u00e4l\u00e4nkankaalle nousevan tehtaan pit\u00e4isi valmistua jo t\u00e4m\u00e4n vuoden loppuun menness\u00e4.<\/p>\n<p><img decoding=\"async\" alt=\"Nammon ammustehdas Sastamalassa. Maalatut 155mm. kranaatinkuoret.\" src=\"https:\/\/www.europesays.com\/fi\/wp-content\/uploads\/2025\/08\/39-1097620643549771c578.jpeg\" loading=\"lazy\" class=\"sc-dntSTA iywpZY\"\/><\/p>\n<p>Avaa kuvien katselu<\/p>\n<p>Nammo Lapuan Sastamalan tehtaalla valmistetaan 155 mm:n tykist\u00f6kranaattien kuoria. Kuva: Antti L\u00e4hteenm\u00e4ki \/ Yle<\/p>\n<p class=\"sc-jYczwO sc-ciCoXh bUKqJd cIOueB yle__article__paragraph\">Tykkien l\u00e4ht\u00f6panoksien ruuti valmistetaan Nammo Lapuan Vihtavuoren tehtaalla.<\/p>\n<p class=\"sc-jYczwO sc-ciCoXh bUKqJd cIOueB yle__article__paragraph\">Nammo on osa norjalaista konsernia. Patria omistaa Nammosta puolikkaan. Norjalais-suomalainen kolmikko Kongsberg-Patria-Nammo onkin oleellinen osa yhteispohjoismaista aseteollisuukeskittym\u00e4\u00e4.<\/p>\n<p>5. With Secure &#8211; eurooppalainen vaihtoehto tietoturvaan<\/p>\n<p class=\"sc-jYczwO sc-ciCoXh bUKqJd cIOueB yle__article__paragraph\">Viidenneksi merkitt\u00e4vin puolustussektorin yritys on PIA:n mukaan tietoturvayhti\u00f6 With Secure.<\/p>\n<p class=\"sc-jYczwO sc-ciCoXh bUKqJd cIOueB yle__article__paragraph\">With Securesta tehtiin <a class=\"sc-jDJeIs gotUgl yle__article__link\" href=\"https:\/\/yle.fi\/a\/74-20176439\" role=\"link\" rel=\"nofollow noopener\" target=\"_blank\">elokuun alussa julkinen ostotarjous<\/a>: sen perustaja ja p\u00e4\u00e4omistaja <strong class=\"sc-eEHciv gtNhAX yle__article__strong\">Risto Siilasmaa<\/strong> ja p\u00e4\u00e4omasijoitusyhti\u00f6 CVC veisiv\u00e4t yhti\u00f6n pois Helsingin p\u00f6rssist\u00e4.<\/p>\n<p class=\"sc-jYczwO sc-ciCoXh bUKqJd cIOueB yle__article__paragraph\">Vallitseva tulkinta on, ett\u00e4 p\u00e4\u00e4omistaja Siilasmaa edelleenkin uskoo tavoitteistaan j\u00e4lkeen j\u00e4\u00e4neen With Securen mahdollisuuksiin ja l\u00e4htee hakemaan seuraavaa kasvuvaihetta, johon tarvitaan lis\u00e4p\u00e4\u00e4omaa. Yhti\u00f6n ostava sijoittajaryhm\u00e4 aikoo \u201dnopeuttaa With Securen tavoitetta tulla johtavaksi eurooppalaiseksi kyberturvallisuusyhti\u00f6ksi\u201d.<\/p>\n<p><img decoding=\"async\" alt=\"Kuvassa on Risto Siilasmaa.\" src=\"https:\/\/www.europesays.com\/fi\/wp-content\/uploads\/2025\/08\/39-6799335eca94006efce.jpeg\" loading=\"lazy\" class=\"sc-dntSTA iywpZY\"\/><\/p>\n<p>Avaa kuvien katselu<\/p>\n<p>Tietoturvayhti\u00f6 With Securen perustaja ja p\u00e4\u00e4omistaja Risto Siilasmaa haluaa ostaa yhti\u00f6n pois Helsingin p\u00f6rssist\u00e4. Tarkoitus on nopeuttaa yhti\u00f6n tavoitetta tulla johtavaksi eurooppalaiseksi kyberturvallisuusyhti\u00f6ksi.  Kuva: Silja Viitala \/ Yle<\/p>\n<p class=\"sc-jYczwO sc-ciCoXh bUKqJd cIOueB yle__article__paragraph\">With Secure ei kerro lukuja asiakkaistaan tai viennist\u00e4\u00e4n. Tietoturvan tarve nykymaailmassa ei kuitenkaan ole v\u00e4henem\u00e4\u00e4n p\u00e4in. Todenn\u00e4k\u00f6isesti yhti\u00f6n palveluja k\u00e4ytt\u00e4v\u00e4t sek\u00e4 puolustusvoimat ett\u00e4 monet puolustusteollisuutemme yhti\u00f6t.<\/p>\n<p class=\"sc-jYczwO sc-ciCoXh bUKqJd cIOueB yle__article__paragraph\">Taustalla saattavat h\u00e4ily\u00e4 kansainv\u00e4liseen tietoturvaan liittyv\u00e4t ep\u00e4luulot ja tarve kehitt\u00e4\u00e4 turvallista ja luotettavaa eurooppalaista vaihtoehtoa. Suomalaisella yrityksell\u00e4 voi olla erityist\u00e4 kilpailuetua, kun eurooppalaisista datank\u00e4sittelys\u00e4\u00e4nn\u00f6ksist\u00e4 pidet\u00e4\u00e4n kiinni eik\u00e4 tietoa valu muille \u2013 ei Pekingiin tai Kremliin eik\u00e4 edes Atlantin taakse.<\/p>\n<p>6.-8. Tietoliikennett\u00e4 Nokiankin pohjalta taistelukent\u00e4lle<\/p>\n<p class=\"sc-jYczwO sc-ciCoXh bUKqJd cIOueB yle__article__paragraph\">Sijalla kuusi on eurooppalaisen ilmailu- ja aseteollisuusj\u00e4tin osa Airbus Defence &amp; Space, johon on kanavoitunut Nokian peruja olevaa tietoliikenneosaamista.<\/p>\n<p class=\"sc-jYczwO sc-ciCoXh bUKqJd cIOueB yle__article__paragraph\">Seitsem\u00e4nten\u00e4 on norjalaisen IT-konsernin Atean Suomen-yhti\u00f6, joka toimittaa laitteita ja ohjelmistoja puolustusvoimille ja viranomaisille.<\/p>\n<p class=\"sc-jYczwO sc-ciCoXh bUKqJd cIOueB yle__article__paragraph\">Kahdeksantena on <a class=\"sc-jDJeIs gotUgl yle__article__link\" href=\"https:\/\/yle.fi\/a\/74-20176422\" role=\"link\" rel=\"nofollow noopener\" target=\"_blank\">Oulussa toimiva Bittium<\/a>. Sen Defence &amp; Security -toimialan langattomat, h\u00e4irint\u00e4\u00e4 siet\u00e4v\u00e4t laajakaistaverkot sek\u00e4 taistelijan radiot kiinnostavat my\u00f6s Suomen ulkopuolella.<\/p>\n<p><img decoding=\"async\" alt=\"Bittiumin mainosstandin sotilasvermeiss\u00e4 oleva nukke l\u00e4hikuvassa.\" src=\"https:\/\/www.europesays.com\/fi\/wp-content\/uploads\/2025\/08\/39-107372863ee18b85b0ea.jpeg\" loading=\"lazy\" class=\"sc-dntSTA iywpZY\"\/><\/p>\n<p>Avaa kuvien katselu<\/p>\n<p>Suomalaiset taktiset viestint\u00e4j\u00e4rjestelm\u00e4t on suunniteltu kest\u00e4m\u00e4\u00e4n elektronista sodank\u00e4ynti\u00e4. Bittium varustaa mm. sotilaita henkil\u00f6kohtaisilla radioilla. Kuva: Jorma Vihtonen \/ Yle<\/p>\n<p class=\"sc-jYczwO sc-ciCoXh bUKqJd cIOueB yle__article__paragraph\">Bittiumin osake Helsingin p\u00f6rssin listalla on vuoden alusta l\u00e4hes tuplannut hintansa.<\/p>\n<p>9. Rauma Marine Construction rakentaa monitoimikorvetteja ja v\u00e4ijyy j\u00e4\u00e4nmurtajatilauksia<\/p>\n<p class=\"sc-jYczwO sc-ciCoXh bUKqJd cIOueB yle__article__paragraph\">Yhdeks\u00e4nneksi listattu Rauma Marine Construction rakentaa merivoimien Laivue 2020 -hankkeen monitoimikorvettien lis\u00e4ksi siviilialuksia.<\/p>\n<p class=\"sc-jYczwO sc-ciCoXh bUKqJd cIOueB yle__article__paragraph\">Yhti\u00f6 on mukana kanadalaisvetoisessa ryhm\u00e4ss\u00e4, joka on tarjonnut Yhdysvaltojen rannikkovartiostolle kahden j\u00e4\u00e4nmurtajan rakennusurakkaa. Jos j\u00e4\u00e4nmurtajia aletaan rakentaa Raumalla, menee tilastok\u00e4rki uusiksi.<\/p>\n<p><img decoding=\"async\" alt=\"Monitoimikorvetti tyhj\u00e4ss\u00e4 telakka-altaassa Rauman telakalla.\" src=\"https:\/\/www.europesays.com\/fi\/wp-content\/uploads\/2025\/08\/39-1469996682f1e76da2be.jpeg\" loading=\"lazy\" class=\"sc-dntSTA iywpZY\"\/><\/p>\n<p>Avaa kuvien katselu<\/p>\n<p>Monitoimikorvetti laskettiin vesille Raumalla toukokuussa 2025. Kuva: Minttu Villanen-It\u00e4linna \/ Yle<\/p>\n<p class=\"sc-jYczwO sc-ciCoXh bUKqJd cIOueB yle__article__paragraph\">Ensimm\u00e4inen nelj\u00e4st\u00e4 monitoimikorvetista on vesill\u00e4 ja varusteluvaiheessa. Toisen lohkoja varustellaan ja rukoa kootaan parhaillaan.<a class=\"sc-jDJeIs gotUgl yle__article__link\" href=\"https:\/\/yle.fi\/a\/74-20179455\" role=\"link\" rel=\"nofollow noopener\" target=\"_blank\"> Kolmannen tuotanto alkoi elokuussa<\/a>.<\/p>\n<p>10. Sisu Auto kasvaa nelivetomaastureilla Suomeen ja Ruotsiin<\/p>\n<p class=\"sc-jYczwO sc-ciCoXh bUKqJd cIOueB yle__article__paragraph\">Kymmenenneksi merkitt\u00e4vin puolustussektorin yhti\u00f6 oli vuonna 1931 perustettu Sisu Auto.<\/p>\n<p class=\"sc-jYczwO sc-ciCoXh bUKqJd cIOueB yle__article__paragraph\">Sen liikevaihdosta suurin osa syntyy nelivetomaastureista, joita se on myynyt puolustusvoimien lis\u00e4ksi my\u00f6s Ruotsiin.<\/p>\n<p class=\"sc-jYczwO sc-ciCoXh bUKqJd cIOueB yle__article__paragraph\">Sisu Auto uskoo, ett\u00e4 sen t\u00e4m\u00e4n vuoden liikevaihto tuplaantuu 100 miljoonaan euroon viimevuotisesta.<\/p>\n<p>Tutkan alapuolella: Sako, Iceye, Rebelvolt, Define<\/p>\n<p class=\"sc-jYczwO sc-ciCoXh bUKqJd cIOueB yle__article__paragraph\">Listalta puuttuu riihim\u00e4kel\u00e4inen Sako (omaa sukua Suojeluskuntain Ase- ja Konepaja), koska sen viennist\u00e4 valtaosa luokitellaan mets\u00e4stys- tai ampumaharrastusaseiksi.<\/p>\n<p><img decoding=\"async\" alt=\"Kiv\u00e4\u00e4ri kiikarit\u00e4ht\u00e4imeill\u00e4 ampumaradan katoksen kaiteella.\" src=\"https:\/\/www.europesays.com\/fi\/wp-content\/uploads\/2025\/08\/39-11271126482c7c72b2e0.jpeg\" loading=\"lazy\" class=\"sc-dntSTA iywpZY\"\/><\/p>\n<p>Avaa kuvien katselu<\/p>\n<p>Sako TRG M10 on tarkkuuskiv\u00e4\u00e4ri, jota arvostavat armeijoiden ja poliisivoimien tarkka-ampujat. Vientilupa vaaditaan my\u00f6s urheilukauppojen kautta ampumaharrastajille myyt\u00e4viin aseisiin. Kuva: Ville V\u00e4lim\u00e4ki \/ Yle<\/p>\n<p class=\"sc-jYczwO sc-ciCoXh bUKqJd cIOueB yle__article__paragraph\">Sakon tarkat patruunat sek\u00e4 varsinkin isokaliiperiset tarkkuuskiv\u00e4\u00e4rit ovat hyv\u00e4ss\u00e4 maineessa. Niille on kuluneen 12 kuukauden aikana my\u00f6nnetty vientilupia sek\u00e4 urheilukauppamyyntiin harrastajille ett\u00e4 suoraan joko poliisi- tai puolustusvoimille eri puolille maailmaa.<\/p>\n<p><img decoding=\"async\" alt=\"Kolme rynn\u00e4kk\u00f6kiv\u00e4\u00e4ri\u00e4.\" src=\"https:\/\/www.europesays.com\/fi\/wp-content\/uploads\/2025\/08\/39-151296768aecf8ad6bfe.jpeg\" loading=\"lazy\" class=\"sc-dntSTA iywpZY\"\/><\/p>\n<p>Avaa kuvien katselu<\/p>\n<p>Sakon uudet t\u00e4ysautomaattiset ARG (Arctic Rifle Generation) kiv\u00e4\u00e4rit korvaavat Suomen ja Ruotsin puolustusvoimien rynn\u00e4kk\u00f6kiv\u00e4\u00e4rit. Aseet on suunniteltu toimintavarmoiksi my\u00f6s kylmiss\u00e4 olosuhteissa.  Kuva: Sako<\/p>\n<p class=\"sc-jYczwO sc-ciCoXh bUKqJd cIOueB yle__article__paragraph\">Sakolla on kymmenen vuoden sopimus Suomen ja Ruotsin kanssa uuden rynn\u00e4kk\u00f6kiv\u00e4\u00e4rin ja sen patruunoiden kehitt\u00e4misest\u00e4.<\/p>\n<p class=\"sc-jYczwO sc-ciCoXh bUKqJd cIOueB yle__article__paragraph\">Sakon omistaa italialainen perheyritys Beretta. Sen viime vuoden liikevaihto oli 131,4 miljoonaa euroa, josta vienti\u00e4 oli 96 prosenttia.<\/p>\n<p class=\"sc-jYczwO sc-ciCoXh bUKqJd cIOueB yle__article__paragraph\">Oman lukunsa ansaitsisi my\u00f6s mikrosatelliittipalveluja myyv\u00e4 Iceye, joka tuo eritt\u00e4in tarkat maastokuvat niin siviili- kuin sotilask\u00e4ytt\u00f6\u00f6n vuorokaudenajasta tai s\u00e4\u00e4olosuhteista riippumatta.<\/p>\n<p><img decoding=\"async\" alt=\"Tarkka satelliittikuva, jossa n\u00e4kyy satama-alue ja laivoja, yhdess\u00e4 laiturissa olevat laivat n\u00e4kyv\u00e4t suurennetussa pikkukuvassa.\" src=\"https:\/\/www.europesays.com\/fi\/wp-content\/uploads\/2025\/08\/39-14831106852aeed9351f.jpeg\" class=\"sc-dntSTA iywpZY\"\/><\/p>\n<p class=\"sc-jYczwO sc-ciCoXh bUKqJd cIOueB yle__article__paragraph\">Nousevan firman satelliitteja aletaan valmistaa vanhassa autotehtaassa Saksassa. Saksan yhteisyrityksest\u00e4 enemmist\u00f6n omistaa asej\u00e4tti Rheinmetall.<\/p>\n<p><img decoding=\"async\" alt=\"SAR-kuva Helsingist\u00e4.\" src=\"https:\/\/www.europesays.com\/fi\/wp-content\/uploads\/2025\/08\/39-1486828685e936e38da1.jpeg\" loading=\"lazy\" class=\"sc-dntSTA iywpZY\"\/><\/p>\n<p>Avaa kuvien katselu<\/p>\n<p>Iceyen tutkasatelliitit tuottavat tarkan kuvan s\u00e4\u00e4oloista tai vuorokaudenajasta riippumatta. T\u00e4lt\u00e4 n\u00e4ytt\u00e4\u00e4 Helsinki SAR-satelliittin kuvaamana.  Kuva: Iceye<\/p>\n<p class=\"sc-jYczwO sc-ciCoXh bUKqJd cIOueB yle__article__paragraph\">Sotilask\u00e4ytt\u00f6\u00f6n soveltuvia keksint\u00f6j\u00e4 voi olla luvassa enemm\u00e4n ja nopeammin, kun Riihim\u00e4elle alkuvuodesta perustettu puolustusteollisuuden yrityskiihdytt\u00e4m\u00f6 Define (Defence Innovation Network Finland) p\u00e4\u00e4see kunnolla vauhtiin. Se on avoin verkosto, joka ker\u00e4\u00e4 yhteen puolustusvoimat, puolustus- ja turvallisuusalan yritykset, oppilaitokset ja tutkimuslaitokset.<\/p>\n<p class=\"sc-jYczwO sc-ciCoXh bUKqJd cIOueB yle__article__paragraph\">Ensimm\u00e4isien joukossa Definest\u00e4 on saanut vauhtia esimerkiksi Rebelvolt, jonka akkuvaunu pystyy korvaamaan diesel-aggregaatin. S\u00e4hk\u00f6\u00e4 tarvitaan nyky\u00e4\u00e4n taistelukent\u00e4ll\u00e4 aiempaa enemm\u00e4n.<\/p>\n<p>Suomalaisten pyritt\u00e4v\u00e4 mukaan toimitusketjuihin<\/p>\n<p class=\"sc-jYczwO sc-ciCoXh bUKqJd cIOueB yle__article__paragraph\">Puolustusv\u00e4lineteollisuudessa hyv\u00e4 laatu ja maine kantavat, kuten kaikessa kaupanteossa. Hinnalla suomalaisyritykset tuskin pystyv\u00e4t kilpailemaan, sanoo Jyv\u00e4skyl\u00e4n yliopiston dosentti, yliopistotutkija <strong class=\"sc-eEHciv gtNhAX yle__article__strong\">Heikki Roiko-Jokela<\/strong>.<\/p>\n<p class=\"sc-jYczwO sc-ciCoXh bUKqJd cIOueB yle__article__paragraph\">\u2013 Suomessa on hahmotettu, mit\u00e4 tarvitaan, ja siihen on l\u00f6ytynyt tuotantoa. Kuitenkin rinnalla on pystytty erikoistumaan kapeiden alojen tuotteisiin, jolla pystyt\u00e4\u00e4n kilpailemaan kansainv\u00e4lisesti, Roiko-Jokela kiteytt\u00e4\u00e4.<\/p>\n<p>Jyv\u00e4skyl\u00e4n yliopiston dosentti Heikki Roiko-Jokela pit\u00e4\u00e4 suomalaisen puolustustarvkieteollisuuden tuotemerkkej\u00e4 laadun takeena.<\/p>\n<p class=\"sc-jYczwO sc-ciCoXh bUKqJd cIOueB yle__article__paragraph\">Suomalaisen puolustusteollisuuden hartiat ovat sangen kapeat. Mutta pienuudesta saattaa olla hy\u00f6ty\u00e4kin.<\/p>\n<p class=\"sc-jYczwO sc-ciCoXh bUKqJd cIOueB yle__article__paragraph\">\u2013 Pienuus voi olla haaste, mutta on siin\u00e4 vahvuuttakin: suomalainen puolustusteollisuus on ketter\u00e4, joustava, mukautuva, toteaa Heikki Roiko-Jokela.<\/p>\n<p><img decoding=\"async\" alt=\"V\u00e4it\u00f6skirjatutkija Tapio Roiko-Jokela ja yliopistotutkija Heikki Roiko-Jokela Kansallisarkiston vanhassa salissa.\" src=\"https:\/\/www.europesays.com\/fi\/wp-content\/uploads\/2025\/08\/39-1507539689efc2ea0714.jpeg\" loading=\"lazy\" class=\"sc-dntSTA iywpZY\"\/><\/p>\n<p>Avaa kuvien katselu<\/p>\n<p>Heikki Roiko-Jokela johtaa Suomen aseteollisuuden nykytilaa ja tulevaisuutta selvittelev\u00e4\u00e4 hanketta Suomen sotatalous muuttuvassa toimintaymp\u00e4rist\u00f6ss\u00e4 1998\u20132035 . Hanketta rahoittaa mm. Nammo Lapua. Tutkimuksessa on mukana my\u00f6s h\u00e4nen poikansa, Tapio Roiko-Jokela. Kuva: Esa Syv\u00e4kuru \/ YleSuomen puolustusv\u00e4lineteollisuuden vahvuudet ja haasteet<\/p>\n<p class=\"sc-jYczwO sc-ciCoXh bUKqJd cIOueB yle__article__paragraph\"><strong class=\"sc-eEHciv gtNhAX yle__article__strong\">Vahvuudet<\/strong><\/p>\n<p class=\"sc-jYczwO sc-ciCoXh bUKqJd cIOueB yle__article__paragraph\">1. Teknologinen osaaminen:<\/p>\n<ul class=\"sc-dMmcxd iwejNa yle__article__list yle__article__list--ul\">\n<li class=\"sc-fGqoZs ftBuqH\">Viestint\u00e4- ja sensoriteknologia, kyberturva, arktinen osaaminen<\/li>\n<\/ul>\n<ul class=\"sc-dMmcxd iwejNa yle__article__list yle__article__list--ul\">\n<li class=\"sc-fGqoZs ftBuqH\">Korkealaatuiset tuotteet, erityisesti viestint\u00e4j\u00e4rjestelmiss\u00e4 ja ammustuotannossa. Tunnetut br\u00e4ndit (Lapuan patruunat, Vihtavuoren ruuti, Patrian ajoneuvot)<\/li>\n<\/ul>\n<p class=\"sc-jYczwO sc-ciCoXh bUKqJd cIOueB yle__article__paragraph\">2. Ketteryys ja joustavuus:<\/p>\n<ul class=\"sc-dMmcxd iwejNa yle__article__list yle__article__list--ul\">\n<li class=\"sc-fGqoZs ftBuqH\">Pienuuden mahdollistama tuotekehitys ja sopeutumiskyky.<\/li>\n<li class=\"sc-fGqoZs ftBuqH\">Osaamisesta seuraava kyky reagoida muuttuviin tarpeisiin ja teknologisiin muutoksiin.<\/li>\n<\/ul>\n<p class=\"sc-jYczwO sc-ciCoXh bUKqJd cIOueB yle__article__paragraph\">3. Pohjoismainen ja transatlanttinen yhteisty\u00f6:<\/p>\n<ul class=\"sc-dMmcxd iwejNa yle__article__list yle__article__list--ul\">\n<li class=\"sc-fGqoZs ftBuqH\">Esimerkiksi Nammo-yhteisty\u00f6 Norjan kanssa ja Nato-j\u00e4senyys avaavat vientikanavia ja laajentavat toiminnallisia rakenteita.<\/li>\n<\/ul>\n<p class=\"sc-jYczwO sc-ciCoXh bUKqJd cIOueB yle__article__paragraph\">4. Huoltovarmuus ja kotimainen tuotantokyky:<\/p>\n<ul class=\"sc-dMmcxd iwejNa yle__article__list yle__article__list--ul\">\n<li class=\"sc-fGqoZs ftBuqH\">Oma tuotanto tukee toimitusvarmuutta kriisiaikoina.<\/li>\n<\/ul>\n<p class=\"sc-jYczwO sc-ciCoXh bUKqJd cIOueB yle__article__paragraph\"><strong class=\"sc-eEHciv gtNhAX yle__article__strong\">Haasteet<\/strong><\/p>\n<p class=\"sc-jYczwO sc-ciCoXh bUKqJd cIOueB yle__article__paragraph\">1. Strateginen hajanaisuus:<\/p>\n<ul class=\"sc-dMmcxd iwejNa yle__article__list yle__article__list--ul\">\n<li class=\"sc-fGqoZs ftBuqH\">Kehitt\u00e4miselt\u00e4 puuttuu yhten\u00e4inen, pitk\u00e4j\u00e4nteinen valtiollinen strategia. Projektiperusteinen, lyhytj\u00e4nteinen toiminta (hallituskaudet, tilausvaltuudet)<\/li>\n<\/ul>\n<p class=\"sc-jYczwO sc-ciCoXh bUKqJd cIOueB yle__article__paragraph\">2. Hallinnollinen kankeus:<\/p>\n<ul class=\"sc-dMmcxd iwejNa yle__article__list yle__article__list--ul\">\n<li class=\"sc-fGqoZs ftBuqH\">Vientilupaprosessit ja kilpailutusk\u00e4yt\u00e4nn\u00f6t hitaita ja vaikeuttavat kansainv\u00e4lisille markkinoille p\u00e4\u00e4sy\u00e4.<\/li>\n<\/ul>\n<p class=\"sc-jYczwO sc-ciCoXh bUKqJd cIOueB yle__article__paragraph\">3. Tutkimus- ja kehitysinvestointien puute:<\/p>\n<ul class=\"sc-dMmcxd iwejNa yle__article__list yle__article__list--ul\">\n<li class=\"sc-fGqoZs ftBuqH\">Haasteena julkisen sektorin panos (paljonko on rahaa) tutkimukseen ja tuotekehitykseen. Saattaa heikent\u00e4\u00e4 innovointikyky\u00e4.<\/li>\n<\/ul>\n<p class=\"sc-jYczwO sc-ciCoXh bUKqJd cIOueB yle__article__paragraph\">4. Osaamisvaje:<\/p>\n<ul class=\"sc-dMmcxd iwejNa yle__article__list yle__article__list--ul\">\n<li class=\"sc-fGqoZs ftBuqH\">Insin\u00f6\u00f6ri-, kyber- ja materiaaliosaajien saatavuus ja Naton tuomat uudet j\u00e4rjestelyt ovat mahdollisesti kriittinen kasvun pullonkaula erityisesti pitk\u00e4ll\u00e4 aikav\u00e4lill\u00e4.<\/li>\n<\/ul>\n<p class=\"sc-jYczwO sc-ciCoXh bUKqJd cIOueB yle__article__paragraph\">l\u00e4hde: Roiko-Jokela, Heikki: Suomen puolustusteollisuus strateginen voimavara, muistio 15.8.2025.<\/p>\n<p class=\"sc-jYczwO sc-ciCoXh bUKqJd cIOueB yle__article__paragraph\">L\u00e4hivuodet n\u00e4ytt\u00e4v\u00e4t alan yrityksille hyv\u00e4lt\u00e4, mutta v\u00e4it\u00f6skirjatutkija <strong class=\"sc-eEHciv gtNhAX yle__article__strong\">Tapio Roiko-Jokela<\/strong> n\u00e4kee pidemm\u00e4lle eik\u00e4 n\u00e4kym\u00e4 ole en\u00e4\u00e4 niin valoisa.<\/p>\n<p class=\"sc-jYczwO sc-ciCoXh bUKqJd cIOueB yle__article__paragraph\">Suurilla toimijoilla on suuret resurssit. Vaikka EU:n puolustusrahaston ja muiden <a class=\"sc-jDJeIs gotUgl yle__article__link\" href=\"https:\/\/yle.fi\/a\/74-20147324\" role=\"link\" rel=\"nofollow noopener\" target=\"_blank\">rahoitusv\u00e4lineiden <\/a>kautta tulee lis\u00e4\u00e4 kysynt\u00e4\u00e4, niin Ranskan, Saksan ja Italian omat yritykset voivat haalia tilaukset ja pienemm\u00e4t j\u00e4\u00e4v\u00e4t paitsioon.<\/p>\n<p>\u201dJalansija tuotantoketjuissa ja innovatiivinen toiminta edist\u00e4isiv\u00e4t suomalaisten puolustusv\u00e4lineyritysten kansainv\u00e4listymist\u00e4\u201d, arvioi v\u00e4it\u00f6skirjatutkija Tapio Roiko-Jokela Jyv\u00e4skyl\u00e4n yliopistosta.<\/p>\n<p class=\"sc-jYczwO sc-ciCoXh bUKqJd cIOueB yle__article__paragraph\">\u2013 Suomen ja suomalaisyritysten kannattaa hankkiutua mukaan laajempiin kokonaisuuksiin. On pyritt\u00e4v\u00e4 mukaan tuotantoketjuihin tai jopa vet\u00e4j\u00e4n rooliin, kehottaa Tapio Roiko-Jokela.<\/p>\n<p class=\"sc-jYczwO sc-ciCoXh bUKqJd cIOueB yle__article__paragraph\">H\u00e4nen mukaansa se vaatii yhteisty\u00f6t\u00e4 paitsi kansallisesti, niin my\u00f6s sopivien kansainv\u00e4listen viiteryhmien kesken. Esimerkkein\u00e4 nuorempi Roiko-Jokela nostaa Pohjoismaiden v\u00e4lisen yhteisty\u00f6n sek\u00e4 mahdollisena suuntana Baltian maat.<\/p>\n","protected":false},"excerpt":{"rendered":"Puolustus- ja ilmailuteollisuus PIA ry:n kymmenen suurimman puolustussektorin j\u00e4senyrityksen joukossa oli viime vuonna per\u00e4ti jo nelj\u00e4 IT-yrityst\u00e4. Keih\u00e4\u00e4nk\u00e4rken\u00e4&hellip;\n","protected":false},"author":2,"featured_media":20424,"comment_status":"","ping_status":"","sticky":false,"template":"","format":"standard","meta":{"footnotes":""},"categories":[76],"tags":[6613,1204,79,77,33,31,30,782,783,7102,32,78],"class_list":{"0":"post-20423","1":"post","2":"type-post","3":"status-publish","4":"format-standard","5":"has-post-thumbnail","7":"category-talous","8":"tag-aseteollisuus","9":"tag-avaruusteknologia-ja-puolustusteollisuus","10":"tag-business","11":"tag-economy","12":"tag-fi","13":"tag-finland","14":"tag-finnish","15":"tag-maanpuolustus","16":"tag-patria","17":"tag-puolustustalous","18":"tag-suomi","19":"tag-talous"},"share_on_mastodon":{"url":"","error":""},"_links":{"self":[{"href":"https:\/\/www.europesays.com\/fi\/wp-json\/wp\/v2\/posts\/20423","targetHints":{"allow":["GET"]}}],"collection":[{"href":"https:\/\/www.europesays.com\/fi\/wp-json\/wp\/v2\/posts"}],"about":[{"href":"https:\/\/www.europesays.com\/fi\/wp-json\/wp\/v2\/types\/post"}],"author":[{"embeddable":true,"href":"https:\/\/www.europesays.com\/fi\/wp-json\/wp\/v2\/users\/2"}],"replies":[{"embeddable":true,"href":"https:\/\/www.europesays.com\/fi\/wp-json\/wp\/v2\/comments?post=20423"}],"version-history":[{"count":0,"href":"https:\/\/www.europesays.com\/fi\/wp-json\/wp\/v2\/posts\/20423\/revisions"}],"wp:featuredmedia":[{"embeddable":true,"href":"https:\/\/www.europesays.com\/fi\/wp-json\/wp\/v2\/media\/20424"}],"wp:attachment":[{"href":"https:\/\/www.europesays.com\/fi\/wp-json\/wp\/v2\/media?parent=20423"}],"wp:term":[{"taxonomy":"category","embeddable":true,"href":"https:\/\/www.europesays.com\/fi\/wp-json\/wp\/v2\/categories?post=20423"},{"taxonomy":"post_tag","embeddable":true,"href":"https:\/\/www.europesays.com\/fi\/wp-json\/wp\/v2\/tags?post=20423"}],"curies":[{"name":"wp","href":"https:\/\/api.w.org\/{rel}","templated":true}]}}