{"id":204322,"date":"2026-03-26T07:07:09","date_gmt":"2026-03-26T07:07:09","guid":{"rendered":"https:\/\/www.europesays.com\/fi\/204322\/"},"modified":"2026-03-26T07:07:09","modified_gmt":"2026-03-26T07:07:09","slug":"jef-maiden-johtajat-helsingissa-itameren-varjolaivasto-ja-ukrainan-tuki-keskusteluissa-politiikka","status":"publish","type":"post","link":"https:\/\/www.europesays.com\/fi\/204322\/","title":{"rendered":"JEF-maiden johtajat Helsingiss\u00e4: It\u00e4meren varjolaivasto ja Ukrainan tuki keskusteluissa | Politiikka"},"content":{"rendered":"<p class=\"aw-1gybjub aw-1p7kakr kEtdKx cEmitX yle__article__paragraph\">Kun Nato viel\u00e4 miettii, JEF-maat ovat jo liikkeell\u00e4.<\/p>\n<p class=\"aw-1gybjub aw-1p7kakr kEtdKx cEmitX yle__article__paragraph\">Suunnilleen n\u00e4in toimii kymmenen maan puolustusyhteisty\u00f6ryhm\u00e4 JEF, Joint Expeditionary Force, eli nopeasti liikkeelle l\u00e4htev\u00e4 joukko.<\/p>\n<p class=\"aw-1gybjub aw-1p7kakr kEtdKx cEmitX yle__article__paragraph\">Maiden johtajat kokoontuvat t\u00e4n\u00e4\u00e4n torstaina Suomessa. Presidentinlinnassa <strong class=\"aw-ak79eh KyCXm yle__article__strong\">Alexander Stubbin<\/strong> vieraina ovat Britannian p\u00e4\u00e4ministeri <strong class=\"aw-ak79eh KyCXm yle__article__strong\">Keir Starmer<\/strong>, Pohjoismaiden p\u00e4\u00e4ministerit, Baltian johtajat ja Hollannin p\u00e4\u00e4ministeri.<\/p>\n<p class=\"aw-1gybjub aw-1p7kakr kEtdKx cEmitX yle__article__paragraph\">Suomi liittyi Britannian johtamaan JEFiin yhdess\u00e4 Ruotsin kanssa vuonna 2017, eli jo ennen kuin se kuului Natoon.<\/p>\n<p class=\"aw-1gybjub aw-1p7kakr kEtdKx cEmitX yle__article__paragraph\">JEF on yksi monesta puolustusyhteisty\u00f6ryhm\u00e4st\u00e4, johon Suomi kuuluu.<\/p>\n<p>\u201dEnemm\u00e4n on enemm\u00e4n\u201d<\/p>\n<p class=\"aw-1gybjub aw-1p7kakr kEtdKx cEmitX yle__article__paragraph\">\u201dMore is more\u201d, enemm\u00e4n on enemm\u00e4n, turvallisuuspolitiikan l\u00e4hde kuvaa puolustusyhteisty\u00f6n merkityst\u00e4 juuri nyt.<\/p>\n<p class=\"aw-1gybjub aw-1p7kakr kEtdKx cEmitX yle__article__paragraph\">Johtajat tapaavat Helsingiss\u00e4 hetken\u00e4, jolloin turvallisuusymp\u00e4rist\u00f6 on hyvin ep\u00e4vakaa.<\/p>\n<p class=\"aw-1gybjub aw-1p7kakr kEtdKx cEmitX yle__article__paragraph\">Euroopan unionia hajottavat keskin\u00e4iset erimielisyydet ja esimerkiksi <a class=\"aw-iao6s4 iHOxEa yle__article__link\" href=\"https:\/\/yle.fi\/a\/74-20215140\" role=\"link\" rel=\"nofollow noopener\" target=\"_blank\">Unkarin jarrutus<\/a>. Nato joutuu j\u00e4rjest\u00e4ytym\u00e4\u00e4n uudelleen, kun Yhdysvallat supistaa rooliaan.<\/p>\n<p class=\"aw-1gybjub aw-1p7kakr kEtdKx cEmitX yle__article__paragraph\">JEF-maita yhdist\u00e4\u00e4 se, ett\u00e4 kaikki ottavat puolustuksen tosissaan ja tukevat Ukrainaa. Niiden on my\u00f6s helppo keskustella kesken\u00e4\u00e4n, kun mukana ei ole vastarannan kiiski\u00e4.<\/p>\n<p class=\"aw-1gybjub aw-1p7kakr kEtdKx cEmitX yle__article__paragraph\">Siksi JEF-mailla ja muilla samanmielisten ryhmill\u00e4 olisi nyt tilaisuus t\u00e4ytt\u00e4\u00e4 Yhdysvaltain j\u00e4tt\u00e4m\u00e4\u00e4 poliittisen johtajuuden tyhji\u00f6t\u00e4 Euroopan turvallisuuden suunnittelussa, sanoo Ulkopoliittisen instituutin tutkija <strong class=\"aw-ak79eh KyCXm yle__article__strong\">Tyyne Karjalainen<\/strong>.<\/p>\n<p class=\"aw-1gybjub aw-1p7kakr kEtdKx cEmitX yle__article__paragraph\">\u2013 Euroopassa on pitk\u00e4 perinne nojata Yhdysvaltojen poliittiseen johtoon turvallisuuspolitiikassa, mutta nyt sen rajat ovat tulleet n\u00e4kyviksi, Karjalainen sanoo.<\/p>\n<p class=\"aw-1gybjub aw-1p7kakr kEtdKx cEmitX yle__article__paragraph\">Pienet ryhm\u00e4t eiv\u00e4t voi olla Naton korvike, eiv\u00e4tk\u00e4 ne riit\u00e4 yksin Ukrainan turvaksi.<\/p>\n<p class=\"aw-1gybjub aw-1p7kakr kEtdKx cEmitX yle__article__paragraph\">Mutta ne voivat ottaa poliittista ja strategista johtajuutta, jotta Eurooppa tiet\u00e4\u00e4, mit\u00e4 se tahtoo ja miten se tehd\u00e4\u00e4n.<\/p>\n<p>It\u00e4meren varjolaivasto kiikarissa<\/p>\n<p class=\"aw-1gybjub aw-1p7kakr kEtdKx cEmitX yle__article__paragraph\">Helsingin kokouksessa johtajat keskustelevat Ukrainasta, arktisen alueen turvallisuudesta ja Ven\u00e4j\u00e4n hybriditoimista esimerkiksi It\u00e4meren alueella.<\/p>\n<p class=\"aw-1gybjub aw-1p7kakr kEtdKx cEmitX yle__article__paragraph\">JEF-ryhm\u00e4 on partioinut It\u00e4merell\u00e4 ja seurannut Ven\u00e4j\u00e4n varjolaivastoa useaan otteeseen siit\u00e4 l\u00e4htien, kun ensimm\u00e4iset kaapelit It\u00e4meren pohjassa katkesivat vuonna 2023.<\/p>\n<p class=\"aw-1gybjub aw-1p7kakr kEtdKx cEmitX yle__article__paragraph\">JEF-maat pystyv\u00e4t l\u00e4htem\u00e4\u00e4n nopeasti liikkeelle, sill\u00e4 p\u00e4\u00e4t\u00f6ksenteko ei vaadi yksimielisyytt\u00e4 kuten Natossa. Kaksikin maata voi nopeasti p\u00e4\u00e4tt\u00e4\u00e4 tehd\u00e4 jotain yhdess\u00e4.<\/p>\n<p class=\"aw-1gybjub aw-1p7kakr kEtdKx cEmitX yle__article__paragraph\">Keskusteluun nousee my\u00f6s Ukrainan sodan l\u00e4ikkyminen maiden alueelle. Viime p\u00e4ivin\u00e4 Ukrainan drooni-iskujen lennokkeja on harhautunut Baltian maiden alueelle, kun Ukraina on iskenyt \u00f6ljynjalostamoihin l\u00e4helle Suomea.<\/p>\n<p class=\"aw-1gybjub aw-1p7kakr kEtdKx cEmitX yle__article__paragraph\">Viron p\u00e4\u00e4ministeri <strong class=\"aw-ak79eh KyCXm yle__article__strong\">Kristen Michal<\/strong> sanoo viestipalvelu X:ss\u00e4, ett\u00e4 johtajat keskustelevat Helsingiss\u00e4 siit\u00e4, miten EU:n ja Naton it\u00e4isen ilmapuolustuksen parantamiseen saadaan vauhtia.<\/p>\n<p class=\"aw-1gybjub aw-1p7kakr kEtdKx cEmitX yle__article__paragraph\">Kokouksessa on mukana videoyhteydell\u00e4 my\u00f6s Kanadan p\u00e4\u00e4ministeri <strong class=\"aw-ak79eh KyCXm yle__article__strong\">Mark Carney<\/strong>, jonka kanssa puhutaan arktisten alueiden puolustuksesta Ven\u00e4j\u00e4n uhkaa vastaan.<\/p>\n<p><img decoding=\"async\" alt=\"Tukija Tyyne Karjalainen Ulkopoliittisen instituutin kirjastossa.\" src=\"https:\/\/www.europesays.com\/fi\/wp-content\/uploads\/2026\/03\/39-139301267584c1e16c6c.jpeg\" loading=\"lazy\" class=\"aw-1l9m598 hKVVvP\"\/><\/p>\n<p>Avaa kuvien katselu<\/p>\n<p>Tyyne Karjalainen on Ulkopoliittisen instituutin tutkija. H\u00e4nen mielest\u00e4\u00e4n JEF-maiden kannattaa ottaa turvallisuuspolitiikan johtajuutta Euroopassa.  Kuva: Markku Pitk\u00e4nen \/ YleKarjalainen: Ukraina on h\u00e4vi\u00e4m\u00e4ss\u00e4 sodan<\/p>\n<p class=\"aw-1gybjub aw-1p7kakr kEtdKx cEmitX yle__article__paragraph\">Kokoukseen osallistuu et\u00e4n\u00e4 my\u00f6s Ukrainan presidentti <strong class=\"aw-ak79eh KyCXm yle__article__strong\">Volodymyr Zelenskyi<\/strong>.<\/p>\n<p class=\"aw-1gybjub aw-1p7kakr kEtdKx cEmitX yle__article__paragraph\">Ukrainan tukeminen on JEF-maille edelleen hyvin t\u00e4rke\u00e4\u00e4. Useimmat maista l\u00f6ytyv\u00e4t Ukrainaa tukevien maiden listan k\u00e4rjest\u00e4. T\u00e4ll\u00e4 kertaa ne suunnittelevat esimerkiksi harjoitusyhteisty\u00f6t\u00e4 Ukrainan kanssa.<\/p>\n<p class=\"aw-1gybjub aw-1p7kakr kEtdKx cEmitX yle__article__paragraph\">Tutkija Tyyne Karjalainen huomauttaa, ett\u00e4 vaikka Ukraina saa tukea, se on kuitenkin pieni\u00e4 murto-osia Euroopan maiden kansantuotteesta.<\/p>\n<p class=\"aw-1gybjub aw-1p7kakr kEtdKx cEmitX yle__article__paragraph\">Ukrainan liittyminen EU:n j\u00e4seneksi tuskin toteutuu nopeasti, ja Naton j\u00e4senyys sen vaihtoehdoista on jo poistunut useiden liittolaismaiden vastustuksen vuoksi.<\/p>\n<p class=\"aw-1gybjub aw-1p7kakr kEtdKx cEmitX yle__article__paragraph\">Tuoreessa artikkelissaan Karjalainen v\u00e4itt\u00e4\u00e4, ett\u00e4 <a class=\"aw-iao6s4 iHOxEa yle__article__link\" href=\"https:\/\/fiia.fi\/julkaisu\/ukraine-is-losing-the-war\" role=\"link\" rel=\"nofollow noopener\" target=\"_blank\">Ukraina on h\u00e4vi\u00e4m\u00e4ss\u00e4 sodan<\/a>.<\/p>\n<p class=\"aw-1gybjub aw-1p7kakr kEtdKx cEmitX yle__article__paragraph\">\u201dJos Ven\u00e4j\u00e4\u00e4n ei kohdisteta lis\u00e4\u00e4 painetta, rauhaa ei ole n\u00e4k\u00f6piiriss\u00e4. Siksi Euroopan pit\u00e4isi valmistautua Ukrainan uudistusten hidastumiseen, demokratiakehityksen takapakkiin ja Eurooppa-vastaisen mielialan vahvistumiseen Ukrainassa\u201d, Karjalainen kirjoittaa artikkelissa.<\/p>\n<p><img decoding=\"async\" alt=\"Kuvakaappaus Alexander Stubbin X-tililt\u00e4. \" src=\"https:\/\/www.europesays.com\/fi\/wp-content\/uploads\/2026\/03\/39-1462746681deacabadb3.jpeg\" loading=\"lazy\" class=\"aw-1l9m598 hKVVvP\"\/><\/p>\n<p>Avaa kuvien katselu<\/p>\n<p>Viimeksi JEF-johtajat kokoontuivat vuosi sitten Oslossa. Sielt\u00e4 johtajat soittivat yhteispuhelun Donald Trumpille, liittyen Ukrainan sodan senhetkiseen tilanteeseen. Kuva: Kuvakaappaus Alexander Stubbin X-tililt\u00e4. Kollaasi: Susanna Pesonen \/ Yle<\/p>\n<p class=\"aw-1gybjub aw-1p7kakr kEtdKx cEmitX yle__article__paragraph\">Mit\u00e4 JEF-maiden pit\u00e4isi tehd\u00e4? Karjalaisen mielest\u00e4 ainakin her\u00e4t\u00e4.<\/p>\n<p class=\"aw-1gybjub aw-1p7kakr kEtdKx cEmitX yle__article__paragraph\">\u2013 Onko viel\u00e4k\u00e4\u00e4n hoksattu, ett\u00e4 jos vain nojataan Yhdysvaltojen johtoon t\u00e4m\u00e4n sodan ratkaisemisessa, lopputulos on vaarallinen Euroopalle, Karjalainen sanoo.<\/p>\n<p class=\"aw-1gybjub aw-1p7kakr kEtdKx cEmitX yle__article__paragraph\">Ukrainalle ehdot, joihin Yhdysvallat on Ukrainan suhteen my\u00f6ntym\u00e4ss\u00e4, ovat katastrofaalisia, Karjalainen sanoo. Siksi Euroopan pit\u00e4\u00e4 viesti\u00e4 Yhdysvalloille, mik\u00e4 k\u00e4y ja mik\u00e4 ei k\u00e4y. T\u00e4ss\u00e4 my\u00f6s JEF-mailla on teht\u00e4v\u00e4.<\/p>\n<p class=\"aw-1gybjub aw-1p7kakr kEtdKx cEmitX yle__article__paragraph\">Korjaus 26.3. klo 8.00: Gitanas Naus\u0117da on Liettuan presidentti, ei p\u00e4\u00e4ministeri.<\/p>\n","protected":false},"excerpt":{"rendered":"Kun Nato viel\u00e4 miettii, JEF-maat ovat jo liikkeell\u00e4. Suunnilleen n\u00e4in toimii kymmenen maan puolustusyhteisty\u00f6ryhm\u00e4 JEF, Joint Expeditionary Force,&hellip;\n","protected":false},"author":2,"featured_media":204323,"comment_status":"","ping_status":"","sticky":false,"template":"","format":"standard","meta":{"footnotes":"","_share_on_mastodon":"0"},"categories":[14],"tags":[22,23,26,27,33,31,30,17,31024,70,24,25,28,29,15,18,21,637,9052,32,19,20,546,56,16,59,60,61],"class_list":["post-204322","post","type-post","status-publish","format-standard","has-post-thumbnail","category-ulkomaat","tag-breaking-news","tag-breakingnews","tag-featured-news","tag-featurednews","tag-fi","tag-finland","tag-finnish","tag-headlines","tag-joint-expeditionary-force","tag-kansainvalinen-politiikka","tag-latest-news","tag-latestnews","tag-main-news","tag-mainnews","tag-news","tag-otsikot","tag-paauutiset","tag-politiikka","tag-puolustus","tag-suomi","tag-top-stories","tag-topstories","tag-turvallisuus","tag-ulkomaat","tag-uutiset","tag-world","tag-world-news","tag-worldnews"],"share_on_mastodon":{"url":"https:\/\/pubeurope.com\/@fi\/116294218146882529","error":""},"_links":{"self":[{"href":"https:\/\/www.europesays.com\/fi\/wp-json\/wp\/v2\/posts\/204322","targetHints":{"allow":["GET"]}}],"collection":[{"href":"https:\/\/www.europesays.com\/fi\/wp-json\/wp\/v2\/posts"}],"about":[{"href":"https:\/\/www.europesays.com\/fi\/wp-json\/wp\/v2\/types\/post"}],"author":[{"embeddable":true,"href":"https:\/\/www.europesays.com\/fi\/wp-json\/wp\/v2\/users\/2"}],"replies":[{"embeddable":true,"href":"https:\/\/www.europesays.com\/fi\/wp-json\/wp\/v2\/comments?post=204322"}],"version-history":[{"count":0,"href":"https:\/\/www.europesays.com\/fi\/wp-json\/wp\/v2\/posts\/204322\/revisions"}],"wp:featuredmedia":[{"embeddable":true,"href":"https:\/\/www.europesays.com\/fi\/wp-json\/wp\/v2\/media\/204323"}],"wp:attachment":[{"href":"https:\/\/www.europesays.com\/fi\/wp-json\/wp\/v2\/media?parent=204322"}],"wp:term":[{"taxonomy":"category","embeddable":true,"href":"https:\/\/www.europesays.com\/fi\/wp-json\/wp\/v2\/categories?post=204322"},{"taxonomy":"post_tag","embeddable":true,"href":"https:\/\/www.europesays.com\/fi\/wp-json\/wp\/v2\/tags?post=204322"}],"curies":[{"name":"wp","href":"https:\/\/api.w.org\/{rel}","templated":true}]}}