{"id":20456,"date":"2025-08-30T06:21:20","date_gmt":"2025-08-30T06:21:20","guid":{"rendered":"https:\/\/www.europesays.com\/fi\/20456\/"},"modified":"2025-08-30T06:21:20","modified_gmt":"2025-08-30T06:21:20","slug":"jattivuoto-motorola-alypuhelimet-moto-g06-moto-g06-power-ja-edge-60-neo-ja-muita-lenovon-ifa-uutuuksia-paljastui-tuotekuvissa","status":"publish","type":"post","link":"https:\/\/www.europesays.com\/fi\/20456\/","title":{"rendered":"J\u00e4ttivuoto: Motorola-\u00e4lypuhelimet Moto G06, Moto G06 Power ja Edge 60 Neo ja muita Lenovon IFA-uutuuksia paljastui tuotekuvissa"},"content":{"rendered":"<p><a href=\"https:\/\/mobiili.fi\/wp-content\/uploads\/2022\/10\/motorola_logo-scaled.jpg\" data-lightbox=\"image\" rel=\"nofollow noopener\" target=\"_blank\"><img fetchpriority=\"high\" decoding=\"async\" class=\"aligncenter size-large wp-image-205954\" src=\"data:image\/svg+xml,%3Csvg%20xmlns=\" http:=\"\" alt=\"Motorola logo.\" width=\"800\" height=\"590\" data-lazy- data-lazy- data-lazy-src=\"https:\/\/www.europesays.com\/fi\/wp-content\/uploads\/2025\/08\/motorola_logo-800x590.jpg\"\/><\/a><\/p>\n<p>Kolme tulevaa Motorola-\u00e4lypuhelinta ovat paljastuneet tarkoissa tuotekuvissa. Lis\u00e4ksi samalla on paljastunut Motorolan omistavan Lenovon muita uutuuksia.<\/p>\n<p><a href=\"https:\/\/x.com\/evleaks\/status\/1961175554029203549\" rel=\"nofollow\">Tuttu vuotaja Evan Blass eli evleaks on laittanut jakoon<\/a> tuotekuvat Motorola Edge 60 Neosta, Moto G06:sta ja Moto G06 Powerista ja muista Lenovon uutuuksista. Vuotaneiden tuotteiden julkistusten Blass on kertonut tapahtuvan syyskuun alun Berliinin IFA-messujen yhteydess\u00e4.<\/p>\n<p style=\"width: 98%; text-align: center; font-size:13px; border-bottom: 1px solid #C8C8C8; line-height: 0.1em; margin: 8px 1% 16px 1%;\">MAINOS (ARTIKKELI JATKUU ALLA)<\/p>\n<p>Laajemmin tietoja ominaisuuksista ei kuvien yhteydess\u00e4 paljastunut.<\/p>\n<p>Takana Motorola Edge 60 Neossa on kolme kameraa sis\u00e4lt\u00e4en n\u00e4ht\u00e4v\u00e4sti p\u00e4\u00e4kameran lis\u00e4ksi ultralaajakulma- ja telekamerat. Kokonaisuutena muotoilu on tuttua Motorolaa.<\/p>\n<p><strong>Motorola Edge 60 Neo<\/strong><\/p>\n<p style=\"width: 98%; text-align: center; font-size:13px; border-bottom: 1px solid #C8C8C8; line-height: 0.1em; margin: 8px 1% 16px 1%;\">MAINOS (ARTIKKELI JATKUU ALLA)<\/p>\n<p><a href=\"https:\/\/www.europesays.com\/fi\/wp-content\/uploads\/2025\/08\/motorola_edge_60_neo_1.jpg\" data-lightbox=\"image\"><img loading=\"lazy\" decoding=\"async\" class=\"aligncenter size-full wp-image-264540\" src=\"data:image\/svg+xml,%3Csvg%20xmlns=\" http:=\"\" alt=\"\" width=\"720\" height=\"500\" data-lazy- data-lazy- data-lazy-src=\"https:\/\/www.europesays.com\/fi\/wp-content\/uploads\/2025\/08\/motorola_edge_60_neo_1.jpg\"\/><\/a> <a href=\"https:\/\/www.europesays.com\/fi\/wp-content\/uploads\/2025\/08\/motorola_edge_60_neo_2.jpg\" data-lightbox=\"image\"><img loading=\"lazy\" decoding=\"async\" class=\"aligncenter size-full wp-image-264541\" src=\"data:image\/svg+xml,%3Csvg%20xmlns=\" http:=\"\" alt=\"\" width=\"720\" height=\"500\" data-lazy- data-lazy- data-lazy-src=\"https:\/\/www.europesays.com\/fi\/wp-content\/uploads\/2025\/08\/motorola_edge_60_neo_2.jpg\"\/><\/a> <a href=\"https:\/\/www.europesays.com\/fi\/wp-content\/uploads\/2025\/08\/motorola_edge_60_neo_3.jpg\" data-lightbox=\"image\"><img loading=\"lazy\" decoding=\"async\" class=\"aligncenter size-full wp-image-264542\" src=\"data:image\/svg+xml,%3Csvg%20xmlns=\" http:=\"\" alt=\"\" width=\"720\" height=\"500\" data-lazy- data-lazy- data-lazy-src=\"https:\/\/www.europesays.com\/fi\/wp-content\/uploads\/2025\/08\/motorola_edge_60_neo_3.jpg\"\/><\/a><\/p>\n<p>Edulliseen hintaluokkaan odotettu Moto G06 on ollut esill\u00e4 jo aiemmissa vuodoissa.<\/p>\n<p>Aiemmin paljastuneiden tietojen mukaan Moto G06 on jatkamassa jo Moto G05:st\u00e4 tutulla MediaTekin Helio G81 Extreme -j\u00e4rjestelm\u00e4piirill\u00e4. RAM-k\u00e4ytt\u00f6muistia on 4 gigatavua ja tallennusmuistia 64 tai 256 gigatavua. Akun kapasiteetti tulee olemaan 5 100 milliampeerituntia.<\/p>\n<p><strong>Moto G06<\/strong><\/p>\n<p style=\"width: 98%; text-align: center; font-size:13px; border-bottom: 1px solid #C8C8C8; line-height: 0.1em; margin: 8px 1% 16px 1%;\">MAINOS (ARTIKKELI JATKUU ALLA)<\/p>\n<p><a href=\"https:\/\/www.europesays.com\/fi\/wp-content\/uploads\/2025\/08\/moto_g06_evleaks_1.jpg\" data-lightbox=\"image\"><img loading=\"lazy\" decoding=\"async\" class=\"aligncenter size-full wp-image-264534\" src=\"data:image\/svg+xml,%3Csvg%20xmlns=\" http:=\"\" alt=\"\" width=\"720\" height=\"500\" data-lazy- data-lazy- data-lazy-src=\"https:\/\/www.europesays.com\/fi\/wp-content\/uploads\/2025\/08\/moto_g06_evleaks_1.jpg\"\/><\/a> <a href=\"https:\/\/www.europesays.com\/fi\/wp-content\/uploads\/2025\/08\/moto_g06_evleaks_2.jpg\" data-lightbox=\"image\"><img loading=\"lazy\" decoding=\"async\" class=\"aligncenter size-full wp-image-264535\" src=\"data:image\/svg+xml,%3Csvg%20xmlns=\" http:=\"\" alt=\"\" width=\"720\" height=\"500\" data-lazy- data-lazy- data-lazy-src=\"https:\/\/www.europesays.com\/fi\/wp-content\/uploads\/2025\/08\/moto_g06_evleaks_2.jpg\"\/><\/a> <a href=\"https:\/\/www.europesays.com\/fi\/wp-content\/uploads\/2025\/08\/moto_g06_evleaks_3.jpg\" data-lightbox=\"image\"><img loading=\"lazy\" decoding=\"async\" class=\"aligncenter size-full wp-image-264536\" src=\"data:image\/svg+xml,%3Csvg%20xmlns=\" http:=\"\" alt=\"\" width=\"720\" height=\"500\" data-lazy- data-lazy- data-lazy-src=\"https:\/\/www.europesays.com\/fi\/wp-content\/uploads\/2025\/08\/moto_g06_evleaks_3.jpg\"\/><\/a><\/p>\n<p>Moto G06 Power tullee olemaan varustettu suuremmalla akulla, mutta kapasiteetista ei ole viel\u00e4 tietoa.<\/p>\n<p><strong>Moto G06 Power<\/strong><\/p>\n<p><a href=\"https:\/\/www.europesays.com\/fi\/wp-content\/uploads\/2025\/08\/moto_g06_power_evleaks_1.jpg\" data-lightbox=\"image\"><img loading=\"lazy\" decoding=\"async\" class=\"aligncenter size-full wp-image-264537\" src=\"data:image\/svg+xml,%3Csvg%20xmlns=\" http:=\"\" alt=\"\" width=\"720\" height=\"500\" data-lazy- data-lazy- data-lazy-src=\"https:\/\/www.europesays.com\/fi\/wp-content\/uploads\/2025\/08\/moto_g06_power_evleaks_1.jpg\"\/><\/a> <a href=\"https:\/\/www.europesays.com\/fi\/wp-content\/uploads\/2025\/08\/moto_g06_power_evleaks_2.jpg\" data-lightbox=\"image\"><img loading=\"lazy\" decoding=\"async\" class=\"aligncenter size-full wp-image-264538\" src=\"data:image\/svg+xml,%3Csvg%20xmlns=\" http:=\"\" alt=\"\" width=\"720\" height=\"500\" data-lazy- data-lazy- data-lazy-src=\"https:\/\/www.europesays.com\/fi\/wp-content\/uploads\/2025\/08\/moto_g06_power_evleaks_2.jpg\"\/><\/a> <a href=\"https:\/\/www.europesays.com\/fi\/wp-content\/uploads\/2025\/08\/moto_g06_power_evleaks_3.jpg\" data-lightbox=\"image\"><img loading=\"lazy\" decoding=\"async\" class=\"aligncenter size-full wp-image-264539\" src=\"data:image\/svg+xml,%3Csvg%20xmlns=\" http:=\"\" alt=\"\" width=\"720\" height=\"500\" data-lazy- data-lazy- data-lazy-src=\"https:\/\/www.europesays.com\/fi\/wp-content\/uploads\/2025\/08\/moto_g06_power_evleaks_3.jpg\"\/><\/a><\/p>\n<p style=\"width: 98%; text-align: center; font-size:13px; border-bottom: 1px solid #C8C8C8; line-height: 0.1em; margin: 8px 1% 16px 1%;\">MAINOS (ARTIKKELI JATKUU ALLA)<\/p>\n<p>Motorola-puhelinten lis\u00e4ksi Lenovo tulee esittelem\u00e4\u00e4n IFA-messuilla useita muita uutuuksia. N\u00e4ihin lukeutuvat tablettilaitteet IdeaPad Plus ja Yoga Tab, kannettava Legion Go 2 -pelilaite sek\u00e4 useita l\u00e4pp\u00e4reit\u00e4 ja n\u00e4ytt\u00f6j\u00e4.<\/p>\n<p>Lis\u00e4ksi mielenkiintoisena uutena konseptilaitteena tulossa on l\u00e4pp\u00e4ri, jonka n\u00e4ytt\u00f6 k\u00e4\u00e4ntyy vaaka- ja pystytilojen v\u00e4lill\u00e4. Vuotaja Blassin mukaan konsepti tunnetaan Lenovon sis\u00e4ll\u00e4 Project Pivo -nimell\u00e4.<\/p>\n<p><strong>Lenovo Project Pivo<\/strong><\/p>\n<p><a href=\"https:\/\/mobiili.fi\/wp-content\/uploads\/2025\/08\/lenovo_project_pivo_evleaks-scaled.jpg\" data-lightbox=\"image\" rel=\"nofollow noopener\" target=\"_blank\"><img loading=\"lazy\" decoding=\"async\" class=\"aligncenter size-large wp-image-264529\" src=\"data:image\/svg+xml,%3Csvg%20xmlns=\" http:=\"\" alt=\"\" width=\"1200\" height=\"800\" data-lazy- data-lazy- data-lazy-src=\"https:\/\/www.europesays.com\/fi\/wp-content\/uploads\/2025\/08\/lenovo_project_pivo_evleaks-1200x800.jpg\"\/><\/a><\/p>\n<p><strong>Lenovo Legion Go 2<\/strong><\/p>\n<p><a href=\"https:\/\/mobiili.fi\/wp-content\/uploads\/2025\/08\/lenovo_legion_go_2_evleaks-scaled.jpg\" data-lightbox=\"image\" rel=\"nofollow noopener\" target=\"_blank\"><img loading=\"lazy\" decoding=\"async\" class=\"aligncenter size-large wp-image-264528\" src=\"data:image\/svg+xml,%3Csvg%20xmlns=\" http:=\"\" alt=\"\" width=\"1200\" height=\"1200\" data-lazy- data-lazy- data-lazy-src=\"https:\/\/www.europesays.com\/fi\/wp-content\/uploads\/2025\/08\/lenovo_legion_go_2_evleaks-1200x1200.jpg\"\/><\/a><\/p>\n<p><strong>Uudet tabletit<\/strong><\/p>\n<p><a href=\"https:\/\/www.europesays.com\/fi\/wp-content\/uploads\/2025\/08\/lenovo_tablet_evleaks_4.jpg\" data-lightbox=\"image\"><img loading=\"lazy\" decoding=\"async\" class=\"aligncenter size-full wp-image-264533\" src=\"data:image\/svg+xml,%3Csvg%20xmlns=\" http:=\"\" alt=\"\" width=\"720\" height=\"500\" data-lazy- data-lazy- data-lazy-src=\"https:\/\/www.europesays.com\/fi\/wp-content\/uploads\/2025\/08\/lenovo_tablet_evleaks_4.jpg\"\/><\/a> <a href=\"https:\/\/www.europesays.com\/fi\/wp-content\/uploads\/2025\/08\/lenovo_tablet_evleaks_3.jpg\" data-lightbox=\"image\"><img loading=\"lazy\" decoding=\"async\" class=\"aligncenter size-full wp-image-264532\" src=\"data:image\/svg+xml,%3Csvg%20xmlns=\" http:=\"\" alt=\"\" width=\"720\" height=\"500\" data-lazy- data-lazy- data-lazy-src=\"https:\/\/www.europesays.com\/fi\/wp-content\/uploads\/2025\/08\/lenovo_tablet_evleaks_3.jpg\"\/><\/a> <a href=\"https:\/\/www.europesays.com\/fi\/wp-content\/uploads\/2025\/08\/lenovo_tablet_evleaks_2.jpg\" data-lightbox=\"image\"><img loading=\"lazy\" decoding=\"async\" class=\"aligncenter size-full wp-image-264531\" src=\"data:image\/svg+xml,%3Csvg%20xmlns=\" http:=\"\" alt=\"\" width=\"720\" height=\"500\" data-lazy- data-lazy- data-lazy-src=\"https:\/\/www.europesays.com\/fi\/wp-content\/uploads\/2025\/08\/lenovo_tablet_evleaks_2.jpg\"\/><\/a> <a href=\"https:\/\/www.europesays.com\/fi\/wp-content\/uploads\/2025\/08\/lenovo_tablet_evleaks_1.jpg\" data-lightbox=\"image\"><img loading=\"lazy\" decoding=\"async\" class=\"aligncenter size-full wp-image-264530\" src=\"data:image\/svg+xml,%3Csvg%20xmlns=\" http:=\"\" alt=\"\" width=\"720\" height=\"500\" data-lazy- data-lazy- data-lazy-src=\"https:\/\/www.europesays.com\/fi\/wp-content\/uploads\/2025\/08\/lenovo_tablet_evleaks_1.jpg\"\/><\/a><\/p>\n<p>Jaa t\u00e4m\u00e4<\/p>\n<ul>\n<li class=\"share-facebook\"><a rel=\"nofollow noopener noreferrer\" data-shared=\"sharing-facebook-264527\" class=\"share-facebook sd-button share-icon\" href=\"https:\/\/mobiili.fi\/2025\/08\/30\/jattivuoto-motorola-alypuhelimet-moto-g06-moto-g06-power-ja-edge-60-neo-ja-muita-lenovon-ifa-uutuuksia-paljastui-tuotekuvissa\/?share=facebook\" target=\"_blank\" aria-labelledby=\"sharing-facebook-264527\"><br \/>\n\t\t\t\tJaa Facebookissa(Avautuu uudessa ikkunassa)<br \/>\n\t\t\t\tFacebook<br \/>\n\t\t\t<\/a><\/li>\n<li class=\"share-twitter\"><a rel=\"nofollow noopener noreferrer\" data-shared=\"sharing-twitter-264527\" class=\"share-twitter sd-button share-icon\" href=\"https:\/\/mobiili.fi\/2025\/08\/30\/jattivuoto-motorola-alypuhelimet-moto-g06-moto-g06-power-ja-edge-60-neo-ja-muita-lenovon-ifa-uutuuksia-paljastui-tuotekuvissa\/?share=twitter\" target=\"_blank\" aria-labelledby=\"sharing-twitter-264527\"><br \/>\n\t\t\t\tClick to share on X(Avautuu uudessa ikkunassa)<br \/>\n\t\t\t\tX<br \/>\n\t\t\t<\/a><\/li>\n<li class=\"share-linkedin\"><a rel=\"nofollow noopener noreferrer\" data-shared=\"sharing-linkedin-264527\" class=\"share-linkedin sd-button share-icon\" href=\"https:\/\/mobiili.fi\/2025\/08\/30\/jattivuoto-motorola-alypuhelimet-moto-g06-moto-g06-power-ja-edge-60-neo-ja-muita-lenovon-ifa-uutuuksia-paljastui-tuotekuvissa\/?share=linkedin\" target=\"_blank\" aria-labelledby=\"sharing-linkedin-264527\"><br \/>\n\t\t\t\tJaa LinkedIn:ss\u00e4(Avautuu uudessa ikkunassa)<br \/>\n\t\t\t\tLinkedIn<br \/>\n\t\t\t<\/a><\/li>\n<li class=\"share-jetpack-whatsapp\"><a rel=\"nofollow noopener noreferrer\" data-shared=\"sharing-whatsapp-264527\" class=\"share-jetpack-whatsapp sd-button share-icon\" href=\"https:\/\/mobiili.fi\/2025\/08\/30\/jattivuoto-motorola-alypuhelimet-moto-g06-moto-g06-power-ja-edge-60-neo-ja-muita-lenovon-ifa-uutuuksia-paljastui-tuotekuvissa\/?share=jetpack-whatsapp\" target=\"_blank\" aria-labelledby=\"sharing-whatsapp-264527\"><br \/>\n\t\t\t\tJaa WhatsApp palvelussa(Avautuu uudessa ikkunassa)<br \/>\n\t\t\t\tWhatsApp<br \/>\n\t\t\t<\/a><\/li>\n<li class=\"share-end\"\/><\/ul>\n<p>Mainos: <a href=\"https:\/\/hinta.fi\/?src=gPp6fX03\" target=\"_blank\" rel=\"nofollow noopener\">Noin 1 600 000 tuotteen hintavertailu ja hintaseuranta &#8211; katso Hinta.fist\u00e4 mist\u00e4 saat halvimmalla<\/a><\/p>\n","protected":false},"excerpt":{"rendered":"Kolme tulevaa Motorola-\u00e4lypuhelinta ovat paljastuneet tarkoissa tuotekuvissa. Lis\u00e4ksi samalla on paljastunut Motorolan omistavan Lenovon muita uutuuksia. Tuttu vuotaja&hellip;\n","protected":false},"author":2,"featured_media":20457,"comment_status":"","ping_status":"","sticky":false,"template":"","format":"standard","meta":{"footnotes":""},"categories":[84],"tags":[33,31,30,32,91,92],"class_list":{"0":"post-20456","1":"post","2":"type-post","3":"status-publish","4":"format-standard","5":"has-post-thumbnail","7":"category-teknologia","8":"tag-fi","9":"tag-finland","10":"tag-finnish","11":"tag-suomi","12":"tag-technology","13":"tag-teknologia"},"share_on_mastodon":{"url":"","error":""},"_links":{"self":[{"href":"https:\/\/www.europesays.com\/fi\/wp-json\/wp\/v2\/posts\/20456","targetHints":{"allow":["GET"]}}],"collection":[{"href":"https:\/\/www.europesays.com\/fi\/wp-json\/wp\/v2\/posts"}],"about":[{"href":"https:\/\/www.europesays.com\/fi\/wp-json\/wp\/v2\/types\/post"}],"author":[{"embeddable":true,"href":"https:\/\/www.europesays.com\/fi\/wp-json\/wp\/v2\/users\/2"}],"replies":[{"embeddable":true,"href":"https:\/\/www.europesays.com\/fi\/wp-json\/wp\/v2\/comments?post=20456"}],"version-history":[{"count":0,"href":"https:\/\/www.europesays.com\/fi\/wp-json\/wp\/v2\/posts\/20456\/revisions"}],"wp:featuredmedia":[{"embeddable":true,"href":"https:\/\/www.europesays.com\/fi\/wp-json\/wp\/v2\/media\/20457"}],"wp:attachment":[{"href":"https:\/\/www.europesays.com\/fi\/wp-json\/wp\/v2\/media?parent=20456"}],"wp:term":[{"taxonomy":"category","embeddable":true,"href":"https:\/\/www.europesays.com\/fi\/wp-json\/wp\/v2\/categories?post=20456"},{"taxonomy":"post_tag","embeddable":true,"href":"https:\/\/www.europesays.com\/fi\/wp-json\/wp\/v2\/tags?post=20456"}],"curies":[{"name":"wp","href":"https:\/\/api.w.org\/{rel}","templated":true}]}}