{"id":204653,"date":"2026-03-26T15:14:15","date_gmt":"2026-03-26T15:14:15","guid":{"rendered":"https:\/\/www.europesays.com\/fi\/204653\/"},"modified":"2026-03-26T15:14:15","modified_gmt":"2026-03-26T15:14:15","slug":"the-69-eyes-julkaisi-raskaasti-rokkaavan-version-thin-lizzyn-klassikosta-videoineen","status":"publish","type":"post","link":"https:\/\/www.europesays.com\/fi\/204653\/","title":{"rendered":"The 69 Eyes julkaisi raskaasti rokkaavan version Thin Lizzyn klassikosta videoineen"},"content":{"rendered":"<p><strong>The 69 Eyes<\/strong> on julkaissut kes\u00e4ll\u00e4 ilmestyv\u00e4lt\u00e4 I Survive -ep:lt\u00e4 l\u00f6ytyv\u00e4n oman versionsa <strong>Thin Lizzyn<\/strong> Cold Sweat -klassikosta. <strong>Erno Laitisen<\/strong> tuottaman ja <strong>Barry Pointerin<\/strong> (<strong>Ozzy Osbourne<\/strong>, <strong>M\u00f6tley Cr\u00fce<\/strong>) miksaaman version kylkeen on tehty my\u00f6s video, jonka voit katsoa alta.<\/p>\n<p>\u201dYksi frendi l\u00e4hetti mulle toistakymment\u00e4 vuotta vanhan meid\u00e4n demon, joka oltiin tehty Cold Sweatist\u00e4 ja kysyi, ett\u00e4 miksette julkaise t\u00e4t\u00e4? Vallila Music Housen pomo <strong>Gabi Hakanen<\/strong> totesi demon kuultuaan, ett\u00e4 t\u00e4m\u00e4h\u00e4n juuri sit\u00e4 mit\u00e4 The 69 Eyes on parhaimmillaan. Rokkia radioon!\u201d <strong>Jyrki 69<\/strong> kertoo.<\/p>\n<p><img loading=\"lazy\" decoding=\"async\" alt=\"YouTube video\" width=\"480\" height=\"360\" data-pin-nopin=\"true\" nopin=\"nopin\" class=\"perfmatters-lazy\" src=\"https:\/\/www.europesays.com\/fi\/wp-content\/uploads\/2026\/03\/1774538051_955_hqdefault.jpg\"\/><\/p>\n<p>Lue my\u00f6s: <a href=\"https:\/\/www.inferno.fi\/uutiskirje\/\" title=\"Tilaa Infernon uutiskirje\" class=\"underline-custom !font-montserrat !font-bold !underline-offset-4 !decoration-4 !decoration-red-600 !text-md\" rel=\"nofollow noopener\" target=\"_blank\">Tilaa Infernon uutiskirje ja tied\u00e4t mist\u00e4 kahvitauolla puhutaan! Nappaa raskaan musiikin uutiset ja puheenaiheet suoraan s\u00e4hk\u00f6postiin t\u00e4st\u00e4.<\/a><\/p>\n<p>    <a class=\"block\" href=\"https:\/\/www.como.fi\/uutiset\/archie-cruz-kertoo-mielipiteensa-iidasta\/\" target=\"_blank\" rel=\"noopener nofollow\"><br \/>\n                    <img loading=\"lazy\" decoding=\"async\" width=\"672\" height=\"463\" alt=\"Archie Cruz kertoo mielipiteens\u00e4 Iidasta\" class=\"perfmatters-lazy\" src=\"https:\/\/www.europesays.com\/fi\/wp-content\/uploads\/2026\/03\/1.05554737-2-scaled-e1774527878402-672x463.jpg\"\/><\/p>\n<p>                        <img loading=\"lazy\" decoding=\"async\" alt=\"Como.fi\" width=\"16\" height=\"16\" class=\"perfmatters-lazy\" src=\"https:\/\/www.europesays.com\/fi\/wp-content\/uploads\/2026\/02\/favicon-16x16.png\"\/><\/p>\n<p>    <\/a><\/p>\n<p>    <a class=\"block\" href=\"https:\/\/www.inferno.fi\/uutiset\/aamulehti-tampereen-olympia-korttelin-taustayhtiota-haetaan-konkurssiin\/\" rel=\"nofollow noopener\" target=\"_blank\"><br \/>\n        <img loading=\"lazy\" height=\"378\" width=\"672\" class=\"attachment-large_post_image size-large_post_image sp-no-webp perfmatters-lazy\" alt=\"Aamulehti: Tampereen Olympia-korttelin taustayhti\u00f6t\u00e4 haetaan konkurssiin\" decoding=\"async\" src=\"https:\/\/www.europesays.com\/fi\/wp-content\/uploads\/2026\/03\/geoff-tate-olympia-2023-11-29-dsc07406-kopio-672x378.jpg\"  data-\/><br \/>\n    <\/a><\/p>\n<p>    <a class=\"block\" href=\"https:\/\/www.como.fi\/uutiset\/raisiolaismies-on-voittanut-lotossa-seitseman-kertaa-paavoiton\/\" target=\"_blank\" rel=\"noopener nofollow\"><br \/>\n                    <img loading=\"lazy\" decoding=\"async\" width=\"672\" height=\"448\" alt=\"Raisiolaismies on voittanut Lotossa seitsem\u00e4n kertaa p\u00e4\u00e4voiton\" class=\"perfmatters-lazy\" src=\"https:\/\/www.europesays.com\/fi\/wp-content\/uploads\/2026\/03\/lotto-2-672x448.jpg\"\/><\/p>\n<p>                        <img loading=\"lazy\" decoding=\"async\" alt=\"Como.fi\" width=\"16\" height=\"16\" class=\"perfmatters-lazy\" src=\"https:\/\/www.europesays.com\/fi\/wp-content\/uploads\/2026\/02\/favicon-16x16.png\"\/><\/p>\n<p>    <\/a><\/p>\n<p>    <a class=\"block\" href=\"https:\/\/www.como.fi\/uutiset\/seiska-sanni-suuteli-tv-julkkista-katso-intohimoiset-kuvat\/\" target=\"_blank\" rel=\"noopener nofollow\"><br \/>\n                    <img loading=\"lazy\" decoding=\"async\" width=\"672\" height=\"438\" alt=\"Seiska: Sanni suuteli tv-julkkista \u2013 katso intohimoiset kuvat\" class=\"perfmatters-lazy\" src=\"https:\/\/www.europesays.com\/fi\/wp-content\/uploads\/2026\/03\/1.05896155-scaled-e1774508716827-672x438.jpg\"\/><\/p>\n<p>                        <img loading=\"lazy\" decoding=\"async\" alt=\"Como.fi\" width=\"16\" height=\"16\" class=\"perfmatters-lazy\" src=\"https:\/\/www.europesays.com\/fi\/wp-content\/uploads\/2026\/02\/favicon-16x16.png\"\/><\/p>\n<p>    <\/a><\/p>\n<p>    <a class=\"block\" href=\"https:\/\/www.inferno.fi\/live\/hexvessel-kutsuu-kuulijansa-mukaan-ihan-omanlaiseensa-messuun-raportti-helsingin-keikalta\/\" rel=\"nofollow noopener\" target=\"_blank\"><br \/>\n        <img loading=\"lazy\" height=\"504\" width=\"672\" class=\"attachment-large_post_image size-large_post_image sp-no-webp perfmatters-lazy\" alt=\"Hexvessel kutsuu kuulijansa mukaan ihan omanlaiseensa messuun \u2013 raportti Helsingin-keikalta\" decoding=\"async\" src=\"https:\/\/www.europesays.com\/fi\/wp-content\/uploads\/2026\/03\/img-6577-672x504.jpeg\"  data-\/><br \/>\n    <\/a><\/p>\n<p>    <a class=\"block\" href=\"https:\/\/www.inferno.fi\/uutiset\/sarokannel-soi-pahaenteisesti-numenton-tuoreella-singlella-ja-kunnianhimoisella-videolla\/\" rel=\"nofollow noopener\" target=\"_blank\"><br \/>\n        <img loading=\"lazy\" height=\"378\" width=\"672\" class=\"attachment-large_post_image size-large_post_image sp-no-webp perfmatters-lazy\" alt=\"S\u00e4r\u00f6kannel soi pahaenteisesti Numenton tuoreella singlell\u00e4 ja kunnianhimoisella videolla\" decoding=\"async\" src=\"https:\/\/www.europesays.com\/fi\/wp-content\/uploads\/2026\/03\/numento-2025-12-5-672x378.jpg\"  data-\/><br \/>\n    <\/a><\/p>\n<p>    <a class=\"block\" href=\"https:\/\/www.inferno.fi\/uutiset\/en-toivo-sellaista-edes-pahimmalle-viholliselleni-ritchie-blackmore-kertoo-kiertueen-peruuntumiseen-johtaneista-terveysongelmista\/\" rel=\"nofollow noopener\" target=\"_blank\"><br \/>\n        <img loading=\"lazy\" height=\"448\" width=\"672\" class=\"attachment-large_post_image size-large_post_image sp-no-webp perfmatters-lazy\" alt=\"\u201dEn toivo sellaista edes pahimmalle viholliselleni\u201d \u2013 Ritchie Blackmore kertoo kiertueen peruuntumiseen johtaneista terveysongelmista\" decoding=\"async\" src=\"https:\/\/www.europesays.com\/fi\/wp-content\/uploads\/2026\/03\/103888426-672x448.jpg\"  data-\/><br \/>\n    <\/a><\/p>\n","protected":false},"excerpt":{"rendered":"The 69 Eyes on julkaissut kes\u00e4ll\u00e4 ilmestyv\u00e4lt\u00e4 I Survive -ep:lt\u00e4 l\u00f6ytyv\u00e4n oman versionsa Thin Lizzyn Cold Sweat -klassikosta.&hellip;\n","protected":false},"author":2,"featured_media":204654,"comment_status":"","ping_status":"","sticky":false,"template":"","format":"standard","meta":{"footnotes":"","_share_on_mastodon":"0"},"categories":[132],"tags":[806,137,3149,33,31,30,195,47,1243,32,109],"class_list":["post-204653","post","type-post","status-publish","format-standard","has-post-thumbnail","category-musiikki","tag-cover","tag-entertainment","tag-ep","tag-fi","tag-finland","tag-finnish","tag-music","tag-musiikki","tag-musiikkivideo","tag-suomi","tag-viihde"],"share_on_mastodon":{"url":"https:\/\/pubeurope.com\/@fi\/116296133363561149","error":""},"_links":{"self":[{"href":"https:\/\/www.europesays.com\/fi\/wp-json\/wp\/v2\/posts\/204653","targetHints":{"allow":["GET"]}}],"collection":[{"href":"https:\/\/www.europesays.com\/fi\/wp-json\/wp\/v2\/posts"}],"about":[{"href":"https:\/\/www.europesays.com\/fi\/wp-json\/wp\/v2\/types\/post"}],"author":[{"embeddable":true,"href":"https:\/\/www.europesays.com\/fi\/wp-json\/wp\/v2\/users\/2"}],"replies":[{"embeddable":true,"href":"https:\/\/www.europesays.com\/fi\/wp-json\/wp\/v2\/comments?post=204653"}],"version-history":[{"count":0,"href":"https:\/\/www.europesays.com\/fi\/wp-json\/wp\/v2\/posts\/204653\/revisions"}],"wp:featuredmedia":[{"embeddable":true,"href":"https:\/\/www.europesays.com\/fi\/wp-json\/wp\/v2\/media\/204654"}],"wp:attachment":[{"href":"https:\/\/www.europesays.com\/fi\/wp-json\/wp\/v2\/media?parent=204653"}],"wp:term":[{"taxonomy":"category","embeddable":true,"href":"https:\/\/www.europesays.com\/fi\/wp-json\/wp\/v2\/categories?post=204653"},{"taxonomy":"post_tag","embeddable":true,"href":"https:\/\/www.europesays.com\/fi\/wp-json\/wp\/v2\/tags?post=204653"}],"curies":[{"name":"wp","href":"https:\/\/api.w.org\/{rel}","templated":true}]}}