{"id":204700,"date":"2026-03-26T16:32:07","date_gmt":"2026-03-26T16:32:07","guid":{"rendered":"https:\/\/www.europesays.com\/fi\/204700\/"},"modified":"2026-03-26T16:32:07","modified_gmt":"2026-03-26T16:32:07","slug":"kauniit-ja-rohkeat-john-mccook-eli-eric-forrester-on-turhautunut-vahenevaan-ruutuaikaansa","status":"publish","type":"post","link":"https:\/\/www.europesays.com\/fi\/204700\/","title":{"rendered":"Kauniit ja rohkeat: John McCook eli Eric Forrester on turhautunut v\u00e4henev\u00e4\u00e4n ruutuaikaansa"},"content":{"rendered":"<p>            Pasadena, CA  &#8211; 49th Daytime Emmy Awards held at the Pasadena Convention Center.Pictured: John McCookBACKGRID USA 24 JUNE 2022 BYLINE MUST READ: Xavier Collin\/Image Press Agency \/ BACKGRIDUSA: +1 310 798 9111 \/ <a href=\"https:\/\/www.seiska.fi\/cdn-cgi\/l\/email-protection\" class=\"__cf_email__\" data-cfemail=\"9beee8fae8faf7fee8dbf9faf8f0fce9f2ffb5f8f4f6ced0\" rel=\"nofollow noopener\" target=\"_blank\">[email\u00a0protected]<\/a>: +44 208 344 2007 \/ <a href=\"https:\/\/www.seiska.fi\/cdn-cgi\/l\/email-protection\" class=\"__cf_email__\" data-cfemail=\"a3d6c8d0c2cfc6d0e3c1c2c0c8c4d1cac78dc0ccce\" rel=\"nofollow noopener\" target=\"_blank\">[email\u00a0protected]<\/a>*UK Clients &#8211; Pictures Containing ChildrenPlease Pixelate Face Prior To Publication* All Over Press<br \/>\n            All Over Press<\/p>\n<p class=\"subtitle \">Eric Forresteria n\u00e4yttelev\u00e4 John McCook on turhautunut.<\/p>\n","protected":false},"excerpt":{"rendered":"Pasadena, CA &#8211; 49th Daytime Emmy Awards held at the Pasadena Convention Center.Pictured: John McCookBACKGRID USA 24 JUNE&hellip;\n","protected":false},"author":2,"featured_media":204701,"comment_status":"","ping_status":"","sticky":false,"template":"","format":"standard","meta":{"footnotes":"","_share_on_mastodon":"0"},"categories":[133],"tags":[137,31053,33,31,30,4399,4871,375,905,20164,3206,32,206,156,109],"class_list":["post-204700","post","type-post","status-publish","format-standard","has-post-thumbnail","category-televisiot","tag-entertainment","tag-eric-forrester","tag-fi","tag-finland","tag-finnish","tag-ikaantyminen","tag-john-mccook","tag-kauniit-ja-rohkeat","tag-mtv3","tag-ruutuaika","tag-saippuaooppera","tag-suomi","tag-televisiot","tag-tv","tag-viihde"],"share_on_mastodon":{"url":"https:\/\/pubeurope.com\/@fi\/116296439896422437","error":""},"_links":{"self":[{"href":"https:\/\/www.europesays.com\/fi\/wp-json\/wp\/v2\/posts\/204700","targetHints":{"allow":["GET"]}}],"collection":[{"href":"https:\/\/www.europesays.com\/fi\/wp-json\/wp\/v2\/posts"}],"about":[{"href":"https:\/\/www.europesays.com\/fi\/wp-json\/wp\/v2\/types\/post"}],"author":[{"embeddable":true,"href":"https:\/\/www.europesays.com\/fi\/wp-json\/wp\/v2\/users\/2"}],"replies":[{"embeddable":true,"href":"https:\/\/www.europesays.com\/fi\/wp-json\/wp\/v2\/comments?post=204700"}],"version-history":[{"count":0,"href":"https:\/\/www.europesays.com\/fi\/wp-json\/wp\/v2\/posts\/204700\/revisions"}],"wp:featuredmedia":[{"embeddable":true,"href":"https:\/\/www.europesays.com\/fi\/wp-json\/wp\/v2\/media\/204701"}],"wp:attachment":[{"href":"https:\/\/www.europesays.com\/fi\/wp-json\/wp\/v2\/media?parent=204700"}],"wp:term":[{"taxonomy":"category","embeddable":true,"href":"https:\/\/www.europesays.com\/fi\/wp-json\/wp\/v2\/categories?post=204700"},{"taxonomy":"post_tag","embeddable":true,"href":"https:\/\/www.europesays.com\/fi\/wp-json\/wp\/v2\/tags?post=204700"}],"curies":[{"name":"wp","href":"https:\/\/api.w.org\/{rel}","templated":true}]}}