{"id":204758,"date":"2026-03-26T17:58:10","date_gmt":"2026-03-26T17:58:10","guid":{"rendered":"https:\/\/www.europesays.com\/fi\/204758\/"},"modified":"2026-03-26T17:58:10","modified_gmt":"2026-03-26T17:58:10","slug":"vierema-aikoo-palkita-kerttu-niskasen-olympiamenestyksesta-tata-summaa-kunnanjohtaja-ehdottaa-savon-sanomat","status":"publish","type":"post","link":"https:\/\/www.europesays.com\/fi\/204758\/","title":{"rendered":"Vierem\u00e4 aikoo palkita Kerttu Niskasen olympiamenestyksest\u00e4 \u2013 t\u00e4t\u00e4 summaa kunnanjohtaja ehdottaa &#8211; Savon Sanomat"},"content":{"rendered":"<ol>\n<li><a href=\"https:\/\/news.google.com\/rss\/articles\/CBMiW0FVX3lxTE5XNXBkSTlDekRabWIwejJqNGwyYl9KZFNEZXppU2xQUGJSU0pIbEk5Rkp3STZyOXFDZlFuWWFsVnE3TVAxV08ycHpwUVl6UUVQQUp6VXZDbVNzenc?oc=5\" target=\"_blank\" rel=\"nofollow noopener\">Vierem\u00e4 aikoo palkita Kerttu Niskasen olympiamenestyksest\u00e4 \u2013 t\u00e4t\u00e4 summaa kunnanjohtaja ehdottaa<\/a>&nbsp;&nbsp;Savon Sanomat<\/li>\n<li><a href=\"https:\/\/news.google.com\/rss\/articles\/CBMiUEFVX3lxTE81RGpqYTB0UlVmZmhuV3d0TGRFY19QLVVCVzdOc2tuTmF2QTY2TzYxQkxBcmJ6bU5HVkxXN1VXOWcxNDJWekwwcUpLR0lHVkRW?oc=5\" target=\"_blank\" rel=\"nofollow noopener\">Laukaassa kadonnut nainen on l\u00f6ydetty kuolleena \u2013 ep\u00e4ill\u00e4\u00e4n rikosta | Keski-Suomi<\/a>&nbsp;&nbsp;Keskisuomalainen<\/li>\n<li><a href=\"https:\/\/news.google.com\/rss\/articles\/CBMiVEFVX3lxTE1KM05teFZXRVZVLWZ3aUxib1FUUUxPM2N5ckVNRGpDRy1UNVZzTmJPTTIwcktSMFlMbENPQlM4aGpkUUhUeTdqeE5fUmJNa2c0NkUweA?oc=5\" target=\"_blank\" rel=\"nofollow noopener\">Henkil\u00f6 menehtyi torstaina Imatrankoskentiell\u00e4 elvytyksest\u00e4 huolimatta<\/a>&nbsp;&nbsp;Etel\u00e4-Saimaa<\/li>\n<li><a href=\"https:\/\/news.google.com\/rss\/articles\/CBMiWEFVX3lxTE1ld3Q4RVRHWi1HVFUtc3pzMTdaR05FZXVuNmJ1dU5GLUYtMzlHYlNLMzltMm5JY2MtRDhFWlNJeHA5WjhxeC1lMW53RUhidzVkQzQ3d2hpZjI?oc=5\" target=\"_blank\" rel=\"nofollow noopener\">Menovinkit | P\u00e4\u00e4si\u00e4isen maksuttomiin konsertteihin saa menn\u00e4 pakanakin<\/a>&nbsp;&nbsp;L\u00e4nsiv\u00e4yl\u00e4<\/li>\n<li><a href=\"https:\/\/news.google.com\/rss\/articles\/CBMiW0FVX3lxTFBVREpxbXVmcDktbWQyQzlwVDBVWU9rTl9JOE9wSHAwS251bzliWU44T1d2S2FKNG1Ca2d1cWJPemlDTGdkWFlJWlZSRVFyRFlQdlFyWEI3Ym9veVk?oc=5\" target=\"_blank\" rel=\"nofollow noopener\">Kuopion kaupunginhallituksen puheenjohtaja pyrkii eduskuntaan \u2013 &#8221;N\u00e4pertely ei t\u00e4ss\u00e4 tilanteessa riit\u00e4&#8221;<\/a>&nbsp;&nbsp;Savon Sanomat<\/li>\n<\/ol>\n","protected":false},"excerpt":{"rendered":"Vierem\u00e4 aikoo palkita Kerttu Niskasen olympiamenestyksest\u00e4 \u2013 t\u00e4t\u00e4 summaa kunnanjohtaja ehdottaa&nbsp;&nbsp;Savon Sanomat Laukaassa kadonnut nainen on l\u00f6ydetty kuolleena&hellip;\n","protected":false},"author":2,"featured_media":204759,"comment_status":"","ping_status":"","sticky":false,"template":"","format":"standard","meta":{"footnotes":"","_share_on_mastodon":"0"},"categories":[76],"tags":[79,77,33,31,30,2096,12224,41,3318,32,78,1145,15231,30184],"class_list":["post-204758","post","type-post","status-publish","format-standard","has-post-thumbnail","category-talous","tag-business","tag-economy","tag-fi","tag-finland","tag-finnish","tag-hiihtolajit","tag-kerttu-niskanen","tag-liikunta-ja-urheilu","tag-maastohiihto","tag-suomi","tag-talous","tag-talviurheilu","tag-vierema","tag-viereman-kunta"],"share_on_mastodon":{"url":"https:\/\/pubeurope.com\/@fi\/116296778122928638","error":""},"_links":{"self":[{"href":"https:\/\/www.europesays.com\/fi\/wp-json\/wp\/v2\/posts\/204758","targetHints":{"allow":["GET"]}}],"collection":[{"href":"https:\/\/www.europesays.com\/fi\/wp-json\/wp\/v2\/posts"}],"about":[{"href":"https:\/\/www.europesays.com\/fi\/wp-json\/wp\/v2\/types\/post"}],"author":[{"embeddable":true,"href":"https:\/\/www.europesays.com\/fi\/wp-json\/wp\/v2\/users\/2"}],"replies":[{"embeddable":true,"href":"https:\/\/www.europesays.com\/fi\/wp-json\/wp\/v2\/comments?post=204758"}],"version-history":[{"count":0,"href":"https:\/\/www.europesays.com\/fi\/wp-json\/wp\/v2\/posts\/204758\/revisions"}],"wp:featuredmedia":[{"embeddable":true,"href":"https:\/\/www.europesays.com\/fi\/wp-json\/wp\/v2\/media\/204759"}],"wp:attachment":[{"href":"https:\/\/www.europesays.com\/fi\/wp-json\/wp\/v2\/media?parent=204758"}],"wp:term":[{"taxonomy":"category","embeddable":true,"href":"https:\/\/www.europesays.com\/fi\/wp-json\/wp\/v2\/categories?post=204758"},{"taxonomy":"post_tag","embeddable":true,"href":"https:\/\/www.europesays.com\/fi\/wp-json\/wp\/v2\/tags?post=204758"}],"curies":[{"name":"wp","href":"https:\/\/api.w.org\/{rel}","templated":true}]}}