{"id":20477,"date":"2025-08-30T06:51:09","date_gmt":"2025-08-30T06:51:09","guid":{"rendered":"https:\/\/www.europesays.com\/fi\/20477\/"},"modified":"2025-08-30T06:51:09","modified_gmt":"2025-08-30T06:51:09","slug":"lampo-vyoryy-pian-suomeen-taalla-voidaan-mitata-jopa-hellelukemia","status":"publish","type":"post","link":"https:\/\/www.europesays.com\/fi\/20477\/","title":{"rendered":"L\u00e4mp\u00f6 vy\u00f6ryy pian Suomeen \u2013 T\u00e4\u00e4ll\u00e4 voidaan mitata jopa hellelukemia"},"content":{"rendered":"<p>Ensi viikolla voi nauttia kes\u00e4isist\u00e4 keleist\u00e4 viel\u00e4 hetken aikaa.<\/p>\n<p><img decoding=\"async\" class=\"image image-show image-preview\" src=\"https:\/\/www.europesays.com\/fi\/wp-content\/uploads\/2025\/08\/befd42adea3213e2ca9b3f4da1aba4d68be9f5216a0476237b535f7319fef98b.jpg\" alt=\"\"\/><img decoding=\"async\" class=\"image image-show\" src=\"https:\/\/www.europesays.com\/fi\/wp-content\/uploads\/2025\/08\/1756536667_297_befd42adea3213e2ca9b3f4da1aba4d68be9f5216a0476237b535f7319fef98b.jpg\" alt=\"\"\/><\/p>\n<p>Kes\u00e4 saa viel\u00e4 hetken jatkoaikaa. Kuvituskuva. Pete Anikari<\/p>\n<p class=\"paragraph\">Kes\u00e4inen l\u00e4mp\u00f6 palaa Suomeen. Etel\u00e4-Suomessa saatetaan mitata ensi viikon loppupuolella jopa hellelukemia, kerrotaan <a href=\"https:\/\/www.foreca.fi\/meteorologilta\/hvsxcvsu\" target=\"_blank\" rel=\"noopener nofollow\">Forecan s\u00e4\u00e4blogissa<\/a>.<\/p>\n<p class=\"paragraph\">\u2013 Se riippuu siit\u00e4, miten l\u00e4mmint\u00e4 ilmaa Suomeen p\u00e4\u00e4see ja sattuuko l\u00e4mpim\u00e4mm\u00e4n jakson aikaan Suomessa olemaan aurinkoista vai sateista, sanoo Forecan meteorologi <strong>Anna Latvala<\/strong>.<\/p>\n<p class=\"paragraph\">Kuluvana viikonloppuna Etel\u00e4- ja Keski-Suomessa voi kuitenkin viel\u00e4 sadella vett\u00e4 ja l\u00e4mp\u00f6tila py\u00f6rii 14\u201319 asteen tuntumassa. Pohjois-Lapissa s\u00e4\u00e4 on aavistuksen viile\u00e4mp\u00e4\u00e4.<\/p>\n<p class=\"paragraph\">Jos Etel\u00e4- ja L\u00e4nsi-Suomessa on aurinkoista, elohopea voi kivuta paikoin 20 asteeseen.<\/p>\n<p class=\"paragraph\">Valtaosa sateista kaikkoaa Suomen ylt\u00e4 viimeist\u00e4\u00e4n maanantaina.<\/p>\n<p class=\"paragraph\">\u2013 Ensi viikolla Suomen it\u00e4puolella on korkeapaine ja l\u00e4nsipuolella matalapaine. Maanantain ja tiistain aikana tuuli k\u00e4\u00e4ntyy puhaltamaan etel\u00e4n suunnalta. S\u00e4\u00e4 muuttuu poutaisemmaksi ja l\u00e4mpenee, vaikka joitain sadekuuroja tulee viel\u00e4, Latvala kertoo.<\/p>\n<p class=\"paragraph\">H\u00e4nen mukaansa tiistaina sateita on luvattu l\u00e4hinn\u00e4 Keski- ja Pohjois-Lappiin.<\/p>\n<p>\u201dHalla katoaa hetkeksi\u201d<\/p>\n<p class=\"paragraph\">Suuressa osassa Suomea mitataan ensi viikolla 17\u201323 asteen p\u00e4iv\u00e4l\u00e4mp\u00f6tiloja. Pohjois- ja It\u00e4-Lapissa elohopea voi j\u00e4\u00e4d\u00e4 aavistuksen alemmas.<\/p>\n<p class=\"paragraph\">\u2013 L\u00e4mpimint\u00e4 on etel\u00e4ss\u00e4 ja l\u00e4nness\u00e4. Sateen alla voidaan j\u00e4\u00e4d\u00e4 alle 15 asteeseen, Latvala povaa.<\/p>\n<p class=\"paragraph\">My\u00f6s \u00f6isin l\u00e4mp\u00f6tilat pysyv\u00e4t visusti plussan puolella, suuressa osassa maata kymmenen asteen tuntumassa.<\/p>\n<p class=\"paragraph\">\u2013 Halla v\u00e4henee ja katoaa hetkeksi.<\/p>\n<p class=\"paragraph\">Ensi viikon puoliv\u00e4liss\u00e4 Suomeen virrannee entist\u00e4 l\u00e4mpim\u00e4mp\u00e4\u00e4 ilmaa, mink\u00e4 ansiosta hellelukematkin ovat mahdollisia<\/p>\n<p class=\"paragraph\">Iloa ei kuitenkaan kest\u00e4 pitk\u00e4\u00e4n, sill\u00e4 ensi viikon lopulle on luvattu my\u00f6s sateita.<\/p>\n<p class=\"paragraph\">\u2013 Torstaista l\u00e4htien ennusteessa on jo enemm\u00e4n ep\u00e4varmuutta. N\u00e4ytt\u00e4\u00e4 kuitenkin silt\u00e4, ett\u00e4 korkeapaine saattaa v\u00e4isty\u00e4, ja s\u00e4\u00e4 muuttua takaisin ep\u00e4vakaisemmaksi. Sateiden mahdollisuus kasvaa koko maassa. Sateissa sek\u00e4 pohjoisessa j\u00e4\u00e4d\u00e4\u00e4n 13\u201318 asteeseen, Latvala sanoo Forecan s\u00e4\u00e4blogissa.<\/p>\n<p><a href=\"https:\/\/www.iltalehti.fi\/parassaa?storeCampaign=ArticleBottomBanner\" rel=\"nofollow noopener\" target=\"_blank\"><img decoding=\"async\" src=\"https:\/\/www.europesays.com\/fi\/wp-content\/uploads\/2025\/08\/d0fd7860228df4fdd5fd0367e49d769aa09b08189080ddc5ccdd8c31ad63aca9.png\" alt=\"IL Paras S\u00e4\u00e4 - S\u00e4\u00e4tiedot ja s\u00e4\u00e4ennusteet\"\/><\/a><\/p>\n","protected":false},"excerpt":{"rendered":"Ensi viikolla voi nauttia kes\u00e4isist\u00e4 keleist\u00e4 viel\u00e4 hetken aikaa. Kes\u00e4 saa viel\u00e4 hetken jatkoaikaa. Kuvituskuva. Pete Anikari Kes\u00e4inen&hellip;\n","protected":false},"author":2,"featured_media":20478,"comment_status":"","ping_status":"","sticky":false,"template":"","format":"standard","meta":{"footnotes":""},"categories":[5],"tags":[35,22,23,26,27,33,31,30,17,713,24,25,28,29,715,15,18,21,710,714,1942,32,19,20,16],"class_list":{"0":"post-20477","1":"post","2":"type-post","3":"status-publish","4":"format-standard","5":"has-post-thumbnail","7":"category-otsikot","8":"tag-24h","9":"tag-breaking-news","10":"tag-breakingnews","11":"tag-featured-news","12":"tag-featurednews","13":"tag-fi","14":"tag-finland","15":"tag-finnish","16":"tag-headlines","17":"tag-lampotila-saa","18":"tag-latest-news","19":"tag-latestnews","20":"tag-main-news","21":"tag-mainnews","22":"tag-meteorologia","23":"tag-news","24":"tag-otsikot","25":"tag-paauutiset","26":"tag-saa","27":"tag-saaennustus","28":"tag-sateinen-saa","29":"tag-suomi","30":"tag-top-stories","31":"tag-topstories","32":"tag-uutiset"},"share_on_mastodon":{"url":"","error":""},"_links":{"self":[{"href":"https:\/\/www.europesays.com\/fi\/wp-json\/wp\/v2\/posts\/20477","targetHints":{"allow":["GET"]}}],"collection":[{"href":"https:\/\/www.europesays.com\/fi\/wp-json\/wp\/v2\/posts"}],"about":[{"href":"https:\/\/www.europesays.com\/fi\/wp-json\/wp\/v2\/types\/post"}],"author":[{"embeddable":true,"href":"https:\/\/www.europesays.com\/fi\/wp-json\/wp\/v2\/users\/2"}],"replies":[{"embeddable":true,"href":"https:\/\/www.europesays.com\/fi\/wp-json\/wp\/v2\/comments?post=20477"}],"version-history":[{"count":0,"href":"https:\/\/www.europesays.com\/fi\/wp-json\/wp\/v2\/posts\/20477\/revisions"}],"wp:featuredmedia":[{"embeddable":true,"href":"https:\/\/www.europesays.com\/fi\/wp-json\/wp\/v2\/media\/20478"}],"wp:attachment":[{"href":"https:\/\/www.europesays.com\/fi\/wp-json\/wp\/v2\/media?parent=20477"}],"wp:term":[{"taxonomy":"category","embeddable":true,"href":"https:\/\/www.europesays.com\/fi\/wp-json\/wp\/v2\/categories?post=20477"},{"taxonomy":"post_tag","embeddable":true,"href":"https:\/\/www.europesays.com\/fi\/wp-json\/wp\/v2\/tags?post=20477"}],"curies":[{"name":"wp","href":"https:\/\/api.w.org\/{rel}","templated":true}]}}