{"id":20483,"date":"2025-08-30T07:06:11","date_gmt":"2025-08-30T07:06:11","guid":{"rendered":"https:\/\/www.europesays.com\/fi\/20483\/"},"modified":"2025-08-30T07:06:11","modified_gmt":"2025-08-30T07:06:11","slug":"ala-missaa-naita-tassa-ovat-tv-syksyn-kovimmat-tarpit","status":"publish","type":"post","link":"https:\/\/www.europesays.com\/fi\/20483\/","title":{"rendered":"\u00c4l\u00e4 missaa n\u00e4it\u00e4! T\u00e4ss\u00e4 ovat tv-syksyn kovimmat t\u00e4rpit"},"content":{"rendered":"<p class=\"article-content article-content-width !bg-background\"> Syksy on tv-kanaville se kaikista t\u00e4rkein aikaikkuna, jolloin katsojille tarjoillaan vuoden t\u00e4rkeimm\u00e4t ohjelmauutuudet ja kovimmat luottosuosikit.<\/p>\n<p class=\"article-content article-content-width !bg-background\">Katso kokosi yhteen tv-syksyn parhaat t\u00e4rpit.<\/p>\n<p class=\"font-weight-bold m-font-weight-bold article-content article-content-width !bg-background\">Videolla syyskuussa tv:ss\u00e4 jatkavan El\u00e4m\u00e4ni biisin artisti Diandra vastaa nopeisiin kysymyksiin:<\/p>\n<p class=\"font-weight-bold m-font-weight-bold article-content article-content-width !bg-background\">5.11. Manifestoijat, TV2<\/p>\n<p class=\"article-content article-content-width !bg-background\">Ylen uudessa Manifestoijat-sarjassa seurataan nelj\u00e4\u00e4 nuorta naista, jotka tavoittelevat unelmiaan manifestaation avulla.<\/p>\n<p>                <img decoding=\"async\" src=\"https:\/\/www.europesays.com\/fi\/wp-content\/uploads\/2025\/08\/1915619.webp\" width=\"576\" height=\"274\" alt=\"Manifestoijat.\" loading=\"lazy\" \/>            <\/p>\n<p>\n            Manifestoijat.<br \/>\n            Janita Autio\/Yle\n        <\/p>\n<p class=\"font-weight-bold m-font-weight-bold article-content article-content-width !bg-background\">18.9. Unohtumattomat \u2013 muistikuoron matka, TV1<\/p>\n<p class=\"article-content article-content-width !bg-background\">15 muistisairasta kokoaa voimansa, taitonsa ja tarinansa tavoitteenaan unohtumaton konsertti. Yhdess\u00e4 he harjoittelevat kymmenen kappaleen esityksen. Sek\u00e4 treeneiss\u00e4 ett\u00e4 lavalla heit\u00e4 tukevat vierailevat t\u00e4htiesiintyj\u00e4t.<\/p>\n<p class=\"font-weight-bold m-font-weight-bold article-content article-content-width !bg-background\">Lokakuu, Justimus esitt\u00e4\u00e4: Henki Vex, Yle Areena<\/p>\n<p class=\"article-content article-content-width !bg-background\">Justimuksen kauhukomediassa kahden miehen firma HenkiVex Ky tarjoaa asiakkailleen henkien h\u00e4\u00e4t\u00f6\u00e4 ja kuolleiden kontaktointia. Hein\u00e4j\u00e4rven kyl\u00e4n rauha j\u00e4rkkyy, kun firman uusi kuski tunaroi ja vapauttaa vahingossa seitsem\u00e4n hengenvaarallista demonia Helvetist\u00e4.<\/p>\n<p class=\"font-weight-bold m-font-weight-bold article-content article-content-width !bg-background\">6.11. Antti Tuisku \u2013 Kuolemattomuusprojekti, TV2<\/p>\n<p class=\"article-content article-content-width !bg-background\">Dokumenttisarjassa t\u00e4m\u00e4n vuosituhannen yksi suosituimmista kotimaisista laulajista, , kertoo vaiheistaan. Sarja on nimetty varsin h\u00e4tk\u00e4hdytt\u00e4v\u00e4sti: Antti Tuisku \u2013 Kuolemattomuusprojekti.<\/p>\n<p>        <a itemprop=\"url\" href=\"https:\/\/www.seiska.fi\/katso\/antti-tuiskusta-tv-sarja-nimi-hatkahdyttaa\/1835092\" rel=\"nofollow noopener\" target=\"_blank\"><\/p>\n<p>\nAntti Tuiskusta tv-sarja\n<\/p>\n<p class=\"section-date\">\n        <strong class=\"article-section\" data-section=\"katso\"><br \/>\n            katso<br \/>\n        <\/strong><br \/>\n        12.6. 11:35\n    <\/p>\n<p>    Antti Tuiskusta tv-sarja \u2013 nimi h\u00e4tk\u00e4hdytt\u00e4\u00e4<\/p>\n<p itemprop=\"description\" class=\"subtitle \">\n    Dokumenttisarja seuraa Antti Tuiskun uraa laulajana ja hiihtovaikuttajana.\n<\/p>\n<p>        <\/a><\/p>\n<p>                <img decoding=\"async\" src=\"https:\/\/www.europesays.com\/fi\/wp-content\/uploads\/2025\/08\/1915625.webp\" width=\"576\" height=\"274\" alt=\"Antti Tuisku \u2013 Kuolemattomuusprojekti.\" loading=\"lazy\" \/>            <\/p>\n<p>\n            Antti Tuisku \u2013 Kuolemattomuusprojekti.<br \/>\n            Yle\n        <\/p>\n<p class=\"article-content article-content-width !bg-background\">Tietty\u00e4 kuolemattomuuden etsimist\u00e4 Antin urasta onkin havaittavissa. H\u00e4n nousi parrasvaloihin vuonna 2003 Suomen ensimm\u00e4isen Idols-tuotantokauden my\u00f6t\u00e4. Tuplaplatinaa myyneen Ensimm\u00e4inen-levyn (2004) j\u00e4lkeen jokainen h\u00e4nen kymmenest\u00e4 levyst\u00e4 on myynyt v\u00e4hint\u00e4\u00e4n kultaa.<\/p>\n<p class=\"article-content article-content-width !bg-background\">Moni artisti olisi jatkanut voittokulkuaan, mutta Antti toimi toisin. H\u00e4n p\u00e4\u00e4tti perustaa hiihtotallin, joka auttaa tulevia lupauksia nousemaan maailman huipulle.<\/p>\n<p class=\"font-weight-bold m-font-weight-bold article-content article-content-width !bg-background\">19.11. KymiLife, TV2<\/p>\n<p class=\"article-content article-content-width !bg-background\">Vuonna 2023 n\u00e4htiin SavoLife, nyt on KymiLifen vuoro. Sarja seuraa, miten kolme kouvolalaista nuorta miest\u00e4 kohtaa karun aikuisten maailman, jossa jokaisen kulman takana v\u00e4ijyy uusi k\u00e4\u00e4nne.<\/p>\n<p class=\"font-weight-bold m-font-weight-bold article-content article-content-width !bg-background\">4.9. Ensitreffit alttarilla, MTV3<\/p>\n<p class=\"article-content article-content-width !bg-background\">Uudet asiantuntijat yritt\u00e4v\u00e4t saada ihmisi\u00e4 yhteen.<\/p>\n<p>                <img decoding=\"async\" src=\"https:\/\/www.europesays.com\/fi\/wp-content\/uploads\/2025\/08\/1756537568_281_1897749.webp\" width=\"576\" height=\"274\" alt=\"Ensitreffit alttarilla -asiantuntijat Iida M\u00e4kikallio, Hanna Myllymaa ja Joonas Pesonen.\" loading=\"lazy\" \/>            <\/p>\n<p>\n            Ensitreffit alttarilla -asiantuntijat Iida M\u00e4kikallio, Hanna Myllymaa ja Joonas Pesonen.<br \/>\n            MTV\n        <\/p>\n<p>        <a itemprop=\"url\" href=\"https:\/\/www.seiska.fi\/katso\/ensitreffit-alttarilla-terapeutilta-paljastus-omasta-parisuhteesta\/1897689\" rel=\"nofollow noopener\" target=\"_blank\"><\/p>\n<p>\nEnsitreffit alttarilla -terapeutti\n<\/p>\n<p class=\"section-date\">\n        <strong class=\"article-section\" data-section=\"katso\"><br \/>\n            katso<br \/>\n        <\/strong><br \/>\n        17.8. 07:15\n    <\/p>\n<p>    Ensitreffit alttarilla -terapeutilta paljastus omasta parisuhteesta<\/p>\n<p itemprop=\"description\" class=\"subtitle \">\n    Ensitreffit alttarilla -asiantuntija paljastaa, mik\u00e4 on h\u00e4nen pitk\u00e4n liittonsa salaisuus.\n<\/p>\n<p>        <\/a><\/p>\n<p class=\"font-weight-bold m-font-weight-bold article-content article-content-width !bg-background\">6.9. Masked Singer Suomi, MTV3<\/p>\n<p class=\"article-content article-content-width !bg-background\">Naamioleikki jatkuu pienten uudistusten kera.<\/p>\n<p class=\"font-weight-bold m-font-weight-bold article-content article-content-width !bg-background\">6.9. Suomen surkein kuski, MTV3<\/p>\n<p class=\"article-content article-content-width !bg-background\">Autonnaarmutuskisan juhlakaudella on uusi juontaja ja tuomaristo.<\/p>\n<p class=\"font-weight-bold m-font-weight-bold article-content article-content-width !bg-background\">12.9. Alone Suomi, MTV3<\/p>\n<p class=\"article-content article-content-width !bg-background\">Uudessa selviytymiskisassa ei voi juonitella, koska kilpailijat ovat er\u00e4maassa yp\u00f6yksin.<\/p>\n<p class=\"font-weight-bold m-font-weight-bold article-content article-content-width !bg-background\">17.9. Pirunpeli, MTV3<\/p>\n<p class=\"article-content article-content-width !bg-background\">Uusi julkkisten t\u00e4hditt\u00e4m\u00e4 reality-leikki alkaa, ohjelma on kuin yhdistelm\u00e4 Big Brotheria ja Petollisia.<\/p>\n<p>        <a itemprop=\"url\" href=\"https:\/\/www.seiska.fi\/katso\/uusi-psykologinen-reality-alkaa-nama-julkkikset-mukana\/1911044\" rel=\"nofollow noopener\" target=\"_blank\"><\/p>\n<p>\nUusi psykologinen reality\n<\/p>\n<p class=\"section-date\">\n        <strong class=\"article-section\" data-section=\"katso\"><br \/>\n            katso<br \/>\n        <\/strong><br \/>\n        26.8. 14:45\n    <\/p>\n<p>    Uusi psykologinen reality alkaa &#8211; n\u00e4m\u00e4 julkkikset mukana<\/p>\n<p itemprop=\"description\" class=\"subtitle \">\n    12 julkkista juonittelee toisiaan vastaan uudessa tv-sarjassa.\n<\/p>\n<p>        <\/a><\/p>\n<p>                <img decoding=\"async\" src=\"https:\/\/www.europesays.com\/fi\/wp-content\/uploads\/2025\/08\/1915646.webp\" width=\"576\" height=\"274\" alt=\"Sointu Borg, Lina Schiffer ja Toni Witanen ovat Pirunpelin kommentaattorit, mutta kisaajina on paljon isompi joukko julkkiksia.\" loading=\"lazy\" \/>            <\/p>\n<p>\n            Sointu Borg, Lina Schiffer ja Toni Witanen ovat Pirunpelin kommentaattorit, mutta kisaajina on paljon isompi joukko julkkiksia.<br \/>\n            MTV\n        <\/p>\n<p class=\"font-weight-bold m-font-weight-bold article-content article-content-width !bg-background\">21.9. Sunnuntailounas, MTV3<\/p>\n<p class=\"article-content article-content-width !bg-background\">Hulvaton \u00f6verikomedia jatkuu uusilla jaksoilla.<\/p>\n<p class=\"font-weight-bold m-font-weight-bold article-content article-content-width !bg-background\">2.10. K\u00e4mppikset, MTV Katsomo+<\/p>\n<p class=\"article-content article-content-width !bg-background\">Kahden eri sukupolven yhteisasumisesta kertova kotimainen draamakomediasarja saa vihdoin jatkoa.<\/p>\n<p class=\"font-weight-bold m-font-weight-bold article-content article-content-width !bg-background\">Marraskuu: Kerma, MTV Katsomo<\/p>\n<p class=\"article-content article-content-width !bg-background\">Kahden eri maailman t\u00f6rm\u00e4yksest\u00e4 kertova rikostarina, jossa tunteet ly\u00f6v\u00e4t kapuloita t\u00e4ydellisen rikoksen rattaisiin.<\/p>\n<p>                <img decoding=\"async\" src=\"https:\/\/www.europesays.com\/fi\/wp-content\/uploads\/2025\/08\/1915644.webp\" width=\"576\" height=\"274\" alt=\"Kerma on syksyn uusi kotimainen j\u00e4nn\u00e4risarja.\" loading=\"lazy\" \/>            <\/p>\n<p>\n            Kerma on syksyn uusi kotimainen j\u00e4nn\u00e4risarja.<br \/>\n            MTV\n        <\/p>\n<p class=\"font-weight-bold m-font-weight-bold article-content article-content-width !bg-background\">Marraskuu: Lomalle lompsis, MTV3<\/p>\n<p class=\"article-content article-content-width !bg-background\">Uusi viihdeohjelma, jossa tavalliset suomalaiset testaavat saman lomamatkan \u2013 ja kertovat rehellisesti, mit\u00e4 mielt\u00e4 ovat!<\/p>\n<p class=\"font-weight-bold m-font-weight-bold article-content article-content-width !bg-background\">Joulukuu: Hautalehto: Rakennus 31, MTV3<\/p>\n<p class=\"article-content article-content-width !bg-background\"> palaa komisario Hautalehdon rooliin hittisarjan kakkoskaudella, joka saa tv-ensiesityksens\u00e4.<\/p>\n<p class=\"font-weight-bold m-font-weight-bold article-content article-content-width !bg-background\">Nelonen<\/p>\n<p class=\"article-content article-content-width !bg-background\">Uusi joukko julkkiksia astuu simputettavaksi.<\/p>\n<p>        <a itemprop=\"url\" href=\"https:\/\/www.seiska.fi\/katso\/janne-lehtonen-paljastaa-tata-et-nae-erikoisjoukot-ohjelmassa\/1909131\" rel=\"nofollow noopener\" target=\"_blank\"><\/p>\n<p>\nJanne Lehtonen paljastaa Erikoisjoukoista\n<\/p>\n<p class=\"section-date\">\n        <strong class=\"article-section\" data-section=\"katso\"><br \/>\n            katso<br \/>\n        <\/strong><br \/>\n        25.8. 12:15\n    <\/p>\n<p>    Janne Lehtonen paljastaa: T\u00e4t\u00e4 et n\u00e4e Erikoisjoukot-ohjelmassa<\/p>\n<p itemprop=\"description\" class=\"subtitle \">\n    Janne Lehtonen on toiminut brutaalin tv-ohjelman p\u00e4\u00e4kouluttajana ensimm\u00e4isest\u00e4 kaudesta alkaen.\n<\/p>\n<p>        <\/a><\/p>\n<p class=\"article-content article-content-width !bg-background\">Satulinnassa leikit\u00e4\u00e4n, lauletaan ja itke\u00e4 tihrustetaan.<\/p>\n<p class=\"article-content article-content-width !bg-background\">Kieroilu ja kyr\u00e4ily jatkuu reality-leikin nelj\u00e4nnell\u00e4 kaudella.<\/p>\n<p class=\"font-weight-bold m-font-weight-bold article-content article-content-width !bg-background\">16.9. Suomen huutokauppakeisari, Nelonen<\/p>\n<p class=\"article-content article-content-width !bg-background\">Tavaroille l\u00f6ytyy taas hintansa kun Aki ja Heli Palsanm\u00e4ki palaavat ruutuun.<\/p>\n<p class=\"font-weight-bold m-font-weight-bold article-content article-content-width !bg-background\">22.9. The Box Suomi, Nelonen<\/p>\n<p class=\"article-content article-content-width !bg-background\">Uusi, hieman mystinenkin julkkisvisakisa alkaa.<\/p>\n<p>        <a itemprop=\"url\" href=\"https:\/\/www.seiska.fi\/katso\/katsojat-lyttaavat-nelosen-uutuusohjelman-kilpailijalta-viiltava-kuitti\/1902881\" rel=\"nofollow noopener\" target=\"_blank\"><\/p>\n<p>\nKilpailijalta viilt\u00e4v\u00e4 kuitti\n<\/p>\n<p class=\"section-date\">\n        <strong class=\"article-section\" data-section=\"katso\"><br \/>\n            katso<br \/>\n        <\/strong><br \/>\n        18.8. 14:15\n    <\/p>\n<p>    Katsojat lytt\u00e4\u00e4v\u00e4t Nelosen uutuusohjelman \u2013 kilpailijalta viilt\u00e4v\u00e4 kuitti<\/p>\n<p itemprop=\"description\" class=\"subtitle \">\n    Uudessa realityohjelmassa 12 julkisuudesta tuttua henkil\u00f6\u00e4 kilpailevat toisiaan vastaan.\n<\/p>\n<p>        <\/a><\/p>\n<p>                <img decoding=\"async\" src=\"https:\/\/www.europesays.com\/fi\/wp-content\/uploads\/2025\/08\/1915649.webp\" width=\"576\" height=\"274\" alt=\"Janni Hussi juontaa uutuusvisan The Box.\" loading=\"lazy\" \/>            <\/p>\n<p>\n            Janni Hussi juontaa uutuusvisan The Box.<br \/>\n            Mojo Er\u00e4mets\u00e4 (Sanoma)\n        <\/p>\n<p class=\"font-weight-bold m-font-weight-bold article-content article-content-width !bg-background\">Lokakuu: J\u00e4\u00e4n vangit, Ruutu+<\/p>\n<p class=\"article-content article-content-width !bg-background\">Pohjanlahdelle sijoittuva mysteeritrilleri, jonka ytimess\u00e4 on karille ajanut j\u00e4\u00e4nmurtaja.<\/p>\n<p class=\"font-weight-bold m-font-weight-bold article-content article-content-width !bg-background\">Lokakuu: Syke, Ruutu+<\/p>\n<p class=\"article-content article-content-width !bg-background\">Sairaalasarjan 21. kausi alkaa.<\/p>\n<p class=\"font-weight-bold m-font-weight-bold article-content article-content-width !bg-background\">Lokakuu: Temptation Island Suomi, Nelonen<\/p>\n<p class=\"article-content article-content-width !bg-background\">Taas pelehdit\u00e4\u00e4n v\u00e4\u00e4rien ihmisten parissa.<\/p>\n<p class=\"font-weight-bold m-font-weight-bold article-content article-content-width !bg-background\">Marraskuu: Amazing Race Suomi, Nelonen<\/p>\n<p class=\"article-content article-content-width !bg-background\">Uusi julkkisjoukko l\u00e4htee juoksentelemaan maailmalle.<\/p>\n<p>        <a itemprop=\"url\" href=\"https:\/\/www.seiska.fi\/katso\/katsojat-alahtivat-amazing-race-kilpailijoille-tekopyhaa\/1694675\" rel=\"nofollow noopener\" target=\"_blank\"><\/p>\n<p>\nAmazing Race Suomi\n<\/p>\n<p class=\"section-date\">\n        <strong class=\"article-section\" data-section=\"katso\"><br \/>\n            katso<br \/>\n        <\/strong><br \/>\n        7.5. 14:12\n    <\/p>\n<p>    Katsojat \u00e4l\u00e4htiv\u00e4t Amazing Race -kilpailijoille: &#8221;Tekopyh\u00e4\u00e4&#8221;<\/p>\n<p itemprop=\"description\" class=\"subtitle \">\n    Sosiaalisessa mediassa k\u00e4y kuhina kilpaparien ymp\u00e4rill\u00e4.\n<\/p>\n<p>        <\/a><\/p>\n<p class=\"font-weight-bold m-font-weight-bold article-content article-content-width !bg-background\">Joulukuu: Munkkivuori, Ruutu+<\/p>\n<p class=\"article-content article-content-width !bg-background\">Ylistetyn nostalgiaj\u00e4nn\u00e4risarjan kakkoskausi alkaa.<\/p>\n<p>                <img decoding=\"async\" src=\"https:\/\/www.europesays.com\/fi\/wp-content\/uploads\/2025\/08\/1915653.webp\" width=\"576\" height=\"274\" alt=\"Munkkivuori saa jatkoa!\" loading=\"lazy\" \/>            <\/p>\n<p>\n            Munkkivuori saa jatkoa!<br \/>\n            Laura Mainiemi \/ Rabbit Films \/ Elisa Viihde\n        <\/p>\n<p>Muut kanavat:8.9. Kymppitonni,\u00a0Star Channel<\/p>\n<p class=\"article-content article-content-width !bg-background\">Vuonna 1985 ensimm\u00e4isen kerran esitetty\u00a0Kymppitonni-visailu jatkuu uuden juontajan johdolla.\u00a0\u00a0ja\u00a0\u00a0saappaisiin astuu 40-vuotisjuhlavuonna\u00a0.\u00a0<\/p>\n<p>                <img decoding=\"async\" src=\"https:\/\/www.europesays.com\/fi\/wp-content\/uploads\/2025\/08\/1904057.webp\" width=\"576\" height=\"274\" alt=\"Uusi Kymppitonni-juontaja on Ville \u201dViki\u201d Eerikkil\u00e4.\" loading=\"lazy\" \/>            <\/p>\n<p>\n            Uusi Kymppitonni-juontaja on Ville \u201dViki\u201d Eerikkil\u00e4.<br \/>\n            Disney\n        <\/p>\n<p>9.9. Jeopardy! Suomi,\u00a0TV5<\/p>\n<p class=\"article-content article-content-width !bg-background\">Maailman suurimmaksi tietokilpailuksi kutsutun\u00a0Jeopardyn\u00a0suomalaisversio jatkuu uusin jaksoin. Ohjelmaa juontaa t\u00e4n\u00e4kin syksyn\u00e4\u00a0.\u00a0<\/p>\n<p>17.9. Aku, Kalle ja Euroopan ihmeet,\u00a0TV5<\/p>\n<p class=\"article-content article-content-width !bg-background\">Jo pari vuotta sitten kuvattu matkailuohjelma esitet\u00e4\u00e4n viimein televisiossa\u00a0\u00a0hyllytyksen p\u00e4\u00e4tytty\u00e4.\u00a0<\/p>\n<p class=\"article-content article-content-width !bg-background\">Humoristisen ohjelman seitsem\u00e4n ihmeen joukossa ovat muun muassa Rooman Colosseum, Ateenan Akropolis, Britannian Stonehenge ja Sveitsin Rheinfallin vesiputoukset. Kaksikko kohtaa sek\u00e4 paikallisia asukkaita ett\u00e4 turisteja ja tutustuu my\u00f6s alueen luontoon ja kulttuuriin.<\/p>\n<p>        <a itemprop=\"url\" href=\"https:\/\/www.seiska.fi\/katso\/tallainen-on-aku-hirviniemen-hyllytetty-tv-ohjelma-esitetaan-nyt-tvssa\/1903474\" rel=\"nofollow noopener\" target=\"_blank\"><\/p>\n<p>\nEsitet\u00e4\u00e4n nyt tv:ss\u00e4\n<\/p>\n<p class=\"section-date\">\n        <strong class=\"article-section\" data-section=\"katso\"><br \/>\n            katso<br \/>\n        <\/strong><br \/>\n        19.8. 10:22\n    <\/p>\n<p>    T\u00e4llainen on Aku Hirviniemen hyllytetty tv-ohjelma \u2013 esitet\u00e4\u00e4n nyt tv:ss\u00e4<\/p>\n<p itemprop=\"description\" class=\"subtitle \">\n    Aku Hirviniemi ja Kalle Lamberg l\u00e4htev\u00e4t tien p\u00e4\u00e4lle.\n<\/p>\n<p>        <\/a><\/p>\n<p>                <img decoding=\"async\" src=\"https:\/\/www.europesays.com\/fi\/wp-content\/uploads\/2025\/08\/1904080.webp\" width=\"576\" height=\"274\" alt=\"Kaksikko katsastaa ihmeit\u00e4 aina Rooman Colosseumista Britannian Stonehengeen asti.\" loading=\"lazy\" \/>            <\/p>\n<p>\n            Kaksikko katsastaa ihmeit\u00e4 aina Rooman Colosseumista Britannian Stonehengeen asti.<br \/>\n            Warner Bros. Discovery\n        <\/p>\n<p>17.9. Laten ja Sarkun hurjat suunnitelmat,\u00a0TV5<\/p>\n<p class=\"article-content article-content-width !bg-background\">Latelan Laurin hurja remontti\u00a0-realitysarjasta tuttujen\u00a0\u00a0ja\u00a0\u00a0vauhdikas el\u00e4m\u00e4 jatkuu uudessa sarjassa. Hurjassa remontissa ollut talo on saatu asumiskelpoiseen kuntoon ja pahin remonttipaine on nyt helpottanut, mutta uudet ideat muhivat p\u00e4\u00e4ss\u00e4.\u00a0<\/p>\n<p>        <a itemprop=\"url\" href=\"https:\/\/www.seiska.fi\/katso\/latelan-lauri-naimisiin-tvssa-suomen-kalleimmat-haat\/1909167\" rel=\"nofollow noopener\" target=\"_blank\"><\/p>\n<p>\nLatelan Lauri naimisiin tv:ss\u00e4\n<\/p>\n<p class=\"section-date\">\n        <strong class=\"article-section\" data-section=\"katso\"><br \/>\n            katso<br \/>\n        <\/strong><br \/>\n        25.8. 11:28\n    <\/p>\n<p>    Latelan Lauri naimisiin tv:ss\u00e4: \u201dSuomen kalleimmat h\u00e4\u00e4t\u201d<\/p>\n<p itemprop=\"description\" class=\"subtitle \">\n    Latelan Lauri Huttusen ja Sari-Anna Lepp\u00e4sen el\u00e4m\u00e4\u00e4 p\u00e4\u00e4st\u00e4\u00e4n j\u00e4lleen seuraamaan tv:ss\u00e4.\n<\/p>\n<p>        <\/a><\/p>\n<p>                <img decoding=\"async\" src=\"https:\/\/www.europesays.com\/fi\/wp-content\/uploads\/2025\/08\/1831824.webp\" width=\"576\" height=\"274\" alt=\"Sarkun ja Laten hurjat suunnitelmat eiv\u00e4t lopu talon remontoimiseen.\" loading=\"lazy\" \/>            <\/p>\n<p>\n            Sarkun ja Laten hurjat suunnitelmat eiv\u00e4t lopu talon remontoimiseen.<br \/>\n            Warner Bros. Discovery\n        <\/p>\n<p>30.9. Kokkisota,\u00a0Star Channel<\/p>\n<p class=\"article-content article-content-width !bg-background\">Vuonna 1999 ensimm\u00e4isen kerran Suomen tv-ruutuihin ilmestynyt\u00a0Kokkisota-ohjelma palaa uudella kanavalla ja uuden juontajan johdolla. Nyt kisaa luotsaa\u00a0.\u00a0<\/p>\n<p class=\"article-content article-content-width !bg-background\">Kokkeina n\u00e4hd\u00e4\u00e4n\u00a0,\u00a0,\u00a0,\u00a0,\u00a0\u00a0ja\u00a0.\u00a0<\/p>\n<p>                <img decoding=\"async\" src=\"https:\/\/www.europesays.com\/fi\/wp-content\/uploads\/2025\/08\/1904112.webp\" width=\"576\" height=\"274\" alt=\"Anni Iham\u00e4ki on Kokkisodan uusi juontaja.\" loading=\"lazy\" \/>            <\/p>\n<p>\n            Anni Iham\u00e4ki on Kokkisodan uusi juontaja.<br \/>\n            Disney\n        <\/p>\n","protected":false},"excerpt":{"rendered":"Syksy on tv-kanaville se kaikista t\u00e4rkein aikaikkuna, jolloin katsojille tarjoillaan vuoden t\u00e4rkeimm\u00e4t ohjelmauutuudet ja kovimmat luottosuosikit. Katso kokosi&hellip;\n","protected":false},"author":2,"featured_media":20484,"comment_status":"","ping_status":"","sticky":false,"template":"","format":"standard","meta":{"footnotes":""},"categories":[133],"tags":[3177,204,7117,137,33,31,30,7114,7118,7116,7112,5268,7113,905,1758,2977,4412,32,206,4523,7115,156,2688,109,1149],"class_list":{"0":"post-20483","1":"post","2":"type-post","3":"status-publish","4":"format-standard","5":"has-post-thumbnail","7":"category-televisiot","8":"tag-amazing-race-suomi","9":"tag-antti-tuisku","10":"tag-antti-tuisku-kuolemattomuusprojekti","11":"tag-entertainment","12":"tag-fi","13":"tag-finland","14":"tag-finnish","15":"tag-hautalehto-rakennus-31","16":"tag-kerma","17":"tag-kokkisota","18":"tag-kymppitonni","19":"tag-laten-ja-sarkun-hurjat-suunnitelmat","20":"tag-manifestoijat","21":"tag-mtv3","22":"tag-nelonen","23":"tag-pirunpeli","24":"tag-star-channel","25":"tag-suomi","26":"tag-televisiot","27":"tag-the-box-suomi","28":"tag-tv-syksy","29":"tag-tv","30":"tag-tv5","31":"tag-viihde","32":"tag-yle"},"share_on_mastodon":{"url":"","error":""},"_links":{"self":[{"href":"https:\/\/www.europesays.com\/fi\/wp-json\/wp\/v2\/posts\/20483","targetHints":{"allow":["GET"]}}],"collection":[{"href":"https:\/\/www.europesays.com\/fi\/wp-json\/wp\/v2\/posts"}],"about":[{"href":"https:\/\/www.europesays.com\/fi\/wp-json\/wp\/v2\/types\/post"}],"author":[{"embeddable":true,"href":"https:\/\/www.europesays.com\/fi\/wp-json\/wp\/v2\/users\/2"}],"replies":[{"embeddable":true,"href":"https:\/\/www.europesays.com\/fi\/wp-json\/wp\/v2\/comments?post=20483"}],"version-history":[{"count":0,"href":"https:\/\/www.europesays.com\/fi\/wp-json\/wp\/v2\/posts\/20483\/revisions"}],"wp:featuredmedia":[{"embeddable":true,"href":"https:\/\/www.europesays.com\/fi\/wp-json\/wp\/v2\/media\/20484"}],"wp:attachment":[{"href":"https:\/\/www.europesays.com\/fi\/wp-json\/wp\/v2\/media?parent=20483"}],"wp:term":[{"taxonomy":"category","embeddable":true,"href":"https:\/\/www.europesays.com\/fi\/wp-json\/wp\/v2\/categories?post=20483"},{"taxonomy":"post_tag","embeddable":true,"href":"https:\/\/www.europesays.com\/fi\/wp-json\/wp\/v2\/tags?post=20483"}],"curies":[{"name":"wp","href":"https:\/\/api.w.org\/{rel}","templated":true}]}}