{"id":20513,"date":"2025-08-30T07:43:08","date_gmt":"2025-08-30T07:43:08","guid":{"rendered":"https:\/\/www.europesays.com\/fi\/20513\/"},"modified":"2025-08-30T07:43:08","modified_gmt":"2025-08-30T07:43:08","slug":"poliisi-valvoo-bandidosin-kokoontumista-viikonloppuna-helsingissa-tarkastuksia-lentokentalla-ja-satamissa-kotimaa","status":"publish","type":"post","link":"https:\/\/www.europesays.com\/fi\/20513\/","title":{"rendered":"Poliisi valvoo Bandidosin kokoontumista viikonloppuna Helsingiss\u00e4 \u2013 tarkastuksia lentokent\u00e4ll\u00e4 ja satamissa | Kotimaa"},"content":{"rendered":"<p class=\"sc-jYczwO sc-dNFkOE bUKqJd eiHPxO yle__article__paragraph\">Helsingin poliisin mukaan tapahtumaan osallistuu kymmeni\u00e4 moottoripy\u00f6r\u00e4jengiin kuuluvia. Osallistujia tulee my\u00f6s ulkomailta.<\/p>\n<p><img decoding=\"async\" alt=\"Helsinki-Vantaan lentoasema: Saapuvat, Exit, Matkatavara-aula.\" src=\"https:\/\/www.europesays.com\/fi\/wp-content\/uploads\/2025\/08\/39-14825366851717084f7d.jpeg\" class=\"sc-dntSTA iywpZY\"\/><\/p>\n<p>Avaa kuvien katselu<\/p>\n<p>Perjantai-illan poliisioperaatio Helsinki\u2013Vantaalla liittyi moottoripy\u00f6r\u00e4jengi Bandidokseen. Kuvituskuva lentokent\u00e4lt\u00e4. Kuva: Tanja Heino \/ Yle<\/p>\n<p class=\"sc-jYczwO sc-ciCoXh bUKqJd cIOueB yle__article__paragraph\">Moottoripy\u00f6r\u00e4jengi Bandidos j\u00e4rjest\u00e4\u00e4 juhlat Helsingiss\u00e4 t\u00e4n\u00e4 viikonloppuna. Tapahtumaan osallistuu j\u00e4rjest\u00f6\u00f6n kuuluvia my\u00f6s Suomen ulkopuolelta.<\/p>\n<p class=\"sc-jYczwO sc-ciCoXh bUKqJd cIOueB yle__article__paragraph\">\u2013 Tapahtumaan liittyen poliisi on tehostanut maahantulon ja maassaolon valvontaa, sanoo h\u00e4lytystoiminnon johtaja, ylikomisario <strong class=\"sc-eEHciv gtNhAX yle__article__strong\">Henri Helminen<\/strong> Helsingin poliisista.<\/p>\n<p class=\"sc-jYczwO sc-ciCoXh bUKqJd cIOueB yle__article__paragraph\">Poliisi on tehostanut valvontaa yhdess\u00e4 Rajavartiolaitoksen kanssa erityisesti Helsinki\u2013Vantaan lentokent\u00e4ll\u00e4 ja satamissa. Perjantai-iltana oli <a class=\"sc-jDJeIs gotUgl yle__article__link\" href=\"https:\/\/yle.fi\/a\/74-20180183\" role=\"link\" rel=\"nofollow noopener\" target=\"_blank\">poliisioperaatio Helsinki-Vantaalla<\/a>.<\/p>\n<p class=\"sc-jYczwO sc-ciCoXh bUKqJd cIOueB yle__article__paragraph\">\u2013 Poliisin tiedossa ei ole etuk\u00e4teen mit\u00e4\u00e4n konkreettista uhkatason nousua, mutta aiempaan oikeuden p\u00e4\u00e4t\u00f6ksiin perustuen poliisi tulkitsee, ett\u00e4 kyseinen kerhon tai j\u00e4rjest\u00f6n toiminta liittyy j\u00e4rjest\u00e4ytyneeseen rikollisuuteen. Totta kai poliisi silloin valpastuu valvomaan sit\u00e4, kun t\u00e4mm\u00f6ist\u00e4 liikehdint\u00e4\u00e4 on, Helminen sanoo.<\/p>\n<p class=\"sc-jYczwO sc-ciCoXh bUKqJd cIOueB yle__article__paragraph\"><a class=\"sc-jDJeIs gotUgl yle__article__link\" href=\"https:\/\/www.is.fi\/kotimaa\/art-2000011461774.html\" role=\"link\" rel=\"nofollow noopener\" target=\"_blank\">Ilta-Sanomat<\/a> kertoi aiemmin, ett\u00e4 poliisi tarkasti perjantai-iltana kaikki SAS:n K\u00f6\u00f6penhaminasta Helsinkiin saapuneen koneen matkustajien passit. Tarkastuksia tehtiin my\u00f6s muualla lentoasemalla.<\/p>\n<p>Kymmeni\u00e4 osallistujia, my\u00f6s ulkomailta<\/p>\n<p class=\"sc-jYczwO sc-ciCoXh bUKqJd cIOueB yle__article__paragraph\">Helmisen mukaan tapahtumaan osallistuu kymmeni\u00e4 j\u00e4rjest\u00f6\u00f6n kuuluvia, mutta tarkkaa arviota h\u00e4n ei anna.<\/p>\n<p class=\"sc-jYczwO sc-ciCoXh bUKqJd cIOueB yle__article__paragraph\">\u2013 Ei n\u00e4m\u00e4 ihan jokavuotisia ole, ett\u00e4 taitaa olla jotkut isommat, esimerkiksi tasavuotisjuhlat.<\/p>\n<p class=\"sc-jYczwO sc-ciCoXh bUKqJd cIOueB yle__article__paragraph\">Poliisille ei ole tehty ennakkoon ilmoitusta yleis\u00f6tapahtumasta, esimerkiksi jonkinlaisesta ajomarssista tai muusta vastaavasta.<\/p>\n<p class=\"sc-jYczwO sc-ciCoXh bUKqJd cIOueB yle__article__paragraph\">Mahdollisista maasta k\u00e4\u00e4nnytyksist\u00e4 poliisi on viel\u00e4 vaitonainen. Poliisi tiedottaa asiasta lis\u00e4\u00e4 my\u00f6hemmin viikonlopun aikana.<\/p>\n<p class=\"sc-jYczwO sc-ciCoXh bUKqJd cIOueB yle__article__paragraph\"><a class=\"sc-jDJeIs gotUgl yle__article__link\" href=\"https:\/\/www.hs.fi\/suomi\/art-2000011461944.html\" role=\"link\" rel=\"nofollow noopener\" target=\"_blank\">Helsingin Sanomien mukaan<\/a> operaation vuoksi 20\u201330 kerhon j\u00e4sent\u00e4 ei p\u00e4\u00e4ssyt juhliin. Lehdelle tiedon on kertonut Bandidoksen presidentti <strong class=\"sc-eEHciv gtNhAX yle__article__strong\">Antti Kainulainen<\/strong>.<\/p>\n<p class=\"sc-jYczwO sc-ciCoXh bUKqJd cIOueB yle__article__paragraph\">Kainulaisen mukaan kyseess\u00e4 on Bandidoksen Suomen-osaston 30-vuotisjuhlat Helsingiss\u00e4.<\/p>\n","protected":false},"excerpt":{"rendered":"Helsingin poliisin mukaan tapahtumaan osallistuu kymmeni\u00e4 moottoripy\u00f6r\u00e4jengiin kuuluvia. Osallistujia tulee my\u00f6s ulkomailta. Avaa kuvien katselu Perjantai-illan poliisioperaatio Helsinki\u2013Vantaalla&hellip;\n","protected":false},"author":2,"featured_media":20514,"comment_status":"","ping_status":"","sticky":false,"template":"","format":"standard","meta":{"footnotes":""},"categories":[5],"tags":[22,23,26,27,33,31,30,17,7121,104,7050,71,7122,24,25,28,29,15,18,21,52,3522,4272,32,19,20,1168,16,7123],"class_list":{"0":"post-20513","1":"post","2":"type-post","3":"status-publish","4":"format-standard","5":"has-post-thumbnail","7":"category-otsikot","8":"tag-breaking-news","9":"tag-breakingnews","10":"tag-featured-news","11":"tag-featurednews","12":"tag-fi","13":"tag-finland","14":"tag-finnish","15":"tag-headlines","16":"tag-helsingin-satama","17":"tag-helsinki","18":"tag-helsinki-vantaan-lentoasema","19":"tag-kotimaa","20":"tag-lansisatama-satama","21":"tag-latest-news","22":"tag-latestnews","23":"tag-main-news","24":"tag-mainnews","25":"tag-news","26":"tag-otsikot","27":"tag-paauutiset","28":"tag-poliisi","29":"tag-poliisin-toimenpiteet","30":"tag-rajavalvonta","31":"tag-suomi","32":"tag-top-stories","33":"tag-topstories","34":"tag-uusimaa","35":"tag-uutiset","36":"tag-vuosaaren-satama"},"share_on_mastodon":{"url":"","error":""},"_links":{"self":[{"href":"https:\/\/www.europesays.com\/fi\/wp-json\/wp\/v2\/posts\/20513","targetHints":{"allow":["GET"]}}],"collection":[{"href":"https:\/\/www.europesays.com\/fi\/wp-json\/wp\/v2\/posts"}],"about":[{"href":"https:\/\/www.europesays.com\/fi\/wp-json\/wp\/v2\/types\/post"}],"author":[{"embeddable":true,"href":"https:\/\/www.europesays.com\/fi\/wp-json\/wp\/v2\/users\/2"}],"replies":[{"embeddable":true,"href":"https:\/\/www.europesays.com\/fi\/wp-json\/wp\/v2\/comments?post=20513"}],"version-history":[{"count":0,"href":"https:\/\/www.europesays.com\/fi\/wp-json\/wp\/v2\/posts\/20513\/revisions"}],"wp:featuredmedia":[{"embeddable":true,"href":"https:\/\/www.europesays.com\/fi\/wp-json\/wp\/v2\/media\/20514"}],"wp:attachment":[{"href":"https:\/\/www.europesays.com\/fi\/wp-json\/wp\/v2\/media?parent=20513"}],"wp:term":[{"taxonomy":"category","embeddable":true,"href":"https:\/\/www.europesays.com\/fi\/wp-json\/wp\/v2\/categories?post=20513"},{"taxonomy":"post_tag","embeddable":true,"href":"https:\/\/www.europesays.com\/fi\/wp-json\/wp\/v2\/tags?post=20513"}],"curies":[{"name":"wp","href":"https:\/\/api.w.org\/{rel}","templated":true}]}}