{"id":205149,"date":"2026-03-27T05:33:10","date_gmt":"2026-03-27T05:33:10","guid":{"rendered":"https:\/\/www.europesays.com\/fi\/205149\/"},"modified":"2026-03-27T05:33:10","modified_gmt":"2026-03-27T05:33:10","slug":"krista-kosonen-paljastaa-totuuden-hollywood-tahti-ryan-goslingin-kohtaamisesta","status":"publish","type":"post","link":"https:\/\/www.europesays.com\/fi\/205149\/","title":{"rendered":"Krista Kosonen paljastaa totuuden Hollywood-t\u00e4hti Ryan Goslingin kohtaamisesta"},"content":{"rendered":"<p>\n            20250813 HELSINKI. Rue Madame. Krista Kosonen. KUVA: ATTE KAJOVA<br \/>\n            Atte Kajova\n        <\/p>\n<p class=\"subtitle \">Krista Kosonen puhuu suoraan Hollywood-n\u00e4yttelij\u00e4st\u00e4.<\/p>\n<p class=\"article-content article-content-width !bg-background\">N\u00e4yttelij\u00e4lahjakkuus \u00a0tekee kiinnostavia paljastuksia uransa varrelta\u00a0 ja  <a href=\"https:\/\/areena.yle.fi\/1-77063448?utm_medium=social&amp;utm_campaign=areena-ios-share&amp;fbclid=PAZXh0bgNhZW0CMTEAc3J0YwZhcHBfaWQMMjU2MjgxMDQwNTU4AAGnr0P8F8OG_85WVohzFWjxjPgW4BWy3PGChfKWUIyl4hEnYC88CLS-d7DUCfg_aem_Iw5p5Xh2nouH9zQlgAAbAw\" target=\"_blank\" rel=\"nofollow noopener\">luotsaamassa keskusteluohjelmassa Viki ja K\u00f6pi Show<\/a>.<\/p>\n<p class=\"font-weight-bold m-font-weight-bold article-content article-content-width !bg-background\">Video: Krista Kososen lapsivinkit.\u00a0<\/p>\n<p class=\"article-content article-content-width !bg-background\">Krista on niitt\u00e4nyt uraa my\u00f6s ulkomailla. Yksi h\u00e4nen ulkomaisista rooleistaan oli tieteisklassikko Blade Runnerin (1982) jatko-osassa Blade Runner 2049 (2017).<\/p>\n<p>Kohtaaminen tunnetun ohjaajan kanssa<\/p>\n<p class=\"article-content article-content-width !bg-background\">Kristalla oli pieni rooli elokuvassa. H\u00e4n sai kuitenkin tehd\u00e4 kohtauksen yhdess\u00e4 Hollywood-n\u00e4yttelij\u00e4  kanssa. Vaikka rooli oli pieni, kesti hakuprosessi monta kuukautta. Lopulta Krista nappasi sen itselleen.<\/p>\n<p>        <a itemprop=\"url\" href=\"https:\/\/www.seiska.fi\/katso\/l\/over-tahti-krista-kosonen-jarkyttyi-saamistaan-viesteista\/2110112\" rel=\"nofollow noopener\" target=\"_blank\"><\/p>\n<p>\nL\/over-t\u00e4hti Krista Kosonen\n<\/p>\n<p class=\"section-date\">\n        <strong class=\"article-section\" data-section=\"katso\"><br \/>\n            katso<br \/>\n        <\/strong><br \/>\n        25.3. 16:15\n    <\/p>\n<p>L\/over-t\u00e4hti Krista Kosonen j\u00e4rkyttyi saamistaan viesteist\u00e4\n    <\/p>\n<p itemprop=\"description\" class=\"subtitle \">\n    L\u00e4hisuhdev\u00e4kivallasta kertovan trillerisarjan aihepiiri oli Kristalle jo ennest\u00e4\u00e4n tuttu.\n<\/p>\n<p>        <\/a><\/p>\n<p class=\"article-content article-content-width !bg-background\">Krista oli otettu, sill\u00e4 itse elokuvan ohjaaja  oli valinnut h\u00e4net rooliin. Kanadalaisohjaaja oli tullut k\u00e4ym\u00e4\u00e4n jopa Kristan luona, kun h\u00e4n oli kuvauksissa.<\/p>\n<p>                <img decoding=\"async\" src=\"https:\/\/www.europesays.com\/fi\/wp-content\/uploads\/2026\/03\/2112992.webp.jpeg\" width=\"576\" height=\"356\" title=\"Krista Kosonen on n\u00e4ytellyt Ryan Goslingin kanssa.\" alt=\"Celebrities attend 'Project Hail Mary' New York premiere at Lincoln Center on March 18, 2026 in New York City. Pictured: ryan gosling,alexandra doten,andy weir,barbara sharpe and connor sharpe,cleo abramRef: BLU_S9875812 190326 NON-EXCLUSIVEPicture by: George Napolitano \/ SplashNews.comSplash News and PicturesUSA: 310-525-5808 UK: 020 8126 1009eamteam@shutterstock.comWorld Rights\" loading=\"lazy\" \/>            <\/p>\n<p>\n            Krista Kosonen on n\u00e4ytellyt Ryan Goslingin kanssa.<br \/>\n            All Over Press\n        <\/p>\n<p class=\"article-content article-content-width !bg-background\">Kristan mukaan on harvinaista, ett\u00e4 itse ohjaaja tulee tapaamaan n\u00e4yttelij\u00e4\u00e4, jolla on niin pieni rooli.<\/p>\n<p class=\"article-content article-content-width !bg-background\"> \u2013 H\u00e4n oli varmaan tunnin kanssani. Denis kertoi leffasta, n\u00e4ytti lavastussuunnitelmat ja kyseli Sodankyl\u00e4n elokuvafestivaaleista. H\u00e4n oli niin kiva tyyppi, Krista muistelee.<\/p>\n<p>        <a itemprop=\"url\" href=\"https:\/\/www.seiska.fi\/katso\/ryan-gosling-pysyy-tikissa-yllattavalla-tavalla\/2100844\" rel=\"nofollow noopener\" target=\"_blank\"><\/p>\n<p>\nErikoishaastattelussa Ryan Gosling\n<\/p>\n<p class=\"section-date\">\n        <strong class=\"article-section\" data-section=\"katso\"><br \/>\n            katso<br \/>\n        <\/strong><br \/>\n        17.3. 13:15\n    <\/p>\n<p>Ryan Gosling pysyy tikiss\u00e4 yll\u00e4tt\u00e4v\u00e4ll\u00e4 tavalla\n    <\/p>\n<p itemprop=\"description\" class=\"subtitle \">\n    Hollywood-hurmuri paljastaa intohimonsa ja treeniohjelmansa Katson erikoishaastattelussa.\n<\/p>\n<p>        <\/a><\/p>\n<p>Totuus t\u00e4htin\u00e4yttelij\u00e4st\u00e4<\/p>\n<p class=\"article-content article-content-width !bg-background\">Sitten koittivat kuvaukset. Krista tapasi siell\u00e4 vastan\u00e4yttelij\u00e4ns\u00e4 Ryanin. Krista oli j\u00e4nnittynyt tilanteesta.<\/p>\n<p class=\"article-content article-content-width !bg-background\">\u2013\tYritin esitell\u00e4 itseni ja tunsin, miten kasvoni alkavat lamautumaan. Yleens\u00e4 kun j\u00e4nnit\u00e4n, h\u00f6l\u00f6t\u00e4n, mutta silloin p\u00e4\u00e4tin olla vain hiljaa.<\/p>\n<p class=\"article-content article-content-width !bg-background\">Kristan yll\u00e4tykseksi Ryan oli alkanut juttelemaan h\u00e4nelle.<\/p>\n<p class=\"article-content article-content-width !bg-background\">\u2013\tH\u00e4n kysyi, ett\u00e4 olenko se, jolla on vauva. Tytt\u00e4reni oli silloin jotain yhdeks\u00e4n kuukautta. H\u00e4n alkoi kysell\u00e4 tytt\u00e4rest\u00e4ni. H\u00e4n muun muassa kertoi, kuinka h\u00e4nen tytt\u00e4rens\u00e4 nukkuvat. H\u00e4n oli niin mukava.<\/p>\n<p class=\"article-content article-content-width !bg-background\">\u2013\tH\u00e4n tiesi my\u00f6s Suomesta, h\u00e4nh\u00e4n on kanadalainen, Krista jatkaa.<\/p>\n<p class=\"italic m-italic article-content article-content-width !bg-background\">Viki ja K\u00f6pi Show kuunneltavissa Yle Areenassa.\u00a0<\/p>\n<p>        <a itemprop=\"url\" href=\"https:\/\/www.seiska.fi\/kotimaa\/krista-kososen-kuville-yllattava-vastaanotto\/2098129\" rel=\"nofollow noopener\" target=\"_blank\"><\/p>\n<p>\nKrista Kosonen\n<\/p>\n<p class=\"section-date\">\n        <strong class=\"article-section\" data-section=\"kotimaa\"><br \/>\n            kotimaa<br \/>\n        <\/strong><br \/>\n        10.3. 18:00\n    <\/p>\n<p>Krista Kososen kuville yll\u00e4tt\u00e4v\u00e4 vastaanotto\n    <\/p>\n<p itemprop=\"description\" class=\"subtitle \">\n    Krista Kosonen julkaisi pelottavan synkk\u00e4\u00e4 kuvamateriaalia.\n<\/p>\n<p>        <\/a><\/p>\n","protected":false},"excerpt":{"rendered":"20250813 HELSINKI. Rue Madame. Krista Kosonen. KUVA: ATTE KAJOVA Atte Kajova Krista Kosonen puhuu suoraan Hollywood-n\u00e4yttelij\u00e4st\u00e4. N\u00e4yttelij\u00e4lahjakkuus \u00a0tekee&hellip;\n","protected":false},"author":2,"featured_media":205150,"comment_status":"","ping_status":"","sticky":false,"template":"","format":"standard","meta":{"footnotes":"","_share_on_mastodon":"0"},"categories":[136],"tags":[6070,407,3015,623,137,33,31,30,4169,408,7387,3265,32,109,25426],"class_list":["post-205149","post","type-post","status-publish","format-standard","has-post-thumbnail","category-julkkikset","tag-blade-runner-2049","tag-celebrities","tag-denis-villeneuve","tag-elokuva","tag-entertainment","tag-fi","tag-finland","tag-finnish","tag-hollywood","tag-julkkikset","tag-krista-kosonen","tag-ryan-gosling","tag-suomi","tag-viihde","tag-viki-ja-kopi-show"],"share_on_mastodon":{"url":"https:\/\/pubeurope.com\/@fi\/116299510954706643","error":""},"_links":{"self":[{"href":"https:\/\/www.europesays.com\/fi\/wp-json\/wp\/v2\/posts\/205149","targetHints":{"allow":["GET"]}}],"collection":[{"href":"https:\/\/www.europesays.com\/fi\/wp-json\/wp\/v2\/posts"}],"about":[{"href":"https:\/\/www.europesays.com\/fi\/wp-json\/wp\/v2\/types\/post"}],"author":[{"embeddable":true,"href":"https:\/\/www.europesays.com\/fi\/wp-json\/wp\/v2\/users\/2"}],"replies":[{"embeddable":true,"href":"https:\/\/www.europesays.com\/fi\/wp-json\/wp\/v2\/comments?post=205149"}],"version-history":[{"count":0,"href":"https:\/\/www.europesays.com\/fi\/wp-json\/wp\/v2\/posts\/205149\/revisions"}],"wp:featuredmedia":[{"embeddable":true,"href":"https:\/\/www.europesays.com\/fi\/wp-json\/wp\/v2\/media\/205150"}],"wp:attachment":[{"href":"https:\/\/www.europesays.com\/fi\/wp-json\/wp\/v2\/media?parent=205149"}],"wp:term":[{"taxonomy":"category","embeddable":true,"href":"https:\/\/www.europesays.com\/fi\/wp-json\/wp\/v2\/categories?post=205149"},{"taxonomy":"post_tag","embeddable":true,"href":"https:\/\/www.europesays.com\/fi\/wp-json\/wp\/v2\/tags?post=205149"}],"curies":[{"name":"wp","href":"https:\/\/api.w.org\/{rel}","templated":true}]}}