{"id":205372,"date":"2026-03-27T10:32:09","date_gmt":"2026-03-27T10:32:09","guid":{"rendered":"https:\/\/www.europesays.com\/fi\/205372\/"},"modified":"2026-03-27T10:32:09","modified_gmt":"2026-03-27T10:32:09","slug":"norjan-kuningashuoneen-kriisi-haakonin-ja-mette-maritin-avioerohuhut","status":"publish","type":"post","link":"https:\/\/www.europesays.com\/fi\/205372\/","title":{"rendered":"Norjan kuningashuoneen kriisi: Haakonin ja Mette-Maritin avioerohuhut"},"content":{"rendered":"<p>            Dusan Reljin \/ Det kongelige hoff\n        <\/p>\n<p class=\"subtitle \">Hovin kriisikokouksissa on v\u00e4itetysti k\u00e4sitelty avioeroa.<\/p>\n<p class=\"article-content article-content-width !bg-background\">Norjan kuningashuone on poikkeuksellisen kohun keskell\u00e4. Norjalaislehti Se og H\u00f8r uutisoi, ett\u00e4 kruununprinssi\u00a0ja kruununprinsessa\u00a0kriisi on nostanut esille my\u00f6s avioeron mahdollisuuden.<\/p>\n<p class=\"font-weight-bold m-font-weight-bold article-content article-content-width !bg-background\">Arkistovideo: Mette-Marit kommentoi Epstein-kytk\u00f6ksi\u00e4\u00e4n<\/p>\n<p class=\"article-content article-content-width !bg-background\">Lehden l\u00e4hteiden mukaan Mette-Maritin esikoispojan , 29, rikoskohu ja Mette-Maritin ja\u00a0\u00a0yst\u00e4vyys ovat ajaneet perheen tiukkaan tilanteeseen. Samainen kohu on asettanut ennenn\u00e4kem\u00e4tt\u00f6m\u00e4n rasitteen parin avioliiton ylle.<\/p>\n<p class=\"article-content article-content-width !bg-background\">L\u00e4hteet kertovat, ett\u00e4 hovissa on keskusteltu siit\u00e4, mill\u00e4 tavoin avioero saataisiin hoidettua kruununprinssiparin ja hovin parhaaksi.<\/p>\n<p class=\"article-content article-content-width !bg-background\">Asiaa on k\u00e4sitelty useissa hovin sis\u00e4isiss\u00e4 tapaamisissa, joita on k\u00e4yty Oslon kuninkaanlinnassa. Kruununprinsessan tilanteen k\u00e4sittely\u00e4 on katsottu monesta kulmasta, ja selv\u00e4\u00e4 on, ett\u00e4 h\u00e4nen t\u00e4ytyy kommentoida tilannetta.<\/p>\n<p class=\"article-content article-content-width !bg-background\">N\u00e4in Mette-Marit tekikin antaessaan Epstein-kytk\u00f6ksist\u00e4\u00e4n haastattelun NRK:lle. Ep\u00e4selv\u00e4\u00e4 tosin on, riittiv\u00e4tk\u00f6 Mette-Maritin kommentit tasoittamaan hovin ymp\u00e4rill\u00e4 vellovaa kohua.<\/p>\n<p class=\"article-content article-content-width !bg-background\">Haastattelussa sek\u00e4 Mette-Marit ett\u00e4 Haakon my\u00f6s kiitteliv\u00e4t toisiaan vakaasta pohjasta, jolla he kertovat avioliittonsa seisovan.<\/p>\n<p>        <a itemprop=\"url\" href=\"https:\/\/www.seiska.fi\/kuninkaalliset\/lehtivaite-norjan-hovissa-valirikko\/2088369\" rel=\"nofollow noopener\" target=\"_blank\"><\/p>\n<p>\nLehtiv\u00e4ite:\n<\/p>\n<p class=\"section-date\">\n        <strong class=\"article-section\" data-section=\"kuninkaalliset\"><br \/>\n            kuninkaalliset<br \/>\n        <\/strong><br \/>\n        28.2. 16:00\n    <\/p>\n<p>Lehtiv\u00e4ite: Norjan hovissa v\u00e4lirikko\n    <\/p>\n<p itemprop=\"description\" class=\"subtitle \">\n    Kuningaspari et\u00e4\u00e4nnytt\u00e4\u00e4 itse\u00e4\u00e4n kohusta.\n<\/p>\n<p>        <\/a><\/p>\n<p>N\u00e4in k\u00e4visi<\/p>\n<p class=\"article-content article-content-width !bg-background\">Se og H\u00f8rin mukaan Haakonilla ja Mette-Maritilla on erilliset omaisuudet. Asiasta tiedotettiin heid\u00e4n avioitumisensa yhteydess\u00e4 vuonna 2001. T\u00e4m\u00e4 tarkoittaa sit\u00e4, ett\u00e4 puolisoista kumpikin on oikeutettu omaan omaisuuteensa, jos he p\u00e4\u00e4tyv\u00e4t avioeroon.<\/p>\n<p class=\"article-content article-content-width !bg-background\">Toimintatapa on yleinen kuninkaallisissa perheiss\u00e4. N\u00e4in varmistutaan siit\u00e4, etteiv\u00e4t esimerkiksi tittelit periydy v\u00e4\u00e4r\u00e4\u00e4n suuntaan, ja ett\u00e4 kuninkaalliset omaisuudet ja perinn\u00f6t s\u00e4ilyv\u00e4t suvussa.<\/p>\n<p>                <img decoding=\"async\" src=\"https:\/\/www.europesays.com\/fi\/wp-content\/uploads\/2026\/03\/2113782.webp.jpeg\" width=\"576\" height=\"322\" alt=\"Kruununprinssiperheen koti Skaugumissa on Haakonin nimiss\u00e4.\" loading=\"lazy\" \/>            <\/p>\n<p>\n            Kruununprinssiperheen koti Skaugumissa on Haakonin nimiss\u00e4.<br \/>\n            Dusan Reljin \/ Det kongelige hoff\n        <\/p>\n<p class=\"article-content article-content-width !bg-background\">Kruununprinssi Haakon omistaa esimerksiksi parin kodin Skaugumin sek\u00e4 useita loma-asuntoja. Niin ik\u00e4\u00e4n kuninkaalliselta perheelt\u00e4 saadut lahjat ovat Haakonin nimiss\u00e4.<\/p>\n<p class=\"article-content article-content-width !bg-background\">Mette-Maaritilla uskotaan kuitenkin olevan yh\u00e4 oikeus kuninkaalliseen apurahaan, jos pari p\u00e4\u00e4tyy eroon. Jos pari eroaa, menett\u00e4\u00e4 Mette-Marit kruununprinsessan tittelins\u00e4. H\u00e4nelle kuitenkin voitaisiin my\u00f6nt\u00e4\u00e4 toinen titteli ja julkinen rooli, jos hovi niin p\u00e4\u00e4tt\u00e4\u00e4.<\/p>\n<p>        <a itemprop=\"url\" href=\"https:\/\/www.seiska.fi\/kuninkaalliset\/paljastus-mette-maritin-ja-haakonin-suhteesta\/2108653\" rel=\"nofollow noopener\" target=\"_blank\"><\/p>\n<p>\nHaakon ja Mette-Marit\n<\/p>\n<p class=\"section-date\">\n        <strong class=\"article-section\" data-section=\"kuninkaalliset\"><br \/>\n            kuninkaalliset<br \/>\n        <\/strong><br \/>\n        23.3. 07:35\n    <\/p>\n<p>Paljastus Mette-Maritin ja Haakonin suhteesta\n    <\/p>\n<p itemprop=\"description\" class=\"subtitle \">\n    Kruununprinssiparin seurassa bongattiin paljonkertova hahmo.\n<\/p>\n<p>        <\/a><\/p>\n<p>Terveys huolestuttaa<\/p>\n<p class=\"article-content article-content-width !bg-background\">Kruununprinssiparin tilannetta vaikeuttaa entisest\u00e4\u00e4n kruununprinsessan terveydentila. H\u00e4n sairastaa keuhkofibroosia, joka on pakottanut h\u00e4net useaan otteeseen sairauslomalle.<\/p>\n<p class=\"article-content article-content-width !bg-background\">T\u00e4ll\u00e4 hetkell\u00e4 Mette-Maritin vointi on ilmeisen huono. H\u00e4n on n\u00e4ytt\u00e4ytynyt julkisuudessa vain harvakseltaan sitten joulukuun, jolloin h\u00e4nen tiedotettiin valmistautuvan elinsiirtojonoon.<\/p>\n<p class=\"article-content article-content-width !bg-background\">Kruununprinsessan sairaus on siis edennyt tilanteeseen, jossa keuhkonsiirto on v\u00e4ltt\u00e4m\u00e4t\u00f6n.<\/p>\n<p class=\"article-content article-content-width !bg-background\">Mette-Marit l\u00e4hti sairaalan p\u00e4ivystykseen heti torstaina (19.3.) tehdyn NRK-haastattelun j\u00e4lkeens\u00e4, ja poistui mukanaan hengityslaite.<\/p>\n<p>        <a itemprop=\"url\" href=\"https:\/\/www.seiska.fi\/kuninkaalliset\/marius-oikeudenkaynti-raju-vaite-mette-maritista-ja-haakonista\/2094283\" rel=\"nofollow noopener\" target=\"_blank\"><\/p>\n<p>\nMariusin oikeudenk\u00e4ynti\n<\/p>\n<p class=\"section-date\">\n        <strong class=\"article-section\" data-section=\"kuninkaalliset\"><br \/>\n            kuninkaalliset<br \/>\n        <\/strong><br \/>\n        7.3. 12:00\n    <\/p>\n<p>Marius-oikeudenk\u00e4ynti: Raju v\u00e4ite Mette-Maritista ja Haakonista\n    <\/p>\n<p itemprop=\"description\" class=\"subtitle \">\n    Marius Borg H\u00f8ibyn oikeudenk\u00e4ynti jatkuu Oslossa, kun \u00e4\u00e4neen p\u00e4\u00e4si h\u00e4nen entinen tytt\u00f6yst\u00e4v\u00e4ns\u00e4.\n<\/p>\n<p>        <\/a><\/p>\n","protected":false},"excerpt":{"rendered":"Dusan Reljin \/ Det kongelige hoff Hovin kriisikokouksissa on v\u00e4itetysti k\u00e4sitelty avioeroa. Norjan kuningashuone on poikkeuksellisen kohun keskell\u00e4.&hellip;\n","protected":false},"author":2,"featured_media":205373,"comment_status":"","ping_status":"","sticky":false,"template":"","format":"standard","meta":{"footnotes":"","_share_on_mastodon":"0"},"categories":[14],"tags":[2759,22,23,26,27,33,31,30,17,11121,924,922,24,25,212,28,29,15,27840,5586,18,21,32,19,20,56,16,59,60,61],"class_list":["post-205372","post","type-post","status-publish","format-standard","has-post-thumbnail","category-ulkomaat","tag-avioero","tag-breaking-news","tag-breakingnews","tag-featured-news","tag-featurednews","tag-fi","tag-finland","tag-finnish","tag-headlines","tag-jeffrey-epstein","tag-kruununprinsessa-mette-marit","tag-kruununprinssi-haakon","tag-latest-news","tag-latestnews","tag-lifestyle","tag-main-news","tag-mainnews","tag-news","tag-norjan-kuningashuone","tag-norjan-kuninkaalliset","tag-otsikot","tag-paauutiset","tag-suomi","tag-top-stories","tag-topstories","tag-ulkomaat","tag-uutiset","tag-world","tag-world-news","tag-worldnews"],"share_on_mastodon":{"url":"https:\/\/pubeurope.com\/@fi\/116300686868038071","error":""},"_links":{"self":[{"href":"https:\/\/www.europesays.com\/fi\/wp-json\/wp\/v2\/posts\/205372","targetHints":{"allow":["GET"]}}],"collection":[{"href":"https:\/\/www.europesays.com\/fi\/wp-json\/wp\/v2\/posts"}],"about":[{"href":"https:\/\/www.europesays.com\/fi\/wp-json\/wp\/v2\/types\/post"}],"author":[{"embeddable":true,"href":"https:\/\/www.europesays.com\/fi\/wp-json\/wp\/v2\/users\/2"}],"replies":[{"embeddable":true,"href":"https:\/\/www.europesays.com\/fi\/wp-json\/wp\/v2\/comments?post=205372"}],"version-history":[{"count":0,"href":"https:\/\/www.europesays.com\/fi\/wp-json\/wp\/v2\/posts\/205372\/revisions"}],"wp:featuredmedia":[{"embeddable":true,"href":"https:\/\/www.europesays.com\/fi\/wp-json\/wp\/v2\/media\/205373"}],"wp:attachment":[{"href":"https:\/\/www.europesays.com\/fi\/wp-json\/wp\/v2\/media?parent=205372"}],"wp:term":[{"taxonomy":"category","embeddable":true,"href":"https:\/\/www.europesays.com\/fi\/wp-json\/wp\/v2\/categories?post=205372"},{"taxonomy":"post_tag","embeddable":true,"href":"https:\/\/www.europesays.com\/fi\/wp-json\/wp\/v2\/tags?post=205372"}],"curies":[{"name":"wp","href":"https:\/\/api.w.org\/{rel}","templated":true}]}}