{"id":205476,"date":"2026-03-27T13:01:09","date_gmt":"2026-03-27T13:01:09","guid":{"rendered":"https:\/\/www.europesays.com\/fi\/205476\/"},"modified":"2026-03-27T13:01:09","modified_gmt":"2026-03-27T13:01:09","slug":"voisiko-alkuvuoden-isoin-scifi-elokuva-saada-jatkoa-tarina-ei-sita-kaipaa-mutta-amazonia-varmasti-houkuttaisi-takoa-kun-rauta-on-kuumaa","status":"publish","type":"post","link":"https:\/\/www.europesays.com\/fi\/205476\/","title":{"rendered":"Voisiko alkuvuoden isoin scifi-elokuva saada jatkoa? Tarina ei sit\u00e4 kaipaa, mutta Amazonia varmasti houkuttaisi takoa kun rauta on kuumaa"},"content":{"rendered":"<p>Kuva \u00a9 2025 Amazon Content Services LLC. All Rights Reserved.<\/p>\n<p>Andy Weirin romaaniin pohjautuva Operaatio Ave Maria on ollut elokuvateattereissa valtava hitti.<\/p>\n<p>Andy Weirin romaaniin pohjautuva <a href=\"https:\/\/muropaketti.com\/avainsana\/project-hail-mary\/\" rel=\"nofollow noopener\" target=\"_blank\">Operaatio Ave Maria (Project Hail Mary)<\/a> julkaistiin elokuvateattereissa viime viikolla ja siit\u00e4 tuli elokuvana jopa ennustettuakin suurempi taloudellinen hitti. Elokuva on uskollinen Weirin alkuper\u00e4isromaanille, ja se p\u00e4\u00e4ttyy samaan tapaan \u2013 eik\u00e4 siis j\u00e4\u00e4 kaipaamaan jatkoa.<\/p>\n<p>Hittielokuvissa n\u00e4hd\u00e4\u00e4n kuitenkin aina potentiaalia jatkua franchiseksi, kirjoittaa <a href=\"https:\/\/www.hollywoodreporter.com\/movies\/movie-news\/project-hail-mary-movie-sequel-ryan-gosling-1236547587\/\" rel=\"nofollow noopener\" target=\"_blank\">The Hollywood Reporter<\/a> artikkelissaan. Menestyksen vuoksi Amazon MGM Studion arvellaan pohtivan mahdollisuutta tehd\u00e4 elokuvalle jatkoa.<\/p>\n<p>Artikkelin mukaan Weirin ja Amazonin v\u00e4lill\u00e4 ei ole viel\u00e4 virallisesti keskusteltu mahdollisesta jatko-osasta, mutta sis\u00e4piiril\u00e4isten mukaan sellainen ei ole poissuljettu vaihtoehto.<\/p>\n<p>Paljon riippuu Weirist\u00e4. H\u00e4n ei ole t\u00e4h\u00e4n menness\u00e4 kirjoittanut yhdellek\u00e4\u00e4n romaanilleen jatko-osaa. Parhaillaan h\u00e4nen kerrotaan ty\u00f6st\u00e4v\u00e4n toistaiseksi viel\u00e4 salaisena pidetty\u00e4 uutta romaania, jolla ei ole mit\u00e4\u00e4n tekemist\u00e4 Ave Marian kanssa. Mutta h\u00e4n on my\u00f6s paljastanut pohtineensa jatko-osaa.<\/p>\n<p>Mielenkiinnolla j\u00e4\u00e4mme siis seuraamaan tilannetta.<\/p>\n<p>Operaatio Ave Maria -elokuvan p\u00e4\u00e4osassa n\u00e4yttelee Ryan Gosling. Elokuvan ohjaajina toimivat Phil Lord ja Christopher Miller.<\/p>\n","protected":false},"excerpt":{"rendered":"Kuva \u00a9 2025 Amazon Content Services LLC. All Rights Reserved. Andy Weirin romaaniin pohjautuva Operaatio Ave Maria on&hellip;\n","protected":false},"author":2,"featured_media":205477,"comment_status":"","ping_status":"","sticky":false,"template":"","format":"standard","meta":{"footnotes":"","_share_on_mastodon":"0"},"categories":[131],"tags":[30037,155,137,33,173,31,30,172,18490,3265,32,109],"class_list":["post-205476","post","type-post","status-publish","format-standard","has-post-thumbnail","category-elokuvat","tag-andy-weir","tag-elokuvat","tag-entertainment","tag-fi","tag-film","tag-finland","tag-finnish","tag-movies","tag-project-hail-mary","tag-ryan-gosling","tag-suomi","tag-viihde"],"share_on_mastodon":{"url":"https:\/\/pubeurope.com\/@fi\/116301272342852122","error":""},"_links":{"self":[{"href":"https:\/\/www.europesays.com\/fi\/wp-json\/wp\/v2\/posts\/205476","targetHints":{"allow":["GET"]}}],"collection":[{"href":"https:\/\/www.europesays.com\/fi\/wp-json\/wp\/v2\/posts"}],"about":[{"href":"https:\/\/www.europesays.com\/fi\/wp-json\/wp\/v2\/types\/post"}],"author":[{"embeddable":true,"href":"https:\/\/www.europesays.com\/fi\/wp-json\/wp\/v2\/users\/2"}],"replies":[{"embeddable":true,"href":"https:\/\/www.europesays.com\/fi\/wp-json\/wp\/v2\/comments?post=205476"}],"version-history":[{"count":0,"href":"https:\/\/www.europesays.com\/fi\/wp-json\/wp\/v2\/posts\/205476\/revisions"}],"wp:featuredmedia":[{"embeddable":true,"href":"https:\/\/www.europesays.com\/fi\/wp-json\/wp\/v2\/media\/205477"}],"wp:attachment":[{"href":"https:\/\/www.europesays.com\/fi\/wp-json\/wp\/v2\/media?parent=205476"}],"wp:term":[{"taxonomy":"category","embeddable":true,"href":"https:\/\/www.europesays.com\/fi\/wp-json\/wp\/v2\/categories?post=205476"},{"taxonomy":"post_tag","embeddable":true,"href":"https:\/\/www.europesays.com\/fi\/wp-json\/wp\/v2\/tags?post=205476"}],"curies":[{"name":"wp","href":"https:\/\/api.w.org\/{rel}","templated":true}]}}