{"id":205490,"date":"2026-03-27T13:22:11","date_gmt":"2026-03-27T13:22:11","guid":{"rendered":"https:\/\/www.europesays.com\/fi\/205490\/"},"modified":"2026-03-27T13:22:11","modified_gmt":"2026-03-27T13:22:11","slug":"pyhimys-akaili-huoltoasemalla-katso-video","status":"publish","type":"post","link":"https:\/\/www.europesays.com\/fi\/205490\/","title":{"rendered":"Pyhimys \u00e4k\u00e4ili huoltoasemalla \u2013 katso video"},"content":{"rendered":"<p>\n            20180820, Helsinki. Vain El\u00e4m\u00e4\u00e4 9. tuotantokausi pressi Kalastajantorpalla. Kuvassa Pyhimys. Timo Korhonen \/ Aller Media Oy<br \/>\n            Timo Korhonen\n        <\/p>\n<p class=\"subtitle \">Artisti ei ollut parhaimmalla tuulella, sanoo Seiskan lukija.<\/p>\n<p class=\"article-content article-content-width !bg-background\"> eli   her\u00e4tti huomiota huoltoasemalla.<\/p>\n<p class=\"font-weight-bold m-font-weight-bold article-content article-content-width !bg-background\">Katso video: Pyhimys \u00e4k\u00e4ili huoltoasemalla<\/p>\n<p class=\"article-content article-content-width !bg-background\">Seiskan lukija bongasi Pyhimyksen Karkkilassa sijaitsevalla ABC:ll\u00e4 viime viikon lauantaina.\u00a0<\/p>\n<p class=\"article-content article-content-width !bg-background\">Lukija kiinnitti huomiota artistin olemukseen.<\/p>\n<p class=\"article-content article-content-width !bg-background\">\u2013 Pyhimys k\u00e4veli minua vastaan kaupassa. H\u00e4n osti juotavaa ja vaikutti melko \u00e4rtyneelt\u00e4.\u00a0<\/p>\n<p class=\"article-content article-content-width !bg-background\">\u2013 Toivottavasti Pyhimys ehti nukkua pienet p\u00e4ikk\u00e4rit ennen illan keikkaa Ikaalisissa, silminn\u00e4kij\u00e4 toteaa.<\/p>\n<p>        <a itemprop=\"url\" href=\"https:\/\/www.seiska.fi\/kotimaa\/pyhimys-yllatysilmoitus\/1992827\" rel=\"nofollow noopener\" target=\"_blank\"><\/p>\n<p>\nPyhimys:\n<\/p>\n<p class=\"section-date\">\n        <strong class=\"article-section\" data-section=\"kotimaa\"><br \/>\n            kotimaa<br \/>\n        <\/strong><br \/>\n        14.11.2025 10:35\n    <\/p>\n<p>Pyhimys: yll\u00e4tysilmoitus\n    <\/p>\n<p itemprop=\"description\" class=\"subtitle \">\n    Pyhimyst\u00e4 ei olla hetkeen n\u00e4hty.\n<\/p>\n<p>        <\/a><\/p>\n<p class=\"article-content article-content-width !bg-background\">Pyhimys kuuluu Teflon Brothers -yhtyeeseen, jota h\u00e4n py\u00f6ritt\u00e4\u00e4   ja  kanssa.<\/p>\n<p class=\"article-content article-content-width !bg-background\">Teflon Brothers esiintyi Ikaalinen Spa &amp; Resortilla 21. maaliskuuta.<\/p>\n<p>                <img decoding=\"async\" src=\"https:\/\/www.europesays.com\/fi\/wp-content\/uploads\/2026\/03\/2110325.webp.jpeg\" width=\"576\" height=\"548\" title=\"Seiskan lukija bongasi Pyhimyksen 21.3. Artisti ei ollut Seiskan lukijan mukaan parhaimmalla tuulella.\" alt=\"Pyhimys eli Mikko Kuoppala Karkkilan ABC:lla 21.3.2026\" loading=\"lazy\" \/>            <\/p>\n<p>\n            Seiskan lukija bongasi Pyhimyksen 21.3. Artisti ei ollut Seiskan lukijan mukaan parhaimmalla tuulella.<br \/>\n            Seiskan lukija\n        <\/p>\n<p>Pyhimyksen sooloura jatkuu<\/p>\n<p class=\"article-content article-content-width !bg-background\">Pyhimyksen pitk\u00e4\u00e4n jatkunut soolotauko loppuu t\u00e4n\u00e4 vuonna, kun h\u00e4n nousee Helsingin Downtown Calling -festivaalien keikkalavalle 11. hein\u00e4kuuta.<\/p>\n<p class=\"article-content article-content-width !bg-background\">Soolotauosta huolimatta Pyhimys on py\u00f6rinyt otsikoissa viime vuosina sekavan keikkak\u00e4ytt\u00e4ytymisens\u00e4 vuoksi, joka on saanut toisinaan ihmiset jopa suutuksiin.<\/p>\n<p>        <a itemprop=\"url\" href=\"https:\/\/www.seiska.fi\/kotimaa\/uusi-kaanne-pyhimyksen-avioerossa\/1998741\" rel=\"nofollow noopener\" target=\"_blank\"><\/p>\n<p>\nPyhimyksen avioero\n<\/p>\n<p class=\"section-date\">\n        <strong class=\"article-section\" data-section=\"kotimaa\"><br \/>\n            kotimaa<br \/>\n        <\/strong><br \/>\n        20.11.2025 17:00\n    <\/p>\n<p>Uusi k\u00e4\u00e4nne Pyhimyksen avioerossa\n    <\/p>\n<p itemprop=\"description\" class=\"subtitle \">\n    Helsingin k\u00e4r\u00e4j\u00e4oikeudesta kerrotaan Seiskalle, ett\u00e4 Pyhimys ja h\u00e4nen vaimonsa avioerossa on tapahtunut uusi k\u00e4\u00e4nne.\n<\/p>\n<p>        <\/a><\/p>\n<p class=\"article-content article-content-width !bg-background\">Seiska kertoi viime vuonna Pyhimyksen avioerosta. Liisa-vaimo j\u00e4tti yksin eropaperit Helsingin k\u00e4r\u00e4j\u00e4oikeuteen helmikuussa.\u00a0<\/p>\n<p class=\"article-content article-content-width !bg-background\">He olivat naimisissa 15 vuotta ja tuona aikana heille syntyi kaksi lasta.<\/p>\n<p class=\"article-content article-content-width !bg-background\">Pyhimys ja h\u00e4nen vaimonsa tuomittiin avioeroon marraskuussa.<\/p>\n","protected":false},"excerpt":{"rendered":"20180820, Helsinki. Vain El\u00e4m\u00e4\u00e4 9. tuotantokausi pressi Kalastajantorpalla. Kuvassa Pyhimys. Timo Korhonen \/ Aller Media Oy Timo Korhonen&hellip;\n","protected":false},"author":2,"featured_media":205491,"comment_status":"","ping_status":"","sticky":false,"template":"","format":"standard","meta":{"footnotes":"","_share_on_mastodon":"0"},"categories":[136],"tags":[17149,407,137,33,31,30,31130,408,5265,8926,8927,32,1667,9180,109],"class_list":["post-205490","post","type-post","status-publish","format-standard","has-post-thumbnail","category-julkkikset","tag-abc","tag-celebrities","tag-entertainment","tag-fi","tag-finland","tag-finnish","tag-huoltoasema","tag-julkkikset","tag-lukijan-kuva","tag-mikko-kuoppala","tag-pyhimys","tag-suomi","tag-tapahtumat","tag-teflon-brothers","tag-viihde"],"share_on_mastodon":{"url":"https:\/\/pubeurope.com\/@fi\/116301355162580529","error":""},"_links":{"self":[{"href":"https:\/\/www.europesays.com\/fi\/wp-json\/wp\/v2\/posts\/205490","targetHints":{"allow":["GET"]}}],"collection":[{"href":"https:\/\/www.europesays.com\/fi\/wp-json\/wp\/v2\/posts"}],"about":[{"href":"https:\/\/www.europesays.com\/fi\/wp-json\/wp\/v2\/types\/post"}],"author":[{"embeddable":true,"href":"https:\/\/www.europesays.com\/fi\/wp-json\/wp\/v2\/users\/2"}],"replies":[{"embeddable":true,"href":"https:\/\/www.europesays.com\/fi\/wp-json\/wp\/v2\/comments?post=205490"}],"version-history":[{"count":0,"href":"https:\/\/www.europesays.com\/fi\/wp-json\/wp\/v2\/posts\/205490\/revisions"}],"wp:featuredmedia":[{"embeddable":true,"href":"https:\/\/www.europesays.com\/fi\/wp-json\/wp\/v2\/media\/205491"}],"wp:attachment":[{"href":"https:\/\/www.europesays.com\/fi\/wp-json\/wp\/v2\/media?parent=205490"}],"wp:term":[{"taxonomy":"category","embeddable":true,"href":"https:\/\/www.europesays.com\/fi\/wp-json\/wp\/v2\/categories?post=205490"},{"taxonomy":"post_tag","embeddable":true,"href":"https:\/\/www.europesays.com\/fi\/wp-json\/wp\/v2\/tags?post=205490"}],"curies":[{"name":"wp","href":"https:\/\/api.w.org\/{rel}","templated":true}]}}