{"id":205634,"date":"2026-03-27T16:47:12","date_gmt":"2026-03-27T16:47:12","guid":{"rendered":"https:\/\/www.europesays.com\/fi\/205634\/"},"modified":"2026-03-27T16:47:12","modified_gmt":"2026-03-27T16:47:12","slug":"valokuituyhtio-lounea-sai-kaksi-tunnustusta-paras-kotinetti-ja-kestava-verkkokehittaja-paikalliset","status":"publish","type":"post","link":"https:\/\/www.europesays.com\/fi\/205634\/","title":{"rendered":"Valokuituyhti\u00f6 Lounea sai kaksi tunnustusta: paras kotinetti ja kest\u00e4v\u00e4 verkkokehitt\u00e4j\u00e4 | Paikalliset"},"content":{"rendered":"<p>Valokuituyhti\u00f6 Lounea on saanut tunnustuksen Suomen parhaasta kotinetist\u00e4 riippumattoman analytiikkayhti\u00f6 Opensignalin kansainv\u00e4lisess\u00e4 Fixed Broadband Experience -tutkimuksessa. Tunnustus perustuu Lounean vahvaan suoriutumiseen lataus- ja l\u00e4hetysnopeuksissa sek\u00e4 sijoittumiseen k\u00e4rkeen verkon tasalaatuisuutta tai luotettavuutta mittaavissa kategorioissa.<\/p>\n","protected":false},"excerpt":{"rendered":"Valokuituyhti\u00f6 Lounea on saanut tunnustuksen Suomen parhaasta kotinetist\u00e4 riippumattoman analytiikkayhti\u00f6 Opensignalin kansainv\u00e4lisess\u00e4 Fixed Broadband Experience -tutkimuksessa. Tunnustus perustuu&hellip;\n","protected":false},"author":2,"featured_media":205635,"comment_status":"","ping_status":"","sticky":false,"template":"","format":"standard","meta":{"footnotes":"","_share_on_mastodon":"0"},"categories":[87],"tags":[33,31,30,148,2011,31146,32,91,92,487,21822,4352],"class_list":["post-205634","post","type-post","status-publish","format-standard","has-post-thumbnail","category-internet","tag-fi","tag-finland","tag-finnish","tag-internet","tag-internet-yhteys","tag-lounea","tag-suomi","tag-technology","tag-teknologia","tag-teknologia-yleista","tag-valokuitulaajakaista","tag-valokuituverkko"],"share_on_mastodon":{"url":"https:\/\/pubeurope.com\/@fi\/116302161242810517","error":""},"_links":{"self":[{"href":"https:\/\/www.europesays.com\/fi\/wp-json\/wp\/v2\/posts\/205634","targetHints":{"allow":["GET"]}}],"collection":[{"href":"https:\/\/www.europesays.com\/fi\/wp-json\/wp\/v2\/posts"}],"about":[{"href":"https:\/\/www.europesays.com\/fi\/wp-json\/wp\/v2\/types\/post"}],"author":[{"embeddable":true,"href":"https:\/\/www.europesays.com\/fi\/wp-json\/wp\/v2\/users\/2"}],"replies":[{"embeddable":true,"href":"https:\/\/www.europesays.com\/fi\/wp-json\/wp\/v2\/comments?post=205634"}],"version-history":[{"count":0,"href":"https:\/\/www.europesays.com\/fi\/wp-json\/wp\/v2\/posts\/205634\/revisions"}],"wp:featuredmedia":[{"embeddable":true,"href":"https:\/\/www.europesays.com\/fi\/wp-json\/wp\/v2\/media\/205635"}],"wp:attachment":[{"href":"https:\/\/www.europesays.com\/fi\/wp-json\/wp\/v2\/media?parent=205634"}],"wp:term":[{"taxonomy":"category","embeddable":true,"href":"https:\/\/www.europesays.com\/fi\/wp-json\/wp\/v2\/categories?post=205634"},{"taxonomy":"post_tag","embeddable":true,"href":"https:\/\/www.europesays.com\/fi\/wp-json\/wp\/v2\/tags?post=205634"}],"curies":[{"name":"wp","href":"https:\/\/api.w.org\/{rel}","templated":true}]}}