{"id":20578,"date":"2025-08-30T09:20:09","date_gmt":"2025-08-30T09:20:09","guid":{"rendered":"https:\/\/www.europesays.com\/fi\/20578\/"},"modified":"2025-08-30T09:20:09","modified_gmt":"2025-08-30T09:20:09","slug":"sami-pajarille-karu-pettymys-ei-mitaan-sanottavaa","status":"publish","type":"post","link":"https:\/\/www.europesays.com\/fi\/20578\/","title":{"rendered":"Sami Pajarille karu pettymys: \u201dEi mit\u00e4\u00e4n sanottavaa\u201d"},"content":{"rendered":"<p>Sami Pajarin hieno startti Paraguayn MM-rallissa vaihtui pettymykseen perjantain toiseksi viimeisell\u00e4 erikoiskokeella.<\/p>\n<p><img decoding=\"async\" class=\"image image-show image-preview\" src=\"https:\/\/www.europesays.com\/fi\/wp-content\/uploads\/2025\/08\/a4edb83c08615f0983fd5f782cb9ae2923099d4ba4042e7ee549fe890b22f49f.jpg\" alt=\"\"\/><img decoding=\"async\" class=\"image image-show\" src=\"https:\/\/www.europesays.com\/fi\/wp-content\/uploads\/2025\/08\/1756545609_185_a4edb83c08615f0983fd5f782cb9ae2923099d4ba4042e7ee549fe890b22f49f.jpg\" alt=\"\"\/><\/p>\n<p>Sami Pajari perjantain pilasi rengasrikko. AOP<\/p>\n<p class=\"paragraph\"><strong>Sami Pajari <\/strong>oli parhaimmillaan Paraguayn MM-rallissa kolmantena perjantain aamulenkin j\u00e4lkeen, ja taisteli palkintosijoista aina p\u00e4iv\u00e4n toiseksi viimeiselle erikoiskokeelle asti. Perjantain pisin, 30 kilometrin mittainen Yerbatera koitui kuitenkin suomalaisen kohtaloksi.<\/p>\n<p class=\"paragraph\">Pajari ja kartanlukija <strong>Marko Salminen<\/strong> joutuivat vaihtamaan renkaan kesken p\u00e4tk\u00e4n, ja aikaa meni rutkasti hukkaan. Perjantain j\u00e4lkeen Pajari on kisassa kahdeksantena, mutta eroa k\u00e4rkitilaan on muhkeat kaksi ja puoli minuuttia.<\/p>\n<p class=\"paragraph\">\u2013 Olimme hyvinkin peliss\u00e4 mukana ennen kuin k\u00e4rsimme rengasrikon viimeisell\u00e4 pitk\u00e4ll\u00e4 p\u00e4tk\u00e4ll\u00e4. Aamulla oli tunne, ett\u00e4 osumia tuli, mutta mit\u00e4\u00e4n ei mennyt rikki. Nyt en edes osunut mihink\u00e4\u00e4n, Pajari manasi.<\/p>\n<p class=\"paragraph\">\u2013 Tietenkin tunne on todella pettynyt. Siihen asti meni tosi hyvin ja olimme taistelussa mukana. T\u00e4m\u00e4 on s\u00e4\u00e4li, ei minulla ole oikein mit\u00e4\u00e4n sanottavaa.<\/p>\n<p>Sami Pajari ja kartturi Marko Salminen taistelivat k\u00e4rkisijoista ennen rengasrikkoa. AOP<\/p>\n<p class=\"paragraph\">Pajari oli todella pettynyt mies tapahtuneen j\u00e4lkeen. Hyv\u00e4 vauhti ei paljoa l\u00e4mmitt\u00e4nyt, sill\u00e4 tuloksia pit\u00e4isi saada aikaiseksi.<\/p>\n<p class=\"paragraph\">\u2013 Vauhti sin\u00e4ns\u00e4 on aina positiivista, mutta haluaisin my\u00f6s p\u00e4\u00e4st\u00e4 kisat maaliin hyvill\u00e4 sijoilla. Se olisi hienoa juttu. T\u00e4llaista t\u00e4m\u00e4 nyt on, Pajari harmitteli.<\/p>\n<p class=\"paragraph\">Paraguayn MM-ralli jatkuu lauantaina seitsem\u00e4ll\u00e4 erikoiskokeella.<\/p>\n","protected":false},"excerpt":{"rendered":"Sami Pajarin hieno startti Paraguayn MM-rallissa vaihtui pettymykseen perjantain toiseksi viimeisell\u00e4 erikoiskokeella. Sami Pajari perjantain pilasi rengasrikko. AOP&hellip;\n","protected":false},"author":2,"featured_media":20579,"comment_status":"","ping_status":"","sticky":false,"template":"","format":"standard","meta":{"footnotes":""},"categories":[158],"tags":[35,648,33,31,30,121,41,1048,159,32,128,160],"class_list":{"0":"post-20578","1":"post","2":"type-post","3":"status-publish","4":"format-standard","5":"has-post-thumbnail","7":"category-urheilu","8":"tag-24h","9":"tag-autot","10":"tag-fi","11":"tag-finland","12":"tag-finnish","13":"tag-liikenne-ja-kuljetus","14":"tag-liikunta-ja-urheilu","15":"tag-maakulkuneuvot","16":"tag-sports","17":"tag-suomi","18":"tag-tieliikenne","19":"tag-urheilu"},"share_on_mastodon":{"url":"","error":""},"_links":{"self":[{"href":"https:\/\/www.europesays.com\/fi\/wp-json\/wp\/v2\/posts\/20578","targetHints":{"allow":["GET"]}}],"collection":[{"href":"https:\/\/www.europesays.com\/fi\/wp-json\/wp\/v2\/posts"}],"about":[{"href":"https:\/\/www.europesays.com\/fi\/wp-json\/wp\/v2\/types\/post"}],"author":[{"embeddable":true,"href":"https:\/\/www.europesays.com\/fi\/wp-json\/wp\/v2\/users\/2"}],"replies":[{"embeddable":true,"href":"https:\/\/www.europesays.com\/fi\/wp-json\/wp\/v2\/comments?post=20578"}],"version-history":[{"count":0,"href":"https:\/\/www.europesays.com\/fi\/wp-json\/wp\/v2\/posts\/20578\/revisions"}],"wp:featuredmedia":[{"embeddable":true,"href":"https:\/\/www.europesays.com\/fi\/wp-json\/wp\/v2\/media\/20579"}],"wp:attachment":[{"href":"https:\/\/www.europesays.com\/fi\/wp-json\/wp\/v2\/media?parent=20578"}],"wp:term":[{"taxonomy":"category","embeddable":true,"href":"https:\/\/www.europesays.com\/fi\/wp-json\/wp\/v2\/categories?post=20578"},{"taxonomy":"post_tag","embeddable":true,"href":"https:\/\/www.europesays.com\/fi\/wp-json\/wp\/v2\/tags?post=20578"}],"curies":[{"name":"wp","href":"https:\/\/api.w.org\/{rel}","templated":true}]}}