{"id":20584,"date":"2025-08-30T09:25:08","date_gmt":"2025-08-30T09:25:08","guid":{"rendered":"https:\/\/www.europesays.com\/fi\/20584\/"},"modified":"2025-08-30T09:25:08","modified_gmt":"2025-08-30T09:25:08","slug":"nain-nato-haataisi-venajan-itaiselta-sivustalta-suomalaiskaksikko-paasi-usan-erikoisjoukkojen-matkaan","status":"publish","type":"post","link":"https:\/\/www.europesays.com\/fi\/20584\/","title":{"rendered":"N\u00e4in Nato h\u00e4\u00e4t\u00e4isi Ven\u00e4j\u00e4n it\u00e4iselt\u00e4 sivustalta \u2013 Suomalaiskaksikko p\u00e4\u00e4si USA:n erikoisjoukkojen matkaan"},"content":{"rendered":"<p>Yhdysvaltain 20. erikoisjoukko-osasto osallistui kev\u00e4\u00e4ll\u00e4 laajaan Swift Response 25 -harjoituskokonaisuuteen, jossa harjoiteltiin Baltian takaisinvaltausta.<\/p>\n<p><img decoding=\"async\" class=\"image image-show image-preview\" src=\"https:\/\/www.europesays.com\/fi\/wp-content\/uploads\/2025\/08\/ed8b74565dc1456976c0878bda8434041128aee45062297880d4427b89e03890.jpg\" alt=\"\"\/><img decoding=\"async\" class=\"image image-show\" src=\"https:\/\/www.europesays.com\/fi\/wp-content\/uploads\/2025\/08\/1756545907_717_ed8b74565dc1456976c0878bda8434041128aee45062297880d4427b89e03890.jpg\" alt=\"\"\/><\/p>\n<p>Nimell\u00e4 \u201dgreen berets\u201d tunnetut Yhdysvaltain armeijan erikoisjoukot koostuvat osin my\u00f6s reservil\u00e4isryhmist\u00e4. Eetu Pitk\u00e4nen\/Mighty Finland<\/p>\n<p class=\"paragraph\">Yhdysvaltain kansalliskaartin 20. erikoisjoukko-osasto harjoitteli toukokuussa Latviassa, miten menetetty\u00e4 Baltiaa vallataan takaisin Ven\u00e4j\u00e4lt\u00e4.<\/p>\n<p class=\"paragraph\">Suomalaiskolmikko <strong>Ville Sormuselle<\/strong>, <strong>Wille Koskenvesalle<\/strong> ja kuvaaja <strong>Eetu Pitk\u00e4selle<\/strong> tarjoutui ainutlaatuinen mahdollisuus seurata harjoituksia suoraan paikan p\u00e4\u00e4lt\u00e4.<\/p>\n<p class=\"paragraph\">Kolmikko julkaisee lauantaina omalla <a href=\"https:\/\/www.youtube.com\/@mightyfinland8118\" target=\"_blank\" rel=\"noopener nofollow\">Mighty Finland -kanavallaan<\/a> matkalta kuvatun dokumentin.<\/p>\n<p class=\"paragraph\">\u2013 He hypp\u00e4siv\u00e4t valtavasta Chinook-helikopterista viile\u00e4n kev\u00e4iseen Riianlahteen ja sielt\u00e4 heid\u00e4t poimittiin latvialaisen katamaraanialuksen kyytiin. Siit\u00e4 l\u00e4hdettiin k\u00e4yt\u00e4nn\u00f6ss\u00e4 sit\u00e4 suoritusta tekem\u00e4\u00e4n, Koskenvesa muistelee Iltalehdelle.<\/p>\n<p class=\"paragraph\">Joukot olivat Latviassa osana Yhdysvaltain Euroopan ja Afrikan armeijan kev\u00e4ist\u00e4 Swift Response 25 -harjoituskokonaisuutta. Harjoituksessa harjoiteltiin monikansallisen taisteluvoiman ja kriittisten kykyjen kohdentamista osaksi Naton pohjoista sivustaa.<\/p>\n<p class=\"paragraph\">Harjoitus j\u00e4rjestettiin Latvian lis\u00e4ksi Suomessa, Norjassa, Ruotsissa ja Liettuassa. Suomessa kokonaisuuteen kuuluneet harjoitukset j\u00e4rjestettiin nimell\u00e4 Lively Sabre 25.<\/p>\n<p>Sormunen ja Koskenvesa asuivat erikoisjoukkojen kanssa l\u00e4hes kahden viikon ajan Latviassa. Eetu Pitk\u00e4nen\/Mighty Finland<\/p>\n<p class=\"paragraph\">Sormusen ja Koskenvesan seuraama 20. erikoisjoukko-osasto pudotettiin harjoituksessa vihollislinjojen taakse valmistelemaan p\u00e4\u00e4joukkojen iskua alueelle.<\/p>\n<p class=\"paragraph\">Harjoitus kesti noin kaksi viikkoa. Sen aikana suomalaiset asuivat erikoisjoukkojen kanssa, kun n\u00e4m\u00e4 perustivat turvatalon, tuhosivat vihollisen ilmatorjuntaa, v\u00e4ijyttiv\u00e4t ja iskiv\u00e4t vihollisen hallussa pit\u00e4m\u00e4lle rakennetulle alueelle.<\/p>\n<p class=\"paragraph\">\u2013 Jokainen varsinainen suoritus piti sis\u00e4ll\u00e4\u00e4n monta tuntia jalkaty\u00f6t\u00e4, suunnittelua, harjoittelua ja kohteen tiedustelua.<\/p>\n<p>Harjoitukseen osallistui Yhdysvaltain kansalliskaartin 20. erikoisjoukko-osasto. Osasto j\u00e4senten naamat on peitetty turvallisuussyist\u00e4. Eetu Pitk\u00e4nen\/Mighty Finland<\/p>\n<p>\u201dAmeriikan temppuja\u201d<\/p>\n<p class=\"paragraph\">20. erikoisjoukko-soasto kuuluu Yhdysvaltain armeijan erikoisjoukkoihin, joita kutsutaan yleisesti nimityksell\u00e4 \u201dGreen Berets\u201d eli suomeksi vihre\u00e4t baretit.<\/p>\n<p class=\"paragraph\">Latviassa ollut osasto on toinen Yhdysvaltain kansalliskaartin erikoisjoukko-osastoista. Kansalliskaarti perustuu reservil\u00e4istoimintaan. Sormusen ja Koskenvesan tapaamat osaston j\u00e4senet tekev\u00e4t siis p\u00e4iv\u00e4t\u00f6ikseen Suomen reservil\u00e4isj\u00e4rjestelm\u00e4n tapaan jotain aivan muuta kuin sotilaan t\u00f6it\u00e4.<\/p>\n<p class=\"paragraph\">Joillakin j\u00e4senill\u00e4 oli kuitenkin taustaa my\u00f6s ammattisotilaana ty\u00f6skentelemisest\u00e4. Heid\u00e4n sodan ajan teht\u00e4v\u00e4ns\u00e4 luonteen takia enemp\u00e4\u00e4 tietoa j\u00e4senist\u00e4 ei kuitenkaan Sormuselta ja Koskenvesalta heru.<\/p>\n<p class=\"paragraph\">\u2013 Siell\u00e4 oli muutama tyyppi, jotka olivat olleet terrorisminvastaisessa sodassa L\u00e4hi-id\u00e4ss\u00e4, Sormunen paljastaa.<\/p>\n<p>Harjoituksen aikana toteutettiin muun muassa v\u00e4ijytys ja isku vihollisen hallitsemalle rakennetulle alueelle. Eetu Pitk\u00e4nen\/Mighty Finland<\/p>\n<p class=\"paragraph\">Yhdysvaltain kansalliskaarti on Koskenvesan mukaan muutenkin hieman erilainen Suomen reservil\u00e4isj\u00e4rjestelm\u00e4\u00e4n verrattuna.<\/p>\n<p class=\"paragraph\">\u2013 Kansalliskaartij\u00e4rjestelm\u00e4 mahdollistaa eri tavalla sen, ett\u00e4 on voinut olla pitki\u00e4kin aikoja aktiivipalveluksessa, ja sen j\u00e4lkeen jatkaa hommia, mutta v\u00e4h\u00e4n eri painotuksella.<\/p>\n<p class=\"paragraph\">Yhdysvallat on maailman kiistaton asemahti, ja tapaamiaan joukkoja suomalaiset kuvailevatkin piinkoviksi ammattilaisiksi.<\/p>\n<p class=\"paragraph\">Massiivisesta puolustusbudjetista ja erikoisv\u00e4lineist\u00e4 huolimatta Sormusen ja Koskenvesan mukaan Yhdysvaltain erikoisjoukkojenkin toiminta l\u00e4htee lopulta perusasioista.<\/p>\n<p class=\"paragraph\">T\u00e4m\u00e4 oli heid\u00e4n mukaansa hyv\u00e4 oppi my\u00f6s suomalaiselle reservil\u00e4iselle.<\/p>\n<p class=\"paragraph\">\u2013 Kaikki l\u00e4htee siit\u00e4 perusjuttujen osaamisesta todella hyvin, eik\u00e4 niink\u00e4\u00e4n niist\u00e4 \u201dAmeriikan tempuista\u201d. Ihan siit\u00e4, miten asetta k\u00e4sitell\u00e4\u00e4n ja k\u00e4ytet\u00e4\u00e4n. Miten annetaan ensiapua ja miten asioita huolletaan, Sormunen sanoo.<\/p>\n<p>Identtinen palvelushistoria<\/p>\n<p class=\"paragraph\">Mighty Finland tuottaa maanpuolustuksellista materiaalia muun muassa podcast- ja videomuodossa.<\/p>\n<p class=\"paragraph\">Kanavan takana oleva kaksikko tapasi aikanaan teeman mukaisesti varusmiespalveluksessa, josta matka jatkui my\u00f6hemmin kriisinhallintateht\u00e4viin.<\/p>\n<p class=\"paragraph\">\u2013 Meill\u00e4 on t\u00e4ysin identtinen palveluhistoria joukkueita, teht\u00e4vi\u00e4 ja etunime\u00e4 my\u00f6ten, Sormunen kertoo.<\/p>\n<p>Sormunen (vas.) ja Koskenvesa (oik.) ovat p\u00e4\u00e4sseet uransa aikana moniin mielenkiintoisiin paikkoihin. Eetu Pitk\u00e4nen\/Mighty Finland<\/p>\n<p class=\"paragraph\">Reserviss\u00e4 kiinnostus sotilasmaailmaan jatkui, mutta ei edennyt uraksi asti. Molemmat kuitenkin kokivat, ett\u00e4 Suomessa on lovi siin\u00e4, miten maanpuolustuksesta puhutaan.<\/p>\n<p class=\"paragraph\">\u2013 Hyvin karrikoiden spektrin toisessa p\u00e4\u00e4ss\u00e4 ovat j\u00e4tkien saunaillat, miss\u00e4 jutellaan ja muistellaan, millaista oli Reserviupseerikoulussa. Toisessa p\u00e4\u00e4ss\u00e4 ovat uutisohjelmat, jonne kenraalit tulevat puhumaan, ett\u00e4 nyt ostettiin h\u00e4vitt\u00e4ji\u00e4 ja nyt tehtiin t\u00e4llaista.<\/p>\n<p class=\"paragraph\">T\u00e4h\u00e4n v\u00e4liin j\u00e4\u00e4v\u00e4\u00e4 tyhji\u00f6t\u00e4 Mighty Finland pyrkii tuottamallaan sis\u00e4ll\u00f6ll\u00e4 t\u00e4ytt\u00e4m\u00e4\u00e4n. Kaksikon vieraina on ollut useita valtamediastakin tuttuja tutkijoita ja tehty ty\u00f6 johti aiemmin kes\u00e4ll\u00e4 my\u00f6s suoraan kutsuun Naton Haagin huippukokoukseen.<\/p>\n<p class=\"paragraph\">Vuosien ty\u00f6 on tuottanut Sormusen ja Koskenvesan mukaan laajat ja kattavat verkostot moneen suuntaan ja Yhdysvaltain erikoisjoukkojen matkaankin he p\u00e4\u00e4tyiv\u00e4t suoralla kutsulla.<\/p>\n<p class=\"paragraph\">\u2013 Vuosien aikana, kun on tuota somesis\u00e4lt\u00f6\u00e4 ja podcastia tehty, niin se on luonut meille aika yll\u00e4tt\u00e4v\u00e4nkin laajat ja kattavat verkostot hyvinkin moneen suuntaan. Sit\u00e4 my\u00f6den ollaan p\u00e4\u00e4sty juttusille erin\u00e4isten mielenkiintoisten ihmisten kanssa, Koskenvesa kertoo.<\/p>\n","protected":false},"excerpt":{"rendered":"Yhdysvaltain 20. erikoisjoukko-osasto osallistui kev\u00e4\u00e4ll\u00e4 laajaan Swift Response 25 -harjoituskokonaisuuteen, jossa harjoiteltiin Baltian takaisinvaltausta. Nimell\u00e4 \u201dgreen berets\u201d tunnetut&hellip;\n","protected":false},"author":2,"featured_media":20585,"comment_status":"","ping_status":"","sticky":false,"template":"","format":"standard","meta":{"footnotes":""},"categories":[14],"tags":[35,802,804,22,23,26,27,33,31,30,17,24,25,803,28,29,15,18,21,878,2535,32,19,20,56,16,59,60,61],"class_list":{"0":"post-20584","1":"post","2":"type-post","3":"status-publish","4":"format-standard","5":"has-post-thumbnail","7":"category-ulkomaat","8":"tag-24h","9":"tag-armeijat-ja-aseelliset-joukot","10":"tag-aseelliset-konfliktit","11":"tag-breaking-news","12":"tag-breakingnews","13":"tag-featured-news","14":"tag-featurednews","15":"tag-fi","16":"tag-finland","17":"tag-finnish","18":"tag-headlines","19":"tag-latest-news","20":"tag-latestnews","21":"tag-levottomuudet-ja-sodat","22":"tag-main-news","23":"tag-mainnews","24":"tag-news","25":"tag-otsikot","26":"tag-paauutiset","27":"tag-puolustus-ja-rajavalvonta-maanpuolustus","28":"tag-puolustuspolitiikka","29":"tag-suomi","30":"tag-top-stories","31":"tag-topstories","32":"tag-ulkomaat","33":"tag-uutiset","34":"tag-world","35":"tag-world-news","36":"tag-worldnews"},"share_on_mastodon":{"url":"","error":""},"_links":{"self":[{"href":"https:\/\/www.europesays.com\/fi\/wp-json\/wp\/v2\/posts\/20584","targetHints":{"allow":["GET"]}}],"collection":[{"href":"https:\/\/www.europesays.com\/fi\/wp-json\/wp\/v2\/posts"}],"about":[{"href":"https:\/\/www.europesays.com\/fi\/wp-json\/wp\/v2\/types\/post"}],"author":[{"embeddable":true,"href":"https:\/\/www.europesays.com\/fi\/wp-json\/wp\/v2\/users\/2"}],"replies":[{"embeddable":true,"href":"https:\/\/www.europesays.com\/fi\/wp-json\/wp\/v2\/comments?post=20584"}],"version-history":[{"count":0,"href":"https:\/\/www.europesays.com\/fi\/wp-json\/wp\/v2\/posts\/20584\/revisions"}],"wp:featuredmedia":[{"embeddable":true,"href":"https:\/\/www.europesays.com\/fi\/wp-json\/wp\/v2\/media\/20585"}],"wp:attachment":[{"href":"https:\/\/www.europesays.com\/fi\/wp-json\/wp\/v2\/media?parent=20584"}],"wp:term":[{"taxonomy":"category","embeddable":true,"href":"https:\/\/www.europesays.com\/fi\/wp-json\/wp\/v2\/categories?post=20584"},{"taxonomy":"post_tag","embeddable":true,"href":"https:\/\/www.europesays.com\/fi\/wp-json\/wp\/v2\/tags?post=20584"}],"curies":[{"name":"wp","href":"https:\/\/api.w.org\/{rel}","templated":true}]}}