{"id":20594,"date":"2025-08-30T09:44:08","date_gmt":"2025-08-30T09:44:08","guid":{"rendered":"https:\/\/www.europesays.com\/fi\/20594\/"},"modified":"2025-08-30T09:44:08","modified_gmt":"2025-08-30T09:44:08","slug":"sabrina-carpenterin-uudessa-musiikkivideossa-nahdaan-kaksinkertainen-oscar-ehdokas-katso-tyylikas-lyhari","status":"publish","type":"post","link":"https:\/\/www.europesays.com\/fi\/20594\/","title":{"rendered":"Sabrina Carpenterin uudessa musiikkivideossa n\u00e4hd\u00e4\u00e4n kaksinkertainen Oscar-ehdokas \u2013\u00a0Katso tyylik\u00e4s lyh\u00e4ri!"},"content":{"rendered":"<p>Popt\u00e4hti <strong>Sabrina Carpenterin<\/strong> uusi albumi Man\u2019s Best Friend julkaistiin 29. elokuuta. Albumin toinen sinkku Tears sai my\u00f6s musiikkivideon, joka on muuten n\u00e4ytt\u00e4v\u00e4.<\/p>\n<p>Tarkkasilm\u00e4isimm\u00e4t huomaavat, ett\u00e4 musiikkivideossa n\u00e4hd\u00e4\u00e4n my\u00f6s arvostettu n\u00e4yttelij\u00e4: kaksinkertainen Oscar-ehdokas <strong>Colman Domingo<\/strong>. Domingo on ollut parhaan miesp\u00e4\u00e4osan Oscar-ehdokkaana elokuvista Rustin ja Sing Sing.<\/p>\n<p>Katso musiikkivideo alta tai <a href=\"https:\/\/www.youtube.com\/watch?v=V9vuCByb6js\" rel=\"nofollow noopener\" target=\"_blank\">t\u00e4st\u00e4 linkist\u00e4<\/a>.<\/p>\n<p><img loading=\"lazy\" decoding=\"async\" alt=\"YouTube video\" width=\"480\" height=\"360\" data-pin-nopin=\"true\" nopin=\"nopin\" class=\"perfmatters-lazy\" src=\"https:\/\/www.europesays.com\/fi\/wp-content\/uploads\/2025\/08\/1756547048_80_hqdefault.jpg\"\/><\/p>\n<p><a href=\"https:\/\/www.episodi.fi\/uutiset\/michael-jackson-elokuvan-viivastyksen-syy-paljastui-ikavat-asiat-elamantarinasta-halutaan-siivota-pois\/\" rel=\"nofollow noopener\" target=\"_blank\">Lue my\u00f6s: Michael Jackson -elokuvan viiv\u00e4styksen syy paljastui \u2013 Ik\u00e4v\u00e4t asiat el\u00e4m\u00e4ntarinasta halutaan siivota pois<\/a><\/p>\n<p>Lue my\u00f6s: <a href=\"https:\/\/www.episodi.fi\/uutiskirje\/?uutiskirjemainos=tekstilinkkimainos\" title=\"Tilaa Episodin uutiskirje ja voit voittaa leffalippuja! Nappaa tv-vinkit suoraan s\u00e4hk\u00f6postiin t\u00e4st\u00e4.\" class=\"underline-custom !font-montserrat !font-bold !underline-offset-4 !decoration-4 !decoration-episodi-blue !text-md\" rel=\"nofollow noopener\" target=\"_blank\">Tilaa Episodin uutiskirje ja voit voittaa leffalippuja! Nappaa katseluvinkit suoraan s\u00e4hk\u00f6postiin t\u00e4st\u00e4.<\/a><\/p>\n<p>\t\t\tAiheeseen liittyvi\u00e4 elokuvia<\/p>\n<p>                                        <a href=\"https:\/\/www.episodi.fi\/elokuvat\/candyman\/\" rel=\"bookmark nofollow noopener\" target=\"_blank\"><br \/>\n                    <img loading=\"lazy\" height=\"190\" width=\"133\" class=\"attachment-lg_poster size-lg_poster wp-post-image sp-no-webp perfmatters-lazy\" alt=\"\" decoding=\"async\" src=\"https:\/\/www.europesays.com\/fi\/wp-content\/uploads\/2025\/08\/candyman-juliste-133x190.jpg\"  data-\/>                     <\/a><\/p>\n","protected":false},"excerpt":{"rendered":"Popt\u00e4hti Sabrina Carpenterin uusi albumi Man\u2019s Best Friend julkaistiin 29. elokuuta. Albumin toinen sinkku Tears sai my\u00f6s musiikkivideon,&hellip;\n","protected":false},"author":2,"featured_media":20595,"comment_status":"","ping_status":"","sticky":false,"template":"","format":"standard","meta":{"footnotes":""},"categories":[131],"tags":[7153,155,137,33,173,31,30,6302,172,47,7154,32,109],"class_list":{"0":"post-20594","1":"post","2":"type-post","3":"status-publish","4":"format-standard","5":"has-post-thumbnail","7":"category-elokuvat","8":"tag-colman-domingo","9":"tag-elokuvat","10":"tag-entertainment","11":"tag-fi","12":"tag-film","13":"tag-finland","14":"tag-finnish","15":"tag-ignostot","16":"tag-movies","17":"tag-musiikki","18":"tag-sabrina-carpenter","19":"tag-suomi","20":"tag-viihde"},"share_on_mastodon":{"url":"","error":""},"_links":{"self":[{"href":"https:\/\/www.europesays.com\/fi\/wp-json\/wp\/v2\/posts\/20594","targetHints":{"allow":["GET"]}}],"collection":[{"href":"https:\/\/www.europesays.com\/fi\/wp-json\/wp\/v2\/posts"}],"about":[{"href":"https:\/\/www.europesays.com\/fi\/wp-json\/wp\/v2\/types\/post"}],"author":[{"embeddable":true,"href":"https:\/\/www.europesays.com\/fi\/wp-json\/wp\/v2\/users\/2"}],"replies":[{"embeddable":true,"href":"https:\/\/www.europesays.com\/fi\/wp-json\/wp\/v2\/comments?post=20594"}],"version-history":[{"count":0,"href":"https:\/\/www.europesays.com\/fi\/wp-json\/wp\/v2\/posts\/20594\/revisions"}],"wp:featuredmedia":[{"embeddable":true,"href":"https:\/\/www.europesays.com\/fi\/wp-json\/wp\/v2\/media\/20595"}],"wp:attachment":[{"href":"https:\/\/www.europesays.com\/fi\/wp-json\/wp\/v2\/media?parent=20594"}],"wp:term":[{"taxonomy":"category","embeddable":true,"href":"https:\/\/www.europesays.com\/fi\/wp-json\/wp\/v2\/categories?post=20594"},{"taxonomy":"post_tag","embeddable":true,"href":"https:\/\/www.europesays.com\/fi\/wp-json\/wp\/v2\/tags?post=20594"}],"curies":[{"name":"wp","href":"https:\/\/api.w.org\/{rel}","templated":true}]}}