{"id":20614,"date":"2025-08-30T10:09:07","date_gmt":"2025-08-30T10:09:07","guid":{"rendered":"https:\/\/www.europesays.com\/fi\/20614\/"},"modified":"2025-08-30T10:09:07","modified_gmt":"2025-08-30T10:09:07","slug":"rappari-ex-tuuttiz-julkaisi-alakuloisia-paivityksia-ennen-kuolemaansa","status":"publish","type":"post","link":"https:\/\/www.europesays.com\/fi\/20614\/","title":{"rendered":"R\u00e4pp\u00e4ri Ex Tuuttiz julkaisi alakuloisia p\u00e4ivityksi\u00e4 ennen kuolemaansa"},"content":{"rendered":"<p>R\u00e4pp\u00e4ri kertoi Instagramissa kokeneensa likaisia ja inhottavia asioita, jotka painoivat ja kylmettiv\u00e4t syd\u00e4men.<\/p>\n<p class=\"article-body margin-bottom-24 padding-x-16\">Rap-artisti Ex Tuuttiz, oikealta nimelt\u00e4\u00e4n <a class=\"article-personlink\" href=\"https:\/\/www.is.fi\/haku\/?query=Aaro%20Teikari,\" rel=\"nofollow noopener\" target=\"_blank\">Aaro Teikari,<\/a> on kuollut. L\u00e4hipiiri vahvistaa asian.<\/p>\n<p class=\"article-body margin-bottom-24 padding-x-16\">Ex Tuuttiz on aiemmin tunnettu artistinimell\u00e4 Tuuttim\u00f6rk\u00f6. H\u00e4n vaihtoi artistinimens\u00e4 vuoden 2020 alussa.<\/p>\n<p class=\"article-body margin-bottom-24 padding-x-16\">Pari viikkoa sitten r\u00e4pp\u00e4ri kertoi saaneensa uhkauksia somen kautta.<\/p>\n<p class=\"article-body margin-bottom-24 padding-x-16\">\u2013\u2009Tuossa joku p\u00e4iv\u00e4 joku syytti instassa, ett\u00e4 olen ylimielinen l\u00e4ski ja uhkasi vet\u00e4\u00e4 mua turpaan, Ex Tuuttiz kirjoitti.<\/p>\n<p class=\"article-body margin-bottom-24 padding-x-16\">R\u00e4pp\u00e4ri kertoi olevansa kyll\u00e4stynyt kuuntelemaan kummallisia juttuja, kun haluaisi vain viihdytt\u00e4\u00e4.<\/p>\n<p class=\"article-body margin-bottom-24 padding-x-16\">\u2013\u2009Vastaan aina sit\u00e4 kohteliaammin, mit\u00e4 t\u00f6rke\u00e4mmin jengi yritt\u00e4\u00e4 mua loukata.<\/p>\n<p class=\"article-body margin-bottom-24 padding-x-16\">P\u00e4ivityksen lopetus lienee tehty ainakin osittain kieli poskella, sill\u00e4 Ex Tuuttiz lupaa ly\u00f6d\u00e4 kaikkia fanejaan turpiin.<\/p>\n<p class=\"article-body margin-bottom-24 padding-x-16\">\u2013\u2009Nyt oon p\u00e4\u00e4tt\u00e4nyt, ett\u00e4 no more mr. nice guy. Olen p\u00e4\u00e4tt\u00e4nyt vaan alkaa itse samanlaiseksi ja siksi aionkin vet\u00e4\u00e4 KAIKKIA MUN FANEJA TURPAAN! Voitte alkaa hiljalleen ryhmitt\u00e4yty\u00e4 pituusj\u00e4rjestykseen johonkin p\u00e4in stadia niin pidet\u00e4\u00e4n vuosisadan turpak\u00e4r\u00e4j\u00e4t! T\u00e4\u00e4lt\u00e4 pesee!<\/p>\n<p class=\"article-body margin-bottom-24 padding-x-16\">Ainakaan fanit eiv\u00e4t uskoneet r\u00e4pp\u00e4rin olevan t\u00e4ysin tosissaan.<\/p>\n<p class=\"article-body margin-bottom-24 padding-x-16\">\u2013\u2009Kunnia saada j\u00e4b\u00e4lt\u00e4 turpaan, er\u00e4s kirjoiti.<\/p>\n<p class=\"article-body margin-bottom-24 padding-x-16\">\u2013\u2009Tulee jonos, l\u00e4htee pinos, toinen riimitteli.<\/p>\n<p class=\"article-body margin-bottom-24 padding-x-16\">\u2013\u2009Mut naamaan et sit ly\u00f6 ket\u00e4\u00e4n, kolmas ohjeisti.<\/p>\n<p class=\"article-body margin-bottom-24 padding-x-16\">Elokuun ensimm\u00e4isen p\u00e4iv\u00e4n Instagram-p\u00e4ivitys oli vastaavasti synke\u00e4mpi.<\/p>\n<p class=\"article-body margin-bottom-24 padding-x-16\">\u2013\u2009M\u00e4 tied\u00e4n ja oon kokenut likaisia ja inhottavia asioita, jotka painavat mua ja jotka lopulta kylmettiv\u00e4t mun syd\u00e4men, Ex Tuuttiz kirjoitti.<\/p>\n<p class=\"article-body margin-bottom-24 padding-x-16\">\u2013\u2009 Oon pit\u00e4nyt huolen, ett\u00e4 mun label OFN, keikkamyynti ja koko julkaisuketju on siivottu ihmisist\u00e4 joiden hyvyyteen ja vilpitt\u00f6myyteen en luota.<\/p>\n<p class=\"article-body margin-bottom-24 padding-x-16\">\u2013\u2009Mun on ollut viime vuosina helpompi olla v\u00e4h\u00e4n mulkku, kuin tunnustaa, ett\u00e4 olin nuorempana naiivi kun uskoin kaikkien hyvyyteen ja luotin. Nyt koko liukuhihna on puhdas ja reilu, sosiaalinen hygienia on mintiss\u00e4.<\/p>\n<p class=\"article-body margin-bottom-24 padding-x-16\">R\u00e4pp\u00e4ri kertoi kamppailevansa viel\u00e4kin ajoittain omien vajavaisuuksieni ja addiktioiden kanssa.<\/p>\n<p class=\"article-body margin-bottom-24 padding-x-16\">\u2013\u2009Yrit\u00e4n joka p\u00e4iv\u00e4 olla parempi ja pit\u00e4\u00e4 mun terveydest\u00e4 huolta \u2013 se on kaksi gangsta-askelta eteen ja yksi taaksep\u00e4in. My\u00f6s pyrin kumuloimaan juustoo, mik\u00e4 sujuu ihan hyvin, enk\u00e4 koske mun sijoituksiin, vaikka ei olis kippoo mihin kusta.<\/p>\n","protected":false},"excerpt":{"rendered":"R\u00e4pp\u00e4ri kertoi Instagramissa kokeneensa likaisia ja inhottavia asioita, jotka painoivat ja kylmettiv\u00e4t syd\u00e4men. Rap-artisti Ex Tuuttiz, oikealta nimelt\u00e4\u00e4n&hellip;\n","protected":false},"author":2,"featured_media":20615,"comment_status":"","ping_status":"","sticky":false,"template":"","format":"standard","meta":{"footnotes":""},"categories":[132],"tags":[137,33,31,30,34,195,47,32,109],"class_list":{"0":"post-20614","1":"post","2":"type-post","3":"status-publish","4":"format-standard","5":"has-post-thumbnail","7":"category-musiikki","8":"tag-entertainment","9":"tag-fi","10":"tag-finland","11":"tag-finnish","12":"tag-ilta-sanomat","13":"tag-music","14":"tag-musiikki","15":"tag-suomi","16":"tag-viihde"},"share_on_mastodon":{"url":"","error":""},"_links":{"self":[{"href":"https:\/\/www.europesays.com\/fi\/wp-json\/wp\/v2\/posts\/20614","targetHints":{"allow":["GET"]}}],"collection":[{"href":"https:\/\/www.europesays.com\/fi\/wp-json\/wp\/v2\/posts"}],"about":[{"href":"https:\/\/www.europesays.com\/fi\/wp-json\/wp\/v2\/types\/post"}],"author":[{"embeddable":true,"href":"https:\/\/www.europesays.com\/fi\/wp-json\/wp\/v2\/users\/2"}],"replies":[{"embeddable":true,"href":"https:\/\/www.europesays.com\/fi\/wp-json\/wp\/v2\/comments?post=20614"}],"version-history":[{"count":0,"href":"https:\/\/www.europesays.com\/fi\/wp-json\/wp\/v2\/posts\/20614\/revisions"}],"wp:featuredmedia":[{"embeddable":true,"href":"https:\/\/www.europesays.com\/fi\/wp-json\/wp\/v2\/media\/20615"}],"wp:attachment":[{"href":"https:\/\/www.europesays.com\/fi\/wp-json\/wp\/v2\/media?parent=20614"}],"wp:term":[{"taxonomy":"category","embeddable":true,"href":"https:\/\/www.europesays.com\/fi\/wp-json\/wp\/v2\/categories?post=20614"},{"taxonomy":"post_tag","embeddable":true,"href":"https:\/\/www.europesays.com\/fi\/wp-json\/wp\/v2\/tags?post=20614"}],"curies":[{"name":"wp","href":"https:\/\/api.w.org\/{rel}","templated":true}]}}