{"id":206172,"date":"2026-03-28T08:40:08","date_gmt":"2026-03-28T08:40:08","guid":{"rendered":"https:\/\/www.europesays.com\/fi\/206172\/"},"modified":"2026-03-28T08:40:08","modified_gmt":"2026-03-28T08:40:08","slug":"kaksi-pietariin-matkalla-ollutta-konetta-laskeutui-helsinki-vantaalle-uutisia-lyhyesti","status":"publish","type":"post","link":"https:\/\/www.europesays.com\/fi\/206172\/","title":{"rendered":"Kaksi Pietariin matkalla ollutta konetta laskeutui Helsinki-Vantaalle | Uutisia lyhyesti"},"content":{"rendered":"<p class=\"aw-1gybjub aw-1p7kakr kEtdKx cEmitX yle__article__paragraph\">Kaksi Serbiasta Pietariin matkalla ollutta lentokonetta laskeutui lauantaina aamuy\u00f6st\u00e4 Helsinki-Vantaan lentokent\u00e4lle, kertoo Suomenlahden merivartiosto.<\/p>\n<p class=\"aw-1gybjub aw-1p7kakr kEtdKx cEmitX yle__article__paragraph\">Merivartiosto kertoo viestipalvelu X:ss\u00e4, ett\u00e4 toinen koneista p\u00e4\u00e4si tankkauksen j\u00e4lkeen jatkamaan matkaa, mutta toinen j\u00e4i kent\u00e4lle teknisen syyn vuoksi. Koneet k\u00e4yttiv\u00e4t Helsinki-Vantaan kentt\u00e4\u00e4 varakentt\u00e4n\u00e4 Pietarin lentokent\u00e4n ollessa suljettuna.<\/p>\n<p class=\"aw-1gybjub aw-1p7kakr kEtdKx cEmitX yle__article__paragraph\">Suomenlahden merivartiosto kertoi vastaavasta tapauksesta viimeksi keskiviikkona, kun Ven\u00e4j\u00e4lle Egyptist\u00e4 matkalla ollut lentokone laskeutui Helsinki-Vantaalle.<\/p>\n<p class=\"aw-1gybjub aw-1p7kakr kEtdKx cEmitX yle__article__paragraph\">Pietarin kentt\u00e4 on viime p\u00e4ivin\u00e4 ollut suljettuna Ukrainan Ven\u00e4j\u00e4lle kohdistamien vastaiskujen takia. Viime p\u00e4ivin\u00e4 Ukraina on kohdistanut iskuja Suomenlahdella ven\u00e4l\u00e4isiin satamiin tavoitteenaan haitata ven\u00e4l\u00e4ist\u00e4 \u00f6ljykauppaa.<\/p>\n<p class=\"aw-1gybjub aw-1p7kakr kEtdKx cEmitX yle__article__paragraph\">Iskujen vaikutukset ovat n\u00e4kyneet my\u00f6s Suomessa. Puolustusvoimat kertoi perjantaina tehostaneensa Suomen alueellisen koskemattomuuden valvontaa. Ilmatieteen laitoksen mukaan Etel\u00e4-Karjalassa ilmanlaatu on viikolla paikoin heikentynyt Ven\u00e4j\u00e4ll\u00e4 palavien \u00f6ljysatamien takia.<\/p>\n","protected":false},"excerpt":{"rendered":"Kaksi Serbiasta Pietariin matkalla ollutta lentokonetta laskeutui lauantaina aamuy\u00f6st\u00e4 Helsinki-Vantaan lentokent\u00e4lle, kertoo Suomenlahden merivartiosto. Merivartiosto kertoo viestipalvelu X:ss\u00e4,&hellip;\n","protected":false},"author":2,"featured_media":74,"comment_status":"","ping_status":"","sticky":false,"template":"","format":"standard","meta":{"footnotes":"","_share_on_mastodon":"0"},"categories":[12],"tags":[22,23,26,27,33,31,30,17,1965,24,25,4209,3865,3219,1224,28,29,9981,15,18,21,14549,4272,5667,6865,5991,32,19,20,1303,16,547],"class_list":["post-206172","post","type-post","status-publish","format-standard","has-post-thumbnail","category-suomi","tag-breaking-news","tag-breakingnews","tag-featured-news","tag-featurednews","tag-fi","tag-finland","tag-finnish","tag-headlines","tag-itameri","tag-latest-news","tag-latestnews","tag-lentokentat","tag-lentokentta-vantaan-kaupunginosa","tag-lentokoneet","tag-lentoliikenne","tag-main-news","tag-mainnews","tag-merivartiostot","tag-news","tag-otsikot","tag-paauutiset","tag-pietari","tag-rajavalvonta","tag-rajojen-vartiointi-ja-vaestonsuojelu","tag-suomenlahden-merivartiosto","tag-suomenlahti","tag-suomi","tag-top-stories","tag-topstories","tag-ukraina","tag-uutiset","tag-venaja"],"share_on_mastodon":{"url":"","error":"Validation failed: Text character limit of 500 exceeded"},"_links":{"self":[{"href":"https:\/\/www.europesays.com\/fi\/wp-json\/wp\/v2\/posts\/206172","targetHints":{"allow":["GET"]}}],"collection":[{"href":"https:\/\/www.europesays.com\/fi\/wp-json\/wp\/v2\/posts"}],"about":[{"href":"https:\/\/www.europesays.com\/fi\/wp-json\/wp\/v2\/types\/post"}],"author":[{"embeddable":true,"href":"https:\/\/www.europesays.com\/fi\/wp-json\/wp\/v2\/users\/2"}],"replies":[{"embeddable":true,"href":"https:\/\/www.europesays.com\/fi\/wp-json\/wp\/v2\/comments?post=206172"}],"version-history":[{"count":0,"href":"https:\/\/www.europesays.com\/fi\/wp-json\/wp\/v2\/posts\/206172\/revisions"}],"wp:featuredmedia":[{"embeddable":true,"href":"https:\/\/www.europesays.com\/fi\/wp-json\/wp\/v2\/media\/74"}],"wp:attachment":[{"href":"https:\/\/www.europesays.com\/fi\/wp-json\/wp\/v2\/media?parent=206172"}],"wp:term":[{"taxonomy":"category","embeddable":true,"href":"https:\/\/www.europesays.com\/fi\/wp-json\/wp\/v2\/categories?post=206172"},{"taxonomy":"post_tag","embeddable":true,"href":"https:\/\/www.europesays.com\/fi\/wp-json\/wp\/v2\/tags?post=206172"}],"curies":[{"name":"wp","href":"https:\/\/api.w.org\/{rel}","templated":true}]}}