{"id":206374,"date":"2026-03-28T14:57:09","date_gmt":"2026-03-28T14:57:09","guid":{"rendered":"https:\/\/www.europesays.com\/fi\/206374\/"},"modified":"2026-03-28T14:57:09","modified_gmt":"2026-03-28T14:57:09","slug":"l-over-ikuisesti-minun-aleksi-salmenpera-paljastaa-hittitrillerin-kuvaamisen-haasteet","status":"publish","type":"post","link":"https:\/\/www.europesays.com\/fi\/206374\/","title":{"rendered":"L\/over &#8211; ikuisesti minun: Aleksi Salmenper\u00e4 paljastaa hittitrillerin kuvaamisen haasteet"},"content":{"rendered":"<p>\n            L\/over &#8211; ikuisesti minun, 2026, Krista Kosonen, Jani Volanen.<br \/>\n            MTV\n        <\/p>\n<p class=\"subtitle \">Vuoden katsotuimman sarjan ohjannut Aleksi Salmenper\u00e4 ei ole tottunut miljoonayleis\u00f6\u00f6n.<\/p>\n<p class=\"article-content article-content-width !bg-background\"> ohjaama ja  ja  t\u00e4hditt\u00e4m\u00e4 kuusiosainen psykologinen trilleri L\/over \u2013 ikuisesti minun on vuoden katsotuin kotimainen sarja.<\/p>\n<p class=\"article-content article-content-width !bg-background\">Finnpanelin teett\u00e4m\u00e4n mittauksen mukaan sarjan oli n\u00e4hnyt jo helmikuun loppuun menness\u00e4 yli kaksi miljoonaa suomalaista.\u00a0<\/p>\n<p class=\"article-content article-content-width !bg-background\">L\/over on my\u00f6s her\u00e4tt\u00e4nyt vilkasta keskustelua l\u00e4hisuhdev\u00e4kivallasta, ja sen tunnelmaa on kuvailtu uskottavan ahdistavaksi ja piinaavaksi.<\/p>\n<p class=\"article-content article-content-width !bg-background\">\u2013 Se on ollut suuri yll\u00e4tys. Minulle vastaava katsojasuosio on ihan uutta ja ihmeellist\u00e4, Salmenper\u00e4 naureskelee Katsolle.<\/p>\n<p>        <a itemprop=\"url\" href=\"https:\/\/www.seiska.fi\/katso\/arvio-vauvavuosi-vie-jennifer-lawrencen-helvettiin-hurjassa-psykodraamassa\/2093868\" rel=\"nofollow noopener\" target=\"_blank\"><\/p>\n<p>\nEnsi-illassa Die My Love\n<\/p>\n<p class=\"section-date\">\n        <strong class=\"article-section\" data-section=\"katso\"><br \/>\n            katso<br \/>\n        <\/strong><br \/>\n        13.3. 08:45\n    <\/p>\n<p>Arvio: Vauvavuosi vie Jennifer Lawrencen helvettiin hurjassa psykodraamassa\n    <\/p>\n<p itemprop=\"description\" class=\"subtitle \">\n    Die My Love saa ensi-iltansa elokuvateattereissa perjantaina 13. maaliskuuta 2026.\n<\/p>\n<p>        <\/a><\/p>\n<p class=\"article-content article-content-width !bg-background\">Salmenper\u00e4 on yksi Suomen arvostetuimmista ohjaaja-k\u00e4sikirjoittajista, jonka elokuvat ovat ker\u00e4nneet tukuttain Jussi-patsaita ja muita palkintoja sek\u00e4 kiert\u00e4neet kymmenill\u00e4 kansainv\u00e4lisill\u00e4 festivaaleilla. Suomen elokuvateattereissa Aleksin elokuvien suosio on j\u00e4\u00e4nyt kuitenkin harmillisen v\u00e4h\u00e4iseksi.<\/p>\n<p class=\"article-content article-content-width !bg-background\">Ohjaajan vuosina 2004\u20132026 valmistuneet yhdeks\u00e4n pitk\u00e4\u00e4 teatterilevitykseen tuotua elokuvaa ovat ker\u00e4nneet yhteens\u00e4 hieman yli 237 000 katsojaa. Ei siis ihme, ett\u00e4 MTV:lle tehdyn L\/overin miljoonalukemat tuntuvat Aleksista vierailta.<\/p>\n<p class=\"article-content article-content-width !bg-background\">Aleksi ei ollut my\u00f6sk\u00e4\u00e4n heti varma, ett\u00e4 sarjasta tulee hyv\u00e4.<\/p>\n<p class=\"article-content article-content-width !bg-background\">\u2013 Kun k\u00e4sikirjoitus muuttui viimein lihaksi Janin ja Kristan kautta, ajattelin, ett\u00e4 ehk\u00e4 t\u00e4st\u00e4 tulee sittenkin hyv\u00e4. En kuitenkaan miss\u00e4\u00e4n vaiheessa uskonut, miten vahvasti sarja l\u00f6isi itsens\u00e4 l\u00e4pi.<\/p>\n<p>        <a itemprop=\"url\" href=\"https:\/\/www.seiska.fi\/katso\/tiina-lymille-jattipotti-tukipaatokset-julki\/2101060\" rel=\"nofollow noopener\" target=\"_blank\"><\/p>\n<p>\nTiina Lymi\n<\/p>\n<p class=\"section-date\">\n        <strong class=\"article-section\" data-section=\"katso\"><br \/>\n            katso<br \/>\n        <\/strong><br \/>\n        12.3. 17:15\n    <\/p>\n<p>Tiina Lymille j\u00e4ttipotti \u2013 tukip\u00e4\u00e4t\u00f6kset julki\n    <\/p>\n<p itemprop=\"description\" class=\"subtitle \">\n    Kotimainen sahtikomedia saa jatko-osan. My\u00f6s Kari Ketosen uusi komedia sai merkitt\u00e4v\u00e4n tuotantotuen.\n<\/p>\n<p>        <\/a><\/p>\n<p>                <img decoding=\"async\" src=\"https:\/\/www.europesays.com\/fi\/wp-content\/uploads\/2026\/03\/2108838.webp.jpeg\" width=\"576\" height=\"264\" title=\"Jani Volasen esitt\u00e4m\u00e4st\u00e4 Juhasta kuorituu manipuloiva ihmispeto sarjassa L\/over \u2013 ikuisesti minun.\" alt=\"Jani Volanen sarjassa L\/over \u2013 ikuisesti minun.\" loading=\"lazy\" \/>            <\/p>\n<p>\n            Jani Volasen esitt\u00e4m\u00e4st\u00e4 Juhasta kuorituu manipuloiva ihmispeto sarjassa L\/over \u2013 ikuisesti minun.<br \/>\n            MTV\n        <\/p>\n<p>Aina on liian kiire<\/p>\n<p class=\"article-content article-content-width !bg-background\">Aleksin mukaan my\u00f6s L\/overin tekemist\u00e4 vaivasi kotimaisille sarjoille tyypillinen hosuminen.<\/p>\n<p class=\"article-content article-content-width !bg-background\">\u2013 Suomessa kuvauksissa on aina kiire, mik\u00e4 aiheuttaa ahdistusta ja ep\u00e4toivoa. Asiat eiv\u00e4t v\u00e4ltt\u00e4m\u00e4tt\u00e4 mene pieleen, mutta niit\u00e4 ei ehdi tehd\u00e4 niin hyvin kuin haluaisi. Varsinkin tv-sarjojen kuvauksista j\u00e4\u00e4 ristiriitainen olo.\u00a0<\/p>\n<p class=\"article-content article-content-width !bg-background\">\u2013\u00a0Sama p\u00e4tee\u00a0L\/overiin. Tied\u00e4n, ett\u00e4 siit\u00e4 olisi tullut parempi, jos aikaa olisi ollut enemm\u00e4n. Samalla olen toki iloinen, ett\u00e4 sarja on koskettanut niin laajasti ja etenkin niin monia ik\u00e4luokkia.<\/p>\n<p class=\"article-content article-content-width !bg-background\">Aleksi antaa tunnustusta onnistumisesta etenkin p\u00e4\u00e4n\u00e4yttelij\u00f6ille.<\/p>\n<p class=\"article-content article-content-width !bg-background\">\u2013 Jani ja Krista tunsivat etuk\u00e4teen ja luottivat toisiinsa n\u00e4yttelij\u00f6in\u00e4 ja uskalsivat siksi heitt\u00e4yty\u00e4 vaativiin rooleihin, Aleksi kiteytt\u00e4\u00e4.<\/p>\n<p>        <a itemprop=\"url\" href=\"https:\/\/www.seiska.fi\/katso\/tiesitko-suomi-filmin-klassikolla-hammastyttava-hollywood-yhteys\/2107555\" rel=\"nofollow noopener\" target=\"_blank\"><\/p>\n<p>\nTiesitk\u00f6?\n<\/p>\n<p class=\"section-date\">\n        <strong class=\"article-section\" data-section=\"katso\"><br \/>\n            katso<br \/>\n        <\/strong><br \/>\n        22.3. 11:15\n    <\/p>\n<p>Tiesitk\u00f6? Suomi-filmin klassikolla h\u00e4mm\u00e4stytt\u00e4v\u00e4 Hollywood-yhteys\n    <\/p>\n<p itemprop=\"description\" class=\"subtitle \">\n    Hollywood meni sekaisin Hella Wuolijoen n\u00e4ytelm\u00e4st\u00e4, ja tuloksena oli Oscar-palkinto.\n<\/p>\n<p>        <\/a><\/p>\n<p>                <img decoding=\"async\" src=\"https:\/\/www.europesays.com\/fi\/wp-content\/uploads\/2026\/03\/2053666.webp.jpeg\" width=\"576\" height=\"322\" alt=\"Aleksi Salmenper\u00e4 ja Hannu-Pekka Bj\u00f6rkman, Krista Kosonen, Oona Airola ja Elmo Kerosuo L\/over \u2013 ikuisesti minun -sarjan kutsuvierasn\u00e4yt\u00f6ksess\u00e4.\" loading=\"lazy\" \/>            <\/p>\n<p>\n            Aleksi Salmenper\u00e4 ja Hannu-Pekka Bj\u00f6rkman, Krista Kosonen, Oona Airola ja Elmo Kerosuo L\/over \u2013 ikuisesti minun -sarjan kutsuvierasn\u00e4yt\u00f6ksess\u00e4.<br \/>\n            Timo Korhonen\n        <\/p>\n<p>Genreleffa houkuttelee<\/p>\n<p class=\"article-content article-content-width !bg-background\">Salmenper\u00e4n uusin elokuva Is\u00e4np\u00e4iv\u00e4 py\u00f6rii parhaillaan elokuvateattereissa. J\u00e4lleen erinomaiset kritiikit saanut teos on ker\u00e4nnyt toistaiseksi vain noin 14 000 katsojaa.<\/p>\n<p class=\"article-content article-content-width !bg-background\">\u2013 Ehk\u00e4 minun pit\u00e4isi j\u00e4tt\u00e4\u00e4 perheteemat ja tehd\u00e4 enemm\u00e4n genrejuttuja. Itse asiassa haluaisin ohjata kunnon trillerik\u00e4sikirjoituksen. Tehd\u00e4 siit\u00e4 henkil\u00f6ohjaukseltaan kunnianhimoisen, mutta silti j\u00e4nnitt\u00e4v\u00e4n.<\/p>\n<p class=\"article-content article-content-width !bg-background\">Aleksi kertoo vierastavansa genre-elokuvaa sen ennalta-arvattavuuden vuoksi.<\/p>\n<p class=\"article-content article-content-width !bg-background\">\u2013 En kest\u00e4 sit\u00e4, kun tarina tottelee elokuvan eik\u00e4 el\u00e4m\u00e4n lakeja. Toisaalta ymm\u00e4rr\u00e4n, ett\u00e4 ihmiset odottavat genre-elokuvalta tiettyj\u00e4 asioita. Yleis\u00f6 haluaa olla tutun lajityypin parissa turvassa, mutta uskon, ett\u00e4 he my\u00f6s odottavat ja toivovat n\u00e4kev\u00e4ns\u00e4 jotain uutta ja yll\u00e4tt\u00e4v\u00e4\u00e4. Juuri sellaisen trillerin haluaisin ohjata.<\/p>\n<p>        <a itemprop=\"url\" href=\"https:\/\/www.seiska.fi\/katso\/tommi-korpela-avoimena-ystavyydestaan-toisesta-tuli-nayttelija-toisesta-alkoholisti\/2086896\" rel=\"nofollow noopener\" target=\"_blank\"><\/p>\n<p>\nTommi Korpela\n<\/p>\n<p class=\"section-date\">\n        <strong class=\"article-section\" data-section=\"katso\"><br \/>\n            katso<br \/>\n        <\/strong><br \/>\n        26.2. 15:15\n    <\/p>\n<p>Tommi Korpela avoimena yst\u00e4vyydest\u00e4\u00e4n: Toisesta tuli n\u00e4yttelij\u00e4, toisesta alkoholisti\n    <\/p>\n<p itemprop=\"description\" class=\"subtitle \">\n    Suosikkin\u00e4yttelij\u00e4 laittaa itsens\u00e4 ja lapsuudenyst\u00e4v\u00e4ns\u00e4 likoon Is\u00e4np\u00e4iv\u00e4-elokuvassa.\n<\/p>\n<p>        <\/a><\/p>\n<p>                <img decoding=\"async\" src=\"https:\/\/www.europesays.com\/fi\/wp-content\/uploads\/2026\/03\/2108830.webp.jpeg\" width=\"576\" height=\"322\" title=\"Tommi Korpela ja Aleksi Salmenper\u00e4 elokuvan Is\u00e4np\u00e4iv\u00e4 kuvauksissa.\" alt=\"Tommi Korpela ja Aleksi Salmenper\u00e4 elokuvan Is\u00e4np\u00e4iv\u00e4 kuvauksissa.\" loading=\"lazy\" \/>            <\/p>\n<p>\n            Tommi Korpela ja Aleksi Salmenper\u00e4 elokuvan Is\u00e4np\u00e4iv\u00e4 kuvauksissa.<br \/>\n            Tekele Productions\n        <\/p>\n<p>Toisilleen sopivat<\/p>\n<p class=\"article-content article-content-width !bg-background\">Ty\u00f6nimell\u00e4 Tyhji\u00f6 2 tehty Is\u00e4np\u00e4iv\u00e4 on jo viides pitk\u00e4 elokuva, jonka Salmenper\u00e4 ja  ovat tehneet yhdess\u00e4. Parivaljakon yhteinen taival k\u00e4ynnistyi l\u00e4hes 20 vuotta sitten elokuvalla Miehen ty\u00f6 (2007).<\/p>\n<p>        <a itemprop=\"url\" href=\"https:\/\/www.seiska.fi\/katso\/arvio-tommi-korpelan-tahdittama-isanpaiva-on-katkeransuloinen-pieni-helmi\/2088352\" rel=\"nofollow noopener\" target=\"_blank\"><\/p>\n<p>\nArvio: Aleksi Salmenper\u00e4n Is\u00e4np\u00e4iv\u00e4\n<\/p>\n<p class=\"section-date\">\n        <strong class=\"article-section\" data-section=\"katso\"><br \/>\n            katso<br \/>\n        <\/strong><br \/>\n        5.3. 10:15\n    <\/p>\n<p>Arvio: Tommi Korpelan t\u00e4hditt\u00e4m\u00e4 Is\u00e4np\u00e4iv\u00e4 on katkeransuloinen pieni helmi\n    <\/p>\n<p itemprop=\"description\" class=\"subtitle \">\n    Is\u00e4np\u00e4iv\u00e4 saa ensi-iltansa elokuvateattereissa perjantaina 6. maaliskuuta 2026.\n<\/p>\n<p>        <\/a><\/p>\n<p class=\"article-content article-content-width !bg-background\">\u2013 Olemme toisillemme sopivat. Moni n\u00e4yttelij\u00e4 on matkalla vaihtunut, mutta Tommi on pysynyt. Tommi on ymm\u00e4rt\u00e4nyt, ett\u00e4 n\u00e4ytteleminen voi olla v\u00e4h\u00e4eleist\u00e4, mik\u00e4 on itselleni t\u00e4rke\u00e4\u00e4. H\u00e4n ei ole my\u00f6sk\u00e4\u00e4n mokannut viel\u00e4 niin pahasti, ett\u00e4 haluaisin vaihtaa h\u00e4net, ohjaaja nauraa.<\/p>\n<p class=\"article-content article-content-width !bg-background\">Aleksi tunnustaa, ett\u00e4 suurin osa Tommin hahmoista on h\u00e4nen omia alter egojaan.<\/p>\n<p class=\"article-content article-content-width !bg-background\">\u2013 Kotona aina sanotaan, ett\u00e4 jaahas, olet sitten ottanut Tommin j\u00e4lleen esitt\u00e4m\u00e4\u00e4n itse\u00e4si.<\/p>\n<p class=\"article-content article-content-width !bg-background\">Salmenper\u00e4 ei ole viel\u00e4 varma, mit\u00e4 h\u00e4n tekee seuraavaksi. Viel\u00e4 pari vuotta sitten h\u00e4n oli ohjaamassa elokuvaa Mestari ja haastaja, joka kertoo suomalaisista juoksijalegendoista  ja . Nyt projekti n\u00e4ytt\u00e4\u00e4 kuitenkin kaatuneen lopullisesti.<\/p>\n<p class=\"article-content article-content-width !bg-background\">\u2013 Mestari ja haastaja on valitettavasti syv\u00e4j\u00e4\u00e4ss\u00e4. Aika n\u00e4ytt\u00e4\u00e4 liikkuuko sen k\u00e4sikirjoitus en\u00e4\u00e4 koskaan minnek\u00e4\u00e4n.<\/p>\n<p class=\"italic m-italic article-content article-content-width !bg-background\">L\/over \u2013 ikuisesti minun<br \/>\non katsottavissa MTV Katsomossa. Is\u00e4np\u00e4iv\u00e4 on parhaillaan elokuvateattereissa.<\/p>\n<p>        <a itemprop=\"url\" href=\"https:\/\/www.seiska.fi\/katso\/white-wall-on-yksi-suomen-kalleimmista-tv-sarjoista-nain-se-syntyi\/588801\" rel=\"nofollow noopener\" target=\"_blank\"><\/p>\n<p>\ntv\n<\/p>\n<p class=\"section-date\">\n        <strong class=\"article-section\" data-section=\"katso\"><br \/>\n            katso<br \/>\n        <\/strong><br \/>\n        15.11.2021 16:05\n    <\/p>\n<p>White Wall on yksi Suomen kalleimmista tv-sarjoista \u2013 n\u00e4in se syntyi\n    <\/p>\n<p>        <\/a><\/p>\n","protected":false},"excerpt":{"rendered":"L\/over &#8211; ikuisesti minun, 2026, Krista Kosonen, Jani Volanen. MTV Vuoden katsotuimman sarjan ohjannut Aleksi Salmenper\u00e4 ei ole&hellip;\n","protected":false},"author":2,"featured_media":206375,"comment_status":"","ping_status":"","sticky":false,"template":"","format":"standard","meta":{"footnotes":"","_share_on_mastodon":"0"},"categories":[136],"tags":[6797,407,137,33,31,30,11380,7871,408,5127,7387,23145,9535,31204,31205,2376,3330,32,29556,4906,29557,29554,109,31206],"class_list":["post-206374","post","type-post","status-publish","format-standard","has-post-thumbnail","category-julkkikset","tag-aleksi-salmenpera","tag-celebrities","tag-entertainment","tag-fi","tag-finland","tag-finnish","tag-isanpaiva","tag-jani-volanen","tag-julkkikset","tag-kotimainen-sarja","tag-krista-kosonen","tag-l-over-ikuisesti-minun","tag-laura-birn","tag-mestari-ja-haastaja","tag-miehen-tyo","tag-mtv","tag-psykologinen-trilleri","tag-suomi","tag-tomi-lindfors","tag-tommi-korpela","tag-tyhjio","tag-tyhjio-2","tag-viihde","tag-white-wall"],"share_on_mastodon":{"url":"https:\/\/pubeurope.com\/@fi\/116307391137830073","error":""},"_links":{"self":[{"href":"https:\/\/www.europesays.com\/fi\/wp-json\/wp\/v2\/posts\/206374","targetHints":{"allow":["GET"]}}],"collection":[{"href":"https:\/\/www.europesays.com\/fi\/wp-json\/wp\/v2\/posts"}],"about":[{"href":"https:\/\/www.europesays.com\/fi\/wp-json\/wp\/v2\/types\/post"}],"author":[{"embeddable":true,"href":"https:\/\/www.europesays.com\/fi\/wp-json\/wp\/v2\/users\/2"}],"replies":[{"embeddable":true,"href":"https:\/\/www.europesays.com\/fi\/wp-json\/wp\/v2\/comments?post=206374"}],"version-history":[{"count":0,"href":"https:\/\/www.europesays.com\/fi\/wp-json\/wp\/v2\/posts\/206374\/revisions"}],"wp:featuredmedia":[{"embeddable":true,"href":"https:\/\/www.europesays.com\/fi\/wp-json\/wp\/v2\/media\/206375"}],"wp:attachment":[{"href":"https:\/\/www.europesays.com\/fi\/wp-json\/wp\/v2\/media?parent=206374"}],"wp:term":[{"taxonomy":"category","embeddable":true,"href":"https:\/\/www.europesays.com\/fi\/wp-json\/wp\/v2\/categories?post=206374"},{"taxonomy":"post_tag","embeddable":true,"href":"https:\/\/www.europesays.com\/fi\/wp-json\/wp\/v2\/tags?post=206374"}],"curies":[{"name":"wp","href":"https:\/\/api.w.org\/{rel}","templated":true}]}}