{"id":207151,"date":"2026-03-29T14:31:15","date_gmt":"2026-03-29T14:31:15","guid":{"rendered":"https:\/\/www.europesays.com\/fi\/207151\/"},"modified":"2026-03-29T14:31:15","modified_gmt":"2026-03-29T14:31:15","slug":"arch-enemy-soitti-ensimmaisen-keikkansa-uuden-laulajan-kanssa-talta-se-naytti","status":"publish","type":"post","link":"https:\/\/www.europesays.com\/fi\/207151\/","title":{"rendered":"Arch Enemy soitti ensimm\u00e4isen keikkansa uuden laulajan kanssa &#8211; t\u00e4lt\u00e4 se n\u00e4ytti"},"content":{"rendered":"<p><strong>Arch Enemy<\/strong> -fanit kokivat melkoisen yll\u00e4tyksen viime syksyn\u00e4, kun pitk\u00e4aikainen laulaja <strong>Alissa White-Gluz<\/strong> ilmoitti j\u00e4tt\u00e4v\u00e4ns\u00e4 yhtyeen. Yhtyeen uudeksi keulahahmoksi <a href=\"https:\/\/www.inferno.fi\/uutiset\/varmistus-tuli-tassa-on-arch-enemyn-uusi-laulaja\/\" target=\"_blank\" rel=\"noreferrer noopener nofollow\">pestattiin<\/a> <strong>Once Human<\/strong> -b\u00e4ndist\u00e4 tuttu <strong>Lauren Hart<\/strong>.<\/p>\n<p>Arch Enemy soitti ensimm\u00e4isen keikkansa Hartin kanssa viime perjantaina (27.3.) Pekingiss\u00e4. Alta voit katsoa yleis\u00f6st\u00e4 k\u00e4sin kuvattuja videoita Hartin livedebyytist\u00e4 yhtyeen keulilla sek\u00e4 tarkistaa illan settilistan.<\/p>\n<p>Suomeen Arch Enemy saapuu seuraavan kerran kes\u00e4ll\u00e4. Yhtye tekee harvinaislaatuisen <a href=\"https:\/\/www.inferno.fi\/uutiset\/arch-enemy-saapuu-poikkeukselliselle-klubikeikalle-suomeen\/\" target=\"_blank\" rel=\"noreferrer noopener nofollow\">klubikeikan<\/a> Helsingin Tavastialla 24. hein\u00e4kuuta.<\/p>\n<p><img loading=\"lazy\" decoding=\"async\" alt=\"YouTube video\" width=\"480\" height=\"360\" data-pin-nopin=\"true\" nopin=\"nopin\" class=\"perfmatters-lazy\" src=\"https:\/\/www.europesays.com\/fi\/wp-content\/uploads\/2026\/03\/1774756929_270_hqdefault.jpg\"\/><\/p>\n<p><img loading=\"lazy\" decoding=\"async\" alt=\"YouTube video\" width=\"480\" height=\"360\" data-pin-nopin=\"true\" nopin=\"nopin\" class=\"perfmatters-lazy\" src=\"https:\/\/www.europesays.com\/fi\/wp-content\/uploads\/2026\/03\/1774756929_782_hqdefault.jpg\"\/><\/p>\n<p><img loading=\"lazy\" decoding=\"async\" alt=\"YouTube video\" width=\"480\" height=\"360\" data-pin-nopin=\"true\" nopin=\"nopin\" class=\"perfmatters-lazy\" src=\"https:\/\/www.europesays.com\/fi\/wp-content\/uploads\/2026\/03\/1774794671_298_hqdefault.jpg\"\/><\/p>\n<p><a href=\"https:\/\/www.setlist.fm\/setlist\/arch-enemy\/2026\/east-3-live-house-beijing-china-234b4ca3.html\" title=\"Arch Enemy Setlist East 3 Live House, Beijing, China, China Tour 2026\" target=\"_blank\" rel=\"nofollow noopener\"><img decoding=\"async\" alt=\"Arch Enemy Setlist East 3 Live House, Beijing, China, China Tour 2026\" style=\"border: 0;\" class=\"perfmatters-lazy\" src=\"https:\/\/www.setlist.fm\/widgets\/setlist-image-v1?id=234b4ca3\"\/><\/a><\/p>\n<p>Lue my\u00f6s: <a href=\"https:\/\/www.inferno.fi\/uutiskirje\/\" title=\"Tilaa Infernon uutiskirje\" class=\"underline-custom !font-montserrat !font-bold !underline-offset-4 !decoration-4 !decoration-red-600 !text-md\" rel=\"nofollow noopener\" target=\"_blank\">Tilaa Infernon uutiskirje ja tied\u00e4t mist\u00e4 kahvitauolla puhutaan! Nappaa raskaan musiikin uutiset ja puheenaiheet suoraan s\u00e4hk\u00f6postiin t\u00e4st\u00e4.<\/a><\/p>\n<p>    <a class=\"block\" href=\"https:\/\/www.como.fi\/uutiset\/lotossa-mystinen-tapaus-johon-ei-loydy-selitysta-liittyy-rahojen-lunastamiseen\/\" target=\"_blank\" rel=\"noopener nofollow\"><br \/>\n                    <img loading=\"lazy\" decoding=\"async\" width=\"672\" height=\"441\" alt=\"Lotossa mystinen tapaus, johon ei l\u00f6ydy selityst\u00e4 \u2013 liittyy rahojen lunastamiseen\" class=\"perfmatters-lazy\" src=\"https:\/\/www.europesays.com\/fi\/wp-content\/uploads\/2026\/03\/lotto_veikkaus_pro-672x441.jpg\"\/><\/p>\n<p>                        <img loading=\"lazy\" decoding=\"async\" alt=\"Como.fi\" width=\"16\" height=\"16\" class=\"perfmatters-lazy\" src=\"https:\/\/www.europesays.com\/fi\/wp-content\/uploads\/2026\/02\/favicon-16x16.png\"\/><\/p>\n<p>    <\/a><\/p>\n<p>    <a class=\"block\" href=\"https:\/\/www.como.fi\/uutiset\/lotossa-jysahti-4-miljoonaa-talle-paikkakunnalle-pelattu-prismassa\/\" target=\"_blank\" rel=\"noopener nofollow\"><br \/>\n                    <img loading=\"lazy\" decoding=\"async\" width=\"672\" height=\"529\" alt=\"Lotossa jys\u00e4hti 4 miljoonaa t\u00e4lle paikkakunnalle \u2013 pelattu Prismassa\" class=\"perfmatters-lazy\" src=\"https:\/\/www.europesays.com\/fi\/wp-content\/uploads\/2026\/03\/lottokone_lotto_veikkaus_pr-672x529.jpg\"\/><\/p>\n<p>                        <img loading=\"lazy\" decoding=\"async\" alt=\"Como.fi\" width=\"16\" height=\"16\" class=\"perfmatters-lazy\" src=\"https:\/\/www.europesays.com\/fi\/wp-content\/uploads\/2026\/02\/favicon-16x16.png\"\/><\/p>\n<p>    <\/a><\/p>\n<p>    <a class=\"block\" href=\"https:\/\/www.como.fi\/uutiset\/taina-arsyyntyi-prisman-kassalla-jahas-taas-tama\/\" target=\"_blank\" rel=\"noopener nofollow\"><br \/>\n                    <img loading=\"lazy\" decoding=\"async\" width=\"672\" height=\"378\" alt=\"Taina \u00e4rsyyntyi Prisman kassalla: \u201dJahas, taas t\u00e4m\u00e4!\u201d\" class=\"perfmatters-lazy\" src=\"https:\/\/www.europesays.com\/fi\/wp-content\/uploads\/2026\/03\/prisma_kauppa_jt-672x378.jpg\"\/><\/p>\n<p>                        <img loading=\"lazy\" decoding=\"async\" alt=\"Como.fi\" width=\"16\" height=\"16\" class=\"perfmatters-lazy\" src=\"https:\/\/www.europesays.com\/fi\/wp-content\/uploads\/2026\/02\/favicon-16x16.png\"\/><\/p>\n<p>    <\/a><\/p>\n<p>    <a class=\"block\" href=\"https:\/\/www.inferno.fi\/uutiset\/zakk-wylde-tekee-kunniaa-edesmenneelle-pomolle-ja-ystavalle-koskettava-ozzys-song-video-julki\/\" rel=\"nofollow noopener\" target=\"_blank\"><br \/>\n        <img loading=\"lazy\" height=\"355\" width=\"672\" class=\"attachment-large_post_image size-large_post_image sp-no-webp perfmatters-lazy\" alt=\"Zakk Wylde tekee kunniaa edesmenneelle pomolle ja yst\u00e4v\u00e4lle \u2013 koskettava Ozzy\u2019s Song -video julki\" decoding=\"async\" src=\"https:\/\/www.europesays.com\/fi\/wp-content\/uploads\/2026\/03\/ozzys-song-screenshot-672x355.jpg\"  data-\/><br \/>\n    <\/a><\/p>\n<p>    <a class=\"block\" href=\"https:\/\/www.inferno.fi\/uutiset\/ex-megadeth-kitaristi-avasi-japanin-baseball-kauden-metallican-guns-n-rosesin-ja-ozzy-osbournen-ikivihreita-sisaltaneella-potpurilla-katso-video\/\" rel=\"nofollow noopener\" target=\"_blank\"><br \/>\n        <img loading=\"lazy\" height=\"504\" width=\"672\" class=\"attachment-large_post_image size-large_post_image sp-no-webp perfmatters-lazy\" alt=\"Ex-Megadeth-kitaristi avasi Japanin baseball-kauden Metallican, Guns N\u2019 Rosesin ja Ozzy Osbournen ikivihreit\u00e4 sis\u00e4lt\u00e4neell\u00e4 potpurilla \u2013 katso video\" decoding=\"async\" src=\"https:\/\/www.europesays.com\/fi\/wp-content\/uploads\/2026\/03\/1013794162ac-672x504.jpg\"  data-\/><br \/>\n    <\/a><\/p>\n<p>    <a class=\"block\" href=\"https:\/\/www.inferno.fi\/uutiset\/nargaroth-katkaisee-pitkan-hiljaisuuden-levyrintamalla-ensisingle-videoineen-julki\/\" rel=\"nofollow noopener\" target=\"_blank\"><br \/>\n        <img loading=\"lazy\" height=\"378\" width=\"672\" class=\"attachment-large_post_image size-large_post_image sp-no-webp perfmatters-lazy\" alt=\"Nargaroth katkaisee pitk\u00e4n hiljaisuuden levyrintamalla \u2013 ensisingle videoineen julki\" decoding=\"async\" src=\"https:\/\/www.europesays.com\/fi\/wp-content\/uploads\/2026\/03\/nargaroth-requiem-germania-screenshot-672x378.jpg\"  data-\/><br \/>\n    <\/a><\/p>\n<p>    <a class=\"block\" href=\"https:\/\/www.inferno.fi\/uutiset\/manowarin-perustajiin-kuulunut-ross-the-boss-on-kuollut\/\" rel=\"nofollow noopener\" target=\"_blank\"><br \/>\n        <img loading=\"lazy\" height=\"448\" width=\"672\" class=\"attachment-large_post_image size-large_post_image sp-no-webp perfmatters-lazy\" alt=\"Manowarin perustajiin kuulunut Ross the Boss on kuollut\" decoding=\"async\" src=\"https:\/\/www.europesays.com\/fi\/wp-content\/uploads\/2026\/03\/1010363194f-672x448.jpg\"  data-\/><br \/>\n    <\/a><\/p>\n","protected":false},"excerpt":{"rendered":"Arch Enemy -fanit kokivat melkoisen yll\u00e4tyksen viime syksyn\u00e4, kun pitk\u00e4aikainen laulaja Alissa White-Gluz ilmoitti j\u00e4tt\u00e4v\u00e4ns\u00e4 yhtyeen. Yhtyeen uudeksi&hellip;\n","protected":false},"author":2,"featured_media":177543,"comment_status":"","ping_status":"","sticky":false,"template":"","format":"standard","meta":{"footnotes":"","_share_on_mastodon":"0"},"categories":[132],"tags":[137,33,31,30,6140,195,47,32,109],"class_list":["post-207151","post","type-post","status-publish","format-standard","has-post-thumbnail","category-musiikki","tag-entertainment","tag-fi","tag-finland","tag-finnish","tag-livevideo","tag-music","tag-musiikki","tag-suomi","tag-viihde"],"share_on_mastodon":{"url":"https:\/\/pubeurope.com\/@fi\/116312951069303984","error":""},"_links":{"self":[{"href":"https:\/\/www.europesays.com\/fi\/wp-json\/wp\/v2\/posts\/207151","targetHints":{"allow":["GET"]}}],"collection":[{"href":"https:\/\/www.europesays.com\/fi\/wp-json\/wp\/v2\/posts"}],"about":[{"href":"https:\/\/www.europesays.com\/fi\/wp-json\/wp\/v2\/types\/post"}],"author":[{"embeddable":true,"href":"https:\/\/www.europesays.com\/fi\/wp-json\/wp\/v2\/users\/2"}],"replies":[{"embeddable":true,"href":"https:\/\/www.europesays.com\/fi\/wp-json\/wp\/v2\/comments?post=207151"}],"version-history":[{"count":0,"href":"https:\/\/www.europesays.com\/fi\/wp-json\/wp\/v2\/posts\/207151\/revisions"}],"wp:featuredmedia":[{"embeddable":true,"href":"https:\/\/www.europesays.com\/fi\/wp-json\/wp\/v2\/media\/177543"}],"wp:attachment":[{"href":"https:\/\/www.europesays.com\/fi\/wp-json\/wp\/v2\/media?parent=207151"}],"wp:term":[{"taxonomy":"category","embeddable":true,"href":"https:\/\/www.europesays.com\/fi\/wp-json\/wp\/v2\/categories?post=207151"},{"taxonomy":"post_tag","embeddable":true,"href":"https:\/\/www.europesays.com\/fi\/wp-json\/wp\/v2\/tags?post=207151"}],"curies":[{"name":"wp","href":"https:\/\/api.w.org\/{rel}","templated":true}]}}