{"id":207420,"date":"2026-03-29T22:01:20","date_gmt":"2026-03-29T22:01:20","guid":{"rendered":"https:\/\/www.europesays.com\/fi\/207420\/"},"modified":"2026-03-29T22:01:20","modified_gmt":"2026-03-29T22:01:20","slug":"avoimet-ovet-ja-klapikokka-y-pirtilla-peraseinajoella","status":"publish","type":"post","link":"https:\/\/www.europesays.com\/fi\/207420\/","title":{"rendered":"Avoimet ovet ja klapik\u00f6kk\u00e4 Y-pirtill\u00e4, Per\u00e4sein\u00e4joella"},"content":{"rendered":"<p>\t\t\t<img width=\"932\" height=\"441\" src=\"https:\/\/www.europesays.com\/fi\/wp-content\/uploads\/2026\/03\/IMG-20260324-WA0004-932x441.webp.webp\" class=\"attachment-article-image size-article-image wp-post-image\" alt=\"\" decoding=\"async\" loading=\"lazy\"  \/>\t\t\t\t\t<\/p>\n<ul class=\"b-event-organizers__list\">\n<li class=\"b-event-organizers__item\">\n\t\t\t\tEtel\u00e4-Pohjanmaan Yritt\u00e4j\u00e4t\n\t\t\t<\/li>\n<li class=\"b-event-organizers__item\">\n\t\t\t\tPer\u00e4sein\u00e4joen Yritt\u00e4j\u00e4t\n\t\t\t<\/li>\n<\/ul>\n<p class=\"gb-ingress__content\">\n\t\t\t\tTervetuloa klapik\u00f6kk\u00e4\u00e4n Y-pirtille, Kalaj\u00e4rven rannalle, lauantaina 11.4.2026 klo 10.\t\t\t<\/p>\n<p>M\u00f6kkitontilta on kaadettu muutamia puita ja nyt tehd\u00e4\u00e4n niist\u00e4 klapeja m\u00f6kin l\u00e4mmitykseen. Tervetuloa k\u00f6kk\u00e4\u00e4n! Vietet\u00e4\u00e4n mukava p\u00e4iv\u00e4 rennon yhdess\u00e4olon ja verkostoitumisen merkeiss\u00e4. Nyt on hyv\u00e4 tilaisuus tulla matalalla kynnyksell\u00e4 tutustumaan toisiin yritt\u00e4jiin ja yhdistyksen j\u00e4senille vuokrattavaan m\u00f6kkiin sek\u00e4 juttelemaan yhdistyksen toiminnasta. Paikalla on hallituksen j\u00e4seni\u00e4 ja tarjolla on pient\u00e4 purtavaa.<\/p>\n<p>Tervetuloa!<\/p>\n<p>Y-pirtti, Katajapolku 25, 61180 Per\u00e4sein\u00e4joki <\/p>\n<p>M\u00f6kkivaraukset <a href=\"https:\/\/varaus.pjoenyrittajat.fi\" target=\"_blank\" rel=\"noreferrer noopener nofollow\">https:\/\/varaus.pjoenyrittajat.fi<\/a><\/p>\n<p><img loading=\"lazy\" decoding=\"async\" width=\"1024\" height=\"768\" data-id=\"799706\" src=\"https:\/\/www.europesays.com\/fi\/wp-content\/uploads\/2026\/03\/IMG_3345-1024x768.jpeg\" alt=\"Y-pirtti n\u00e4kym\u00e4 parvelta tupaan\" class=\"wp-image-799706\"  \/><\/p>\n<p><img loading=\"lazy\" decoding=\"async\" width=\"1024\" height=\"768\" data-id=\"694373\" src=\"https:\/\/www.europesays.com\/fi\/wp-content\/uploads\/2026\/03\/20240511_144454-1024x768.jpg\" alt=\"\" class=\"wp-image-694373\"  \/><\/p>\n<p><img loading=\"lazy\" decoding=\"async\" width=\"1024\" height=\"682\" data-id=\"659093\" src=\"https:\/\/www.europesays.com\/fi\/wp-content\/uploads\/2026\/03\/laituri.jpg\" alt=\"\" class=\"wp-image-659093\"  \/><\/p>\n<p>\n        {<br \/>\n        &#8221;name&#8221;:&#8221;Avoimet ovet ja klapik\u00f6kk\u00e4 Y-pirtill\u00e4, Per\u00e4sein\u00e4joella&#8221;,<br \/>\n        &#8221;description&#8221;:&#8221;Tapahtuman www-sivu:\\n[url]https:\/\/varaus.pjoenyrittajat.fi\/[\/url]&#8221;,<br \/>\n        &#8221;startDate&#8221;:&#8221;2026-04-11&#8243;,<br \/>\n        &#8221;startTime&#8221;:&#8221;10:00&#8243;,<br \/>\n        &#8221;endDate&#8221;:&#8221;2026-04-11&#8243;,<br \/>\n        &#8221;endTime&#8221;:&#8221;14:00&#8243;,<br \/>\n        &#8221;location&#8221;:&#8221;Katajapolku 25 61180 Perseinjoki&#8221;,<br \/>\n        &#8221;label&#8221;:&#8221;Lis\u00e4\u00e4 kalenteriin&#8221;,<br \/>\n        &#8221;options&#8221;:[<br \/>\n        &#8221;Apple&#8221;,<br \/>\n        &#8221;Google&#8221;,<br \/>\n        &#8221;iCal&#8221;,<br \/>\n        &#8221;Microsoft365&#8221;,<br \/>\n        &#8221;MicrosoftTeams&#8221;,<br \/>\n        &#8221;Outlook.com&#8221;,<br \/>\n        &#8221;Yahoo&#8221;<br \/>\n        ],<br \/>\n        &#8221;inline&#8221;:true,<br \/>\n\t\t&#8221;listStyle&#8221;:&#8221;modal&#8221;,<br \/>\n\t\t&#8221;trigger&#8221;:&#8221;click&#8221;,<br \/>\n\t\t&#8221;timeZone&#8221;:&#8221;Europe\/Helsinki&#8221;,<br \/>\n\t\t&#8221;iCalFileName&#8221;:&#8221;Yrittajat.fi &#8211; Avoimet ovet ja klapik\u00f6kk\u00e4 Y-pirtill\u00e4, Per\u00e4sein\u00e4joella&#8221;<br \/>\n\t\t}\n\t<\/p>\n","protected":false},"excerpt":{"rendered":"Etel\u00e4-Pohjanmaan Yritt\u00e4j\u00e4t Per\u00e4sein\u00e4joen Yritt\u00e4j\u00e4t Tervetuloa klapik\u00f6kk\u00e4\u00e4n Y-pirtille, Kalaj\u00e4rven rannalle, lauantaina 11.4.2026 klo 10. M\u00f6kkitontilta on kaadettu muutamia puita&hellip;\n","protected":false},"author":2,"featured_media":207421,"comment_status":"","ping_status":"","sticky":false,"template":"","format":"standard","meta":{"footnotes":"","_share_on_mastodon":"0"},"categories":[76],"tags":[79,77,33,31,30,32,78,1667,2479],"class_list":["post-207420","post","type-post","status-publish","format-standard","has-post-thumbnail","category-talous","tag-business","tag-economy","tag-fi","tag-finland","tag-finnish","tag-suomi","tag-talous","tag-tapahtumat","tag-verkostoituminen"],"share_on_mastodon":{"url":"https:\/\/pubeurope.com\/@fi\/116314720759374260","error":""},"_links":{"self":[{"href":"https:\/\/www.europesays.com\/fi\/wp-json\/wp\/v2\/posts\/207420","targetHints":{"allow":["GET"]}}],"collection":[{"href":"https:\/\/www.europesays.com\/fi\/wp-json\/wp\/v2\/posts"}],"about":[{"href":"https:\/\/www.europesays.com\/fi\/wp-json\/wp\/v2\/types\/post"}],"author":[{"embeddable":true,"href":"https:\/\/www.europesays.com\/fi\/wp-json\/wp\/v2\/users\/2"}],"replies":[{"embeddable":true,"href":"https:\/\/www.europesays.com\/fi\/wp-json\/wp\/v2\/comments?post=207420"}],"version-history":[{"count":0,"href":"https:\/\/www.europesays.com\/fi\/wp-json\/wp\/v2\/posts\/207420\/revisions"}],"wp:featuredmedia":[{"embeddable":true,"href":"https:\/\/www.europesays.com\/fi\/wp-json\/wp\/v2\/media\/207421"}],"wp:attachment":[{"href":"https:\/\/www.europesays.com\/fi\/wp-json\/wp\/v2\/media?parent=207420"}],"wp:term":[{"taxonomy":"category","embeddable":true,"href":"https:\/\/www.europesays.com\/fi\/wp-json\/wp\/v2\/categories?post=207420"},{"taxonomy":"post_tag","embeddable":true,"href":"https:\/\/www.europesays.com\/fi\/wp-json\/wp\/v2\/tags?post=207420"}],"curies":[{"name":"wp","href":"https:\/\/api.w.org\/{rel}","templated":true}]}}