{"id":207458,"date":"2026-03-29T22:57:09","date_gmt":"2026-03-29T22:57:09","guid":{"rendered":"https:\/\/www.europesays.com\/fi\/207458\/"},"modified":"2026-03-29T22:57:09","modified_gmt":"2026-03-29T22:57:09","slug":"hirvi-tippui-jaihin-multialla-keski-suomi","status":"publish","type":"post","link":"https:\/\/www.europesays.com\/fi\/207458\/","title":{"rendered":"Hirvi tippui j\u00e4ihin Multialla | Keski-Suomi"},"content":{"rendered":"<p>Isokokoinen hirvi pelastettiin j\u00e4ist\u00e4 Multialla sunnuntai-iltana.<\/p>\n<p>Pelastuslaitos sai tiedon Myllylahdella noin 50 metrin p\u00e4\u00e4ss\u00e4 rannasta veteen pudonneesta el\u00e4imest\u00e4 puoli kahdeksan aikaan.<\/p>\n<p>Hirven edest\u00e4 rikottiin j\u00e4\u00e4t\u00e4, jonka j\u00e4lkeen el\u00e4in l\u00e4hti jolkottelemaan pois paikalta.<\/p>\n","protected":false},"excerpt":{"rendered":"Isokokoinen hirvi pelastettiin j\u00e4ist\u00e4 Multialla sunnuntai-iltana. Pelastuslaitos sai tiedon Myllylahdella noin 50 metrin p\u00e4\u00e4ss\u00e4 rannasta veteen pudonneesta el\u00e4imest\u00e4&hellip;\n","protected":false},"author":2,"featured_media":207459,"comment_status":"","ping_status":"","sticky":false,"template":"","format":"standard","meta":{"footnotes":"","_share_on_mastodon":"0"},"categories":[117],"tags":[33,31,30,752,72,754,476,120,122,118,32,119,477,534],"class_list":["post-207458","post","type-post","status-publish","format-standard","has-post-thumbnail","category-luonto","tag-fi","tag-finland","tag-finnish","tag-keuruun-seutukunta","tag-luonto","tag-multia","tag-nature","tag-onnettomuustapaus","tag-pelastaminen","tag-science","tag-suomi","tag-tiede","tag-wildlife","tag-ymparisto-ja-luonto"],"share_on_mastodon":{"url":"https:\/\/pubeurope.com\/@fi\/116314940651410990","error":""},"_links":{"self":[{"href":"https:\/\/www.europesays.com\/fi\/wp-json\/wp\/v2\/posts\/207458","targetHints":{"allow":["GET"]}}],"collection":[{"href":"https:\/\/www.europesays.com\/fi\/wp-json\/wp\/v2\/posts"}],"about":[{"href":"https:\/\/www.europesays.com\/fi\/wp-json\/wp\/v2\/types\/post"}],"author":[{"embeddable":true,"href":"https:\/\/www.europesays.com\/fi\/wp-json\/wp\/v2\/users\/2"}],"replies":[{"embeddable":true,"href":"https:\/\/www.europesays.com\/fi\/wp-json\/wp\/v2\/comments?post=207458"}],"version-history":[{"count":0,"href":"https:\/\/www.europesays.com\/fi\/wp-json\/wp\/v2\/posts\/207458\/revisions"}],"wp:featuredmedia":[{"embeddable":true,"href":"https:\/\/www.europesays.com\/fi\/wp-json\/wp\/v2\/media\/207459"}],"wp:attachment":[{"href":"https:\/\/www.europesays.com\/fi\/wp-json\/wp\/v2\/media?parent=207458"}],"wp:term":[{"taxonomy":"category","embeddable":true,"href":"https:\/\/www.europesays.com\/fi\/wp-json\/wp\/v2\/categories?post=207458"},{"taxonomy":"post_tag","embeddable":true,"href":"https:\/\/www.europesays.com\/fi\/wp-json\/wp\/v2\/tags?post=207458"}],"curies":[{"name":"wp","href":"https:\/\/api.w.org\/{rel}","templated":true}]}}