{"id":20755,"date":"2025-08-30T13:42:08","date_gmt":"2025-08-30T13:42:08","guid":{"rendered":"https:\/\/www.europesays.com\/fi\/20755\/"},"modified":"2025-08-30T13:42:08","modified_gmt":"2025-08-30T13:42:08","slug":"tama-diagnoosi-murskasi-ushma-olavan-lapsihaaveet","status":"publish","type":"post","link":"https:\/\/www.europesays.com\/fi\/20755\/","title":{"rendered":"T\u00e4m\u00e4 diagnoosi murskasi Ushma Olavan lapsihaaveet"},"content":{"rendered":"<p>Ushma Olava avasi muun muassa rankkaa hedelm\u00f6ityshoitotaivaltaan Apu-lehdelle. <\/p>\n<p><img decoding=\"async\" class=\"image image-show image-preview\" src=\"https:\/\/www.europesays.com\/fi\/wp-content\/uploads\/2025\/08\/088fbdb0784d7b5a2682a936c507d4ad57ee44c4c171be72e0bceb619bcebe28.jpg\" alt=\"\"\/><img decoding=\"async\" class=\"image image-show\" src=\"https:\/\/www.europesays.com\/fi\/wp-content\/uploads\/2025\/08\/1756561328_87_088fbdb0784d7b5a2682a936c507d4ad57ee44c4c171be72e0bceb619bcebe28.jpg\" alt=\"\"\/><\/p>\n<p>Ushma Olava n\u00e4ytteli aiemmin muun muassa Putouksessa.  Pete Anikari<\/p>\n<p class=\"paragraph\">N\u00e4yttelij\u00e4 <a href=\"https:\/\/www.iltalehti.fi\/henkilot\/Ushma Olava\" class=\"article-link-person-page\" rel=\"nofollow noopener\" target=\"_blank\">Ushma Olava<\/a>, 44, kertoo <a href=\"https:\/\/www.apu.fi\/artikkelit\/lapsettomuus-ja-endometrioosi-ushma-olava-yritti-yli-10-vuotta\" rel=\"noopener nofollow\" target=\"_blank\">Apu-lehden haastattelussa<\/a> lapsettomuudestaan ja sairaudestaan.<\/p>\n<p class=\"paragraph\">Olava ei ole halunnut puhua aiemmin sairaudestaan julkisesti. H\u00e4n k\u00e4rsii endometrioosista eli kohdun limakalvon sirottumataudista.<\/p>\n<p class=\"paragraph\">H\u00e4n on haaveillut \u00e4itiydest\u00e4 koko ik\u00e4ns\u00e4 ja yritt\u00e4nyt saada lasta 26-vuotiaasta l\u00e4htien. Tuolloin Olavalla todettiin endometrioosi, joka oli oireillut kivuliaina kuukautisina 14-vuotiaasta saakka.<\/p>\n<p class=\"paragraph\">Olava ja h\u00e4nen puolisonsa <strong>Pekka Olava<\/strong> ohjattiin aloittamaan hedelm\u00f6ityshoidot, jotka veiv\u00e4t lopulta kymmenen vuotta. Vuonna 2015 Ushma Olavalle tehtiin leikkaus, jonka toivottiin auttavan my\u00f6s raskaaksi tulemisessa.<\/p>\n<p class=\"paragraph\">Leikkauksesta ja raskaista hoidoista huolimatta Olava ei tullut raskaaksi.<\/p>\n<p class=\"paragraph\">\u2013 On k\u00e4sitt\u00e4m\u00e4t\u00f6nt\u00e4, miten ihminen voi vajota suuresta toivosta aivan pohjalle parin viikon v\u00e4lein. Pahinta ehk\u00e4 oli se, miten katkeruus, viha ja kateus vuorottelivat pettymyksen keskell\u00e4, Olava sanoo lehdelle.<\/p>\n<p class=\"paragraph\">Toiveikkuudesta on ollut vaikea luopua. Olava my\u00f6nt\u00e4\u00e4 miettiv\u00e4ns\u00e4 yh\u00e4, miten l\u00f6yt\u00e4\u00e4 merkityksellisyytt\u00e4, kun suuri toive on j\u00e4\u00e4nyt t\u00e4yttym\u00e4tt\u00e4.<\/p>\n<p class=\"paragraph\">\u2013 Kun olin pahimman surun ja katkeruuden alhossa, k\u00e4vin l\u00e4pi ajatusta, ett\u00e4 mit\u00e4 jos meille ei tulekaan lasta? Katsoin kaikki dokumentit ja luin lehtijutut, jotka kertoivat lapsettomuudesta. Kaikki ne p\u00e4\u00e4ttyiv\u00e4t onnellisesti, ett\u00e4 jonkun ihmeen kautta lapsi syntyi.<\/p>\n<p class=\"paragraph\">Endometrioosi on <a href=\"https:\/\/www.terveyskirjasto.fi\/dlk00119\" rel=\"noopener nofollow\" target=\"_blank\">Terveyskirjaston<\/a> mukaan yleinen sairaus, jonka perussyyt\u00e4 ei tunneta. Kohdun limakalvon sirottumatauti kuvaa sairautta, sill\u00e4 kohdun limakalvon kaltaista kudosta esiintyy kohdun ulkopuolella esimerkiksi munasarjoissa.<\/p>\n<p class=\"paragraph\">Endometrioosi voi aiheuttaa lapsettomuusongelmia ja kuukautisiin liittyv\u00e4t kivut ovat sairaudesta k\u00e4rsiville tyypillisi\u00e4. Endometrioosi on gynekologinen sairaus ja sit\u00e4 esiintyy esiintyy hedelm\u00e4llisess\u00e4 i\u00e4ss\u00e4 olevilla noin 10 prosentilla.<\/p>\n<p class=\"paragraph\">N\u00e4yttelij\u00e4n\u00e4 tunnetu Olava ponnahti julkisuuteen 2000-luvun alussa Gimmel-yhtyeen my\u00f6t\u00e4 yhdess\u00e4 <a href=\"https:\/\/www.iltalehti.fi\/henkilot\/Jenni Vartiainen\" class=\"article-link-person-page\" rel=\"nofollow noopener\" target=\"_blank\">Jenni Vartiaisen<\/a> ja <a href=\"https:\/\/www.iltalehti.fi\/henkilot\/Jonna Pirinen\" class=\"article-link-person-page\" rel=\"nofollow noopener\" target=\"_blank\">Jonna Christensenin<\/a> (ent. Pirinen) kanssa. H\u00e4nt\u00e4 on n\u00e4hty viime vuosina my\u00f6s Putous-sketsisarjassa.<\/p>\n","protected":false},"excerpt":{"rendered":"Ushma Olava avasi muun muassa rankkaa hedelm\u00f6ityshoitotaivaltaan Apu-lehdelle. Ushma Olava n\u00e4ytteli aiemmin muun muassa Putouksessa. Pete Anikari N\u00e4yttelij\u00e4&hellip;\n","protected":false},"author":2,"featured_media":20756,"comment_status":"","ping_status":"","sticky":false,"template":"","format":"standard","meta":{"footnotes":""},"categories":[136],"tags":[35,407,152,137,33,31,30,408,99,32,502,167,140,109],"class_list":{"0":"post-20755","1":"post","2":"type-post","3":"status-publish","4":"format-standard","5":"has-post-thumbnail","7":"category-julkkikset","8":"tag-24h","9":"tag-celebrities","10":"tag-elokuva-ja-tv-nayttelijat","11":"tag-entertainment","12":"tag-fi","13":"tag-finland","14":"tag-finnish","15":"tag-julkkikset","16":"tag-lapset","17":"tag-suomi","18":"tag-terveydenhoito","19":"tag-terveys","20":"tag-tv-ja-elokuvat","21":"tag-viihde"},"share_on_mastodon":{"url":"","error":""},"_links":{"self":[{"href":"https:\/\/www.europesays.com\/fi\/wp-json\/wp\/v2\/posts\/20755","targetHints":{"allow":["GET"]}}],"collection":[{"href":"https:\/\/www.europesays.com\/fi\/wp-json\/wp\/v2\/posts"}],"about":[{"href":"https:\/\/www.europesays.com\/fi\/wp-json\/wp\/v2\/types\/post"}],"author":[{"embeddable":true,"href":"https:\/\/www.europesays.com\/fi\/wp-json\/wp\/v2\/users\/2"}],"replies":[{"embeddable":true,"href":"https:\/\/www.europesays.com\/fi\/wp-json\/wp\/v2\/comments?post=20755"}],"version-history":[{"count":0,"href":"https:\/\/www.europesays.com\/fi\/wp-json\/wp\/v2\/posts\/20755\/revisions"}],"wp:featuredmedia":[{"embeddable":true,"href":"https:\/\/www.europesays.com\/fi\/wp-json\/wp\/v2\/media\/20756"}],"wp:attachment":[{"href":"https:\/\/www.europesays.com\/fi\/wp-json\/wp\/v2\/media?parent=20755"}],"wp:term":[{"taxonomy":"category","embeddable":true,"href":"https:\/\/www.europesays.com\/fi\/wp-json\/wp\/v2\/categories?post=20755"},{"taxonomy":"post_tag","embeddable":true,"href":"https:\/\/www.europesays.com\/fi\/wp-json\/wp\/v2\/tags?post=20755"}],"curies":[{"name":"wp","href":"https:\/\/api.w.org\/{rel}","templated":true}]}}