{"id":207907,"date":"2026-03-30T12:01:08","date_gmt":"2026-03-30T12:01:08","guid":{"rendered":"https:\/\/www.europesays.com\/fi\/207907\/"},"modified":"2026-03-30T12:01:08","modified_gmt":"2026-03-30T12:01:08","slug":"ukraina-pyysi-suomelta-harhautuneita-drooneja-anteeksi-ylen-lahteet-suomi-ei-vaadi-ukrainaa-lopettamaan-satamaiskujaan-politiikka","status":"publish","type":"post","link":"https:\/\/www.europesays.com\/fi\/207907\/","title":{"rendered":"Ukraina pyysi Suomelta harhautuneita drooneja anteeksi, Ylen l\u00e4hteet: Suomi ei vaadi Ukrainaa lopettamaan satamaiskujaan | Politiikka"},"content":{"rendered":"<p class=\"aw-1gybjub aw-5vja16 kEtdKx kmuxyA yle__article__paragraph\">Ylen tietojen mukaan Suomi aikoo keskustella Ukrainan kanssa, kun tutkinta etenee.<\/p>\n<p><img decoding=\"async\" alt=\"Puolustusvoimien sotilasajoneuvo sek\u00e4 poliisiauto Kouvolassa.\" src=\"https:\/\/www.europesays.com\/fi\/wp-content\/uploads\/2026\/03\/39-161961069c976a4f0b00.jpeg\" class=\"aw-1l9m598 hKVVvP\"\/><\/p>\n<p>Avaa kuvien katselu<\/p>\n<p>Viranomaiset tutkimassa droonin putuamispaikkaa Kouvolassa. Arkistokuva 29.3.2026. Kuva: Antro Valo \/ Yle<\/p>\n<p>13:16\u2022P\u00e4ivitetty 14:01<\/p>\n<p class=\"aw-1gybjub aw-1p7kakr kEtdKx cEmitX yle__article__paragraph\">Ukraina on pyyt\u00e4nyt Suomelta anteeksi, <a class=\"aw-iao6s4 iHOxEa yle__article__link\" href=\"https:\/\/yle.fi\/a\/74-20217938\" role=\"link\" rel=\"nofollow noopener\" target=\"_blank\">ett\u00e4 kaksi ukrainalaisdroonia p\u00e4\u00e4tyi Kaakkois-Suomeen viikonloppuna<\/a>.<\/p>\n<p class=\"aw-1gybjub aw-1p7kakr kEtdKx cEmitX yle__article__paragraph\">Ukrainan l\u00e4hetyst\u00f6 Helsingiss\u00e4 kertoo Ylelle, ett\u00e4 Ukraina kommunikoi suomalaisten kanssa tapauksesta ja jakaa jo tietoja, jotka selvent\u00e4v\u00e4t olosuhteita.<\/p>\n<p class=\"aw-1gybjub aw-1p7kakr kEtdKx cEmitX yle__article__paragraph\">\u2013 Voimme vakuuttaa, ett\u00e4 Ukrainan drooneja ei miss\u00e4\u00e4n olosuhteissa ollut suunnattu Suomeen, l\u00e4hetyst\u00f6 kirjoittaa.<\/p>\n<p class=\"aw-1gybjub aw-1p7kakr kEtdKx cEmitX yle__article__paragraph\">Edustajan mukaan droonit p\u00e4\u00e4tyiv\u00e4t Suomeen todenn\u00e4k\u00f6isesti Ven\u00e4j\u00e4n elektronisen h\u00e4irinn\u00e4n vuoksi.<\/p>\n<p>Zelenskyi ja Stubb ovat keskustelleet drooneista<\/p>\n<p class=\"aw-1gybjub aw-1p7kakr kEtdKx cEmitX yle__article__paragraph\">Ukrainan presidentti <strong class=\"aw-ak79eh KyCXm yle__article__strong\">Volodymyr Zelenskyi<\/strong> ja <strong class=\"aw-ak79eh KyCXm yle__article__strong\">Alexander Stubb<\/strong> ovat keskustelleet Suomeen harhautuneista drooneista. Zelenskyi kertoi asiasta viestipalvelu X:ss\u00e4 maanantaina.<\/p>\n<p class=\"aw-1gybjub aw-1p7kakr kEtdKx cEmitX yle__article__paragraph\">Ylen kuulemien ulko- ja turvallisuuspolitiikan l\u00e4hteiden mukaan Suomi aikoo keskustella diplomaattitasolla ukrainalaisten kanssa, kun pudonneiden droonien tutkinta etenee. Tarkoitus ei ole puhutella vaan vaihtaa tietoja.<\/p>\n<p class=\"aw-1gybjub aw-1p7kakr kEtdKx cEmitX yle__article__paragraph\"><a class=\"aw-iao6s4 iHOxEa yle__article__link\" href=\"https:\/\/www.presidentti.fi\/tasavallan-presidentin-lausunto-suomen-alueelle-harhautuneista-lennokeista\/\" role=\"link\" rel=\"nofollow noopener\" target=\"_blank\"><strong class=\"aw-ak79eh KyCXm yle__article__strong\">Stubb<\/strong> <\/a>muistutti eilen, ett\u00e4 Suomeen ei kohdistu sotilaallista uhkaa.<\/p>\n<p class=\"aw-1gybjub aw-1p7kakr kEtdKx cEmitX yle__article__paragraph\">Drooneja on harhautunut niin Baltian maihin kuin Suomeen, kun Ukraina on iskenyt voimakkaasti Ven\u00e4j\u00e4n It\u00e4meren rannalla sijaitseviin \u00f6ljysatamiin Primorskiin eli Koivistoon ja Ust-Lugaan eli Laukaansuuhun.<\/p>\n<p class=\"aw-1gybjub aw-1p7kakr kEtdKx cEmitX yle__article__paragraph\">Ukrainan presidentti <strong class=\"aw-ak79eh KyCXm yle__article__strong\">Volodymir Zelenskyi<\/strong> kertoi julkisuuteen, ett\u00e4 jotkut \u201dsignaloineet\u201d Ukrainalle mahdollisuudesta v\u00e4hent\u00e4\u00e4 pitk\u00e4n kantaman iskuja Ven\u00e4j\u00e4n \u00f6ljysektoriin.<\/p>\n<p class=\"aw-1gybjub aw-1p7kakr kEtdKx cEmitX yle__article__paragraph\">\u2013 Suomi ei todellakaan ole t\u00e4llaista viestinyt, yksi Ylen l\u00e4hteist\u00e4 sanoo.<\/p>\n<p class=\"aw-1gybjub aw-1p7kakr kEtdKx cEmitX yle__article__paragraph\">Suomen <a class=\"aw-iao6s4 iHOxEa yle__article__link\" href=\"https:\/\/yle.fi\/a\/74-20217938\" role=\"link\" rel=\"nofollow noopener\" target=\"_blank\">alueelle harhautui sunnuntaina kaksi lennokkia<\/a>. Ainakin toinen drooneista on tunnistettu ukrainalaiseksi.<\/p>\n","protected":false},"excerpt":{"rendered":"Ylen tietojen mukaan Suomi aikoo keskustella Ukrainan kanssa, kun tutkinta etenee. Avaa kuvien katselu Viranomaiset tutkimassa droonin putuamispaikkaa&hellip;\n","protected":false},"author":2,"featured_media":207908,"comment_status":"","ping_status":"","sticky":false,"template":"","format":"standard","meta":{"footnotes":"","_share_on_mastodon":"0"},"categories":[12],"tags":[22,23,759,26,27,33,31,30,17,24,25,28,29,15,18,21,637,9052,32,19,20,546,1303,56,16,987],"class_list":["post-207907","post","type-post","status-publish","format-standard","has-post-thumbnail","category-suomi","tag-breaking-news","tag-breakingnews","tag-droonit","tag-featured-news","tag-featurednews","tag-fi","tag-finland","tag-finnish","tag-headlines","tag-latest-news","tag-latestnews","tag-main-news","tag-mainnews","tag-news","tag-otsikot","tag-paauutiset","tag-politiikka","tag-puolustus","tag-suomi","tag-top-stories","tag-topstories","tag-turvallisuus","tag-ukraina","tag-ulkomaat","tag-uutiset","tag-venajan-hyokkays"],"share_on_mastodon":{"url":"https:\/\/pubeurope.com\/@fi\/116318023405160351","error":""},"_links":{"self":[{"href":"https:\/\/www.europesays.com\/fi\/wp-json\/wp\/v2\/posts\/207907","targetHints":{"allow":["GET"]}}],"collection":[{"href":"https:\/\/www.europesays.com\/fi\/wp-json\/wp\/v2\/posts"}],"about":[{"href":"https:\/\/www.europesays.com\/fi\/wp-json\/wp\/v2\/types\/post"}],"author":[{"embeddable":true,"href":"https:\/\/www.europesays.com\/fi\/wp-json\/wp\/v2\/users\/2"}],"replies":[{"embeddable":true,"href":"https:\/\/www.europesays.com\/fi\/wp-json\/wp\/v2\/comments?post=207907"}],"version-history":[{"count":0,"href":"https:\/\/www.europesays.com\/fi\/wp-json\/wp\/v2\/posts\/207907\/revisions"}],"wp:featuredmedia":[{"embeddable":true,"href":"https:\/\/www.europesays.com\/fi\/wp-json\/wp\/v2\/media\/207908"}],"wp:attachment":[{"href":"https:\/\/www.europesays.com\/fi\/wp-json\/wp\/v2\/media?parent=207907"}],"wp:term":[{"taxonomy":"category","embeddable":true,"href":"https:\/\/www.europesays.com\/fi\/wp-json\/wp\/v2\/categories?post=207907"},{"taxonomy":"post_tag","embeddable":true,"href":"https:\/\/www.europesays.com\/fi\/wp-json\/wp\/v2\/tags?post=207907"}],"curies":[{"name":"wp","href":"https:\/\/api.w.org\/{rel}","templated":true}]}}