{"id":20793,"date":"2025-08-30T14:47:10","date_gmt":"2025-08-30T14:47:10","guid":{"rendered":"https:\/\/www.europesays.com\/fi\/20793\/"},"modified":"2025-08-30T14:47:10","modified_gmt":"2025-08-30T14:47:10","slug":"poliisi-tutkii-espoon-henttaan-perjantaista-henkirikosta-murhana-uhrilla-ja-epaillylla-oli-aiemmin-parisuhde-uusimaa","status":"publish","type":"post","link":"https:\/\/www.europesays.com\/fi\/20793\/","title":{"rendered":"Poliisi tutkii Espoon Henttaan perjantaista henkirikosta murhana \u2013 uhrilla ja ep\u00e4illyll\u00e4 oli aiemmin parisuhde | Uusimaa"},"content":{"rendered":"<p class=\"sc-jYczwO sc-dNFkOE bUKqJd eiHPxO yle__article__paragraph\">L\u00e4nsi-Uudenmaan poliisin mukaan teko oli ennalta suunniteltu ja tehtiin erityisen raa\u2019alla tavalla. <\/p>\n<p><img decoding=\"async\" alt=\"Poliisiautoja Espoon Henttaalla.\" src=\"https:\/\/www.europesays.com\/fi\/wp-content\/uploads\/2025\/08\/39-151492668b2bd45c6852.jpeg\" class=\"sc-dntSTA iywpZY\"\/><\/p>\n<p>Avaa kuvien katselu<\/p>\n<p>H\u00e4t\u00e4keskus sai ilmoituksen ep\u00e4illyst\u00e4 v\u00e4kivallanteosta kahdeksan aikaan perjantai-iltana. Kuva: Yleis\u00f6n kuva \/ Antti Posti<\/p>\n<p>14:55\u2022P\u00e4ivitetty 14:57<\/p>\n<p class=\"sc-jYczwO sc-ciCoXh bUKqJd cIOueB yle__article__paragraph\">L\u00e4nsi-Uudenmaan <a class=\"sc-jDJeIs gotUgl yle__article__link\" href=\"https:\/\/poliisi.fi\/-\/espoossa-tapahtuneen-epaillyn-henkirikoksen-tutkinta-jatkuu\" role=\"link\" rel=\"nofollow noopener\" target=\"_blank\">poliisi kertoo<\/a> tutkivansa <a class=\"sc-jDJeIs gotUgl yle__article__link\" href=\"https:\/\/yle.fi\/a\/74-20180179\" role=\"link\" rel=\"nofollow noopener\" target=\"_blank\">Espoon Henttaalla tapahtunutta henkirikosta<\/a> murhana.<\/p>\n<p class=\"sc-jYczwO sc-ciCoXh bUKqJd cIOueB yle__article__paragraph\">Poliisi uskoo teon olleen ennalta suunniteltu. Lis\u00e4ksi ep\u00e4ilty henkirikos tehtiin erityisen raa\u2019alla tavalla.<\/p>\n<p class=\"sc-jYczwO sc-ciCoXh bUKqJd cIOueB yle__article__paragraph\">Espoon Henttaalla tapahtui ep\u00e4ilty henkirikos perjantai-iltana. H\u00e4t\u00e4keskus sai ilmoituksen ep\u00e4illyst\u00e4 v\u00e4kivallanteosta kahdeksan aikaan.<\/p>\n<p class=\"sc-jYczwO sc-ciCoXh bUKqJd cIOueB yle__article__paragraph\">Poliisi l\u00f6ysi kerrostalon rappuk\u00e4yt\u00e4v\u00e4st\u00e4 elottoman, noin 30-vuotiaan naisen, joka menehtyi saamiinsa vammoihin tapahtumapaikalla.<\/p>\n<p class=\"sc-jYczwO sc-ciCoXh bUKqJd cIOueB yle__article__paragraph\">Poliisi otti ep\u00e4illyn tekij\u00e4n kiinni pian tapahtumien j\u00e4lkeen.<\/p>\n<p class=\"sc-jYczwO sc-ciCoXh bUKqJd cIOueB yle__article__paragraph\">Poliisi ep\u00e4ilee teosta yli 40-vuotiasta miest\u00e4. Poliisin tietojen mukaan henkirikoksen uhrilla ja ep\u00e4illyll\u00e4 on ollut parisuhde, joka on sittemmin p\u00e4\u00e4ttynyt.<\/p>\n<p class=\"sc-jYczwO sc-ciCoXh bUKqJd cIOueB yle__article__paragraph\">Poliisi jatkaa ep\u00e4illyn rikoksen tutkintaa viikonloppuna. Ep\u00e4ilty\u00e4 tullaan esitt\u00e4m\u00e4\u00e4n vangittavaksi alkuviikon aikana.<\/p>\n<p class=\"sc-jYczwO sc-ciCoXh bUKqJd cIOueB yle__article__paragraph\">\u2013 Toistaiseksi emme voi ottaa kantaa tekotapaan vaarantamatta k\u00e4ynniss\u00e4 olevaa esitutkintaa, rikoskomisario <strong class=\"sc-eEHciv gtNhAX yle__article__strong\">Jyrki Kallio<\/strong> toteaa poliisin tiedotteessa.<\/p>\n<p>Tapahtumapaikalla illalla useita poliisiautoja<\/p>\n<p class=\"sc-jYczwO sc-ciCoXh bUKqJd cIOueB yle__article__paragraph\"><strong class=\"sc-eEHciv gtNhAX yle__article__strong\">Antti Posti<\/strong> j\u00e4i bussista linja-autopys\u00e4kille puoli kymmenen aikaan illalla. Tapahtumapaikka on aivan linja-autopys\u00e4kin vieress\u00e4.<\/p>\n<p class=\"sc-jYczwO sc-ciCoXh bUKqJd cIOueB yle__article__paragraph\">\u2013 Mietin, uskaltaako siin\u00e4 edes j\u00e4\u00e4d\u00e4 bussista pois, mutta kyll\u00e4 sitten j\u00e4in. Poliisi oli erist\u00e4nyt kerrostalon edustan. Ei siin\u00e4 vaiheessa paljon muuta tapahtunut. V\u00e4h\u00e4n sit\u00e4 ihmettelin ja jatkoin matkaa, Posti kertoo.<\/p>\n<p class=\"sc-jYczwO sc-ciCoXh bUKqJd cIOueB yle__article__paragraph\">Postin mukaan paikalla oli illalla viisi poliisiautoa.<\/p>\n<p class=\"sc-jYczwO sc-ciCoXh bUKqJd cIOueB yle__article__paragraph\">Poliisi kertoo tiedottavansa esitutkinnasta seuraavan kerran aikaisintaan maanantaina 1. syyskuuta.<\/p>\n","protected":false},"excerpt":{"rendered":"L\u00e4nsi-Uudenmaan poliisin mukaan teko oli ennalta suunniteltu ja tehtiin erityisen raa\u2019alla tavalla. Avaa kuvien katselu H\u00e4t\u00e4keskus sai ilmoituksen&hellip;\n","protected":false},"author":2,"featured_media":20794,"comment_status":"","ping_status":"","sticky":false,"template":"","format":"standard","meta":{"footnotes":""},"categories":[12],"tags":[22,23,400,26,27,33,31,30,17,7208,71,24,25,28,29,15,18,21,1263,32,19,20,1168,16,40,37],"class_list":{"0":"post-20793","1":"post","2":"type-post","3":"status-publish","4":"format-standard","5":"has-post-thumbnail","7":"category-suomi","8":"tag-breaking-news","9":"tag-breakingnews","10":"tag-espoo","11":"tag-featured-news","12":"tag-featurednews","13":"tag-fi","14":"tag-finland","15":"tag-finnish","16":"tag-headlines","17":"tag-henttaa","18":"tag-kotimaa","19":"tag-latest-news","20":"tag-latestnews","21":"tag-main-news","22":"tag-mainnews","23":"tag-news","24":"tag-otsikot","25":"tag-paauutiset","26":"tag-rikosepailyt","27":"tag-suomi","28":"tag-top-stories","29":"tag-topstories","30":"tag-uusimaa","31":"tag-uutiset","32":"tag-vakivalta","33":"tag-vakivaltarikokset"},"share_on_mastodon":{"url":"","error":""},"_links":{"self":[{"href":"https:\/\/www.europesays.com\/fi\/wp-json\/wp\/v2\/posts\/20793","targetHints":{"allow":["GET"]}}],"collection":[{"href":"https:\/\/www.europesays.com\/fi\/wp-json\/wp\/v2\/posts"}],"about":[{"href":"https:\/\/www.europesays.com\/fi\/wp-json\/wp\/v2\/types\/post"}],"author":[{"embeddable":true,"href":"https:\/\/www.europesays.com\/fi\/wp-json\/wp\/v2\/users\/2"}],"replies":[{"embeddable":true,"href":"https:\/\/www.europesays.com\/fi\/wp-json\/wp\/v2\/comments?post=20793"}],"version-history":[{"count":0,"href":"https:\/\/www.europesays.com\/fi\/wp-json\/wp\/v2\/posts\/20793\/revisions"}],"wp:featuredmedia":[{"embeddable":true,"href":"https:\/\/www.europesays.com\/fi\/wp-json\/wp\/v2\/media\/20794"}],"wp:attachment":[{"href":"https:\/\/www.europesays.com\/fi\/wp-json\/wp\/v2\/media?parent=20793"}],"wp:term":[{"taxonomy":"category","embeddable":true,"href":"https:\/\/www.europesays.com\/fi\/wp-json\/wp\/v2\/categories?post=20793"},{"taxonomy":"post_tag","embeddable":true,"href":"https:\/\/www.europesays.com\/fi\/wp-json\/wp\/v2\/tags?post=20793"}],"curies":[{"name":"wp","href":"https:\/\/api.w.org\/{rel}","templated":true}]}}