{"id":20811,"date":"2025-08-30T15:13:09","date_gmt":"2025-08-30T15:13:09","guid":{"rendered":"https:\/\/www.europesays.com\/fi\/20811\/"},"modified":"2025-08-30T15:13:09","modified_gmt":"2025-08-30T15:13:09","slug":"miehen-juhlinta-lahti-lapasesta-toikkaroinnista-iso-lasku","status":"publish","type":"post","link":"https:\/\/www.europesays.com\/fi\/20811\/","title":{"rendered":"Miehen juhlinta l\u00e4hti lapasesta \u2013 Toikkaroinnista iso lasku"},"content":{"rendered":"<p>Seitsenkymppinen mies yritti virtsata vapunviett\u00e4jien p\u00e4\u00e4lle.<\/p>\n<p><img decoding=\"async\" class=\"image image-show image-preview\" src=\"https:\/\/www.europesays.com\/fi\/wp-content\/uploads\/2025\/08\/801f7cdf152f68b8bbc2e7b0c428994d9e94ab0bda519702801e8d6ebea58e03.jpg\" alt=\"\"\/><img decoding=\"async\" class=\"image image-show\" src=\"https:\/\/www.europesays.com\/fi\/wp-content\/uploads\/2025\/08\/1756566789_374_801f7cdf152f68b8bbc2e7b0c428994d9e94ab0bda519702801e8d6ebea58e03.jpg\" alt=\"\"\/><\/p>\n<p>Vapun juhlinta sai ik\u00e4v\u00e4n k\u00e4\u00e4nteen Lapissa. Kuvituskuva. ATTE KAJOVA<\/p>\n<p class=\"paragraph\">El\u00e4keik\u00e4inen mies juhlisti vappua niin railakkaasti, ett\u00e4 joutuu nyt maksamaan yli 2\u00a0000 euroa sakkoja.<\/p>\n<p class=\"paragraph\">Mies kekkuloi sukuelin esill\u00e4 kauppakeskuksessa Rovaniemen keskustassa. H\u00e4n oli tuhdissa humalassa jo kello 16 aikaan.<\/p>\n<p class=\"paragraph\">71-vuotias mies esitteli elint\u00e4\u00e4n Sampokeskuksen asiakkaille. H\u00e4n my\u00f6s yritti virtsata ihmisten p\u00e4\u00e4lle.<\/p>\n<p class=\"paragraph\">Vappup\u00e4iv\u00e4n\u00e4 kauppakeskus vilisi ihmisi\u00e4. Humalaista h\u00e4irik\u00f6inti\u00e4 joutuivat todistamaan lukuisat lapset ja aikuiset.<\/p>\n<p class=\"paragraph\">J\u00e4rjestyksenvalvojan mukaan mies p\u00e4\u00e4tyi lopulta virtsaamaan kauppakeskuksessa olevan kahvilan kukkaruukkuun.<\/p>\n<p class=\"paragraph\">Miehen katsottiin syyllistyneen sukupuolisiveellisyyden julkiseen loukkaamiseen. Teko on p\u00e4\u00e4s\u00e4\u00e4nt\u00f6isesti soviteltavissa 10 p\u00e4iv\u00e4sakolla.<\/p>\n<p class=\"paragraph\">N\u00e4in oli nytkin, mutta hyv\u00e4tuloisen miehen ansioilla maksettavaa kertyy per\u00e4ti 1\u00a0970 euroa.<\/p>\n<p class=\"paragraph\">Kun summaan lis\u00e4t\u00e4\u00e4n pakollinen rikosuhrimaksu, elostelu maksaa miehelle yhteens\u00e4 2\u00a0010 euroa.<\/p>\n","protected":false},"excerpt":{"rendered":"Seitsenkymppinen mies yritti virtsata vapunviett\u00e4jien p\u00e4\u00e4lle. Vapun juhlinta sai ik\u00e4v\u00e4n k\u00e4\u00e4nteen Lapissa. Kuvituskuva. ATTE KAJOVA El\u00e4keik\u00e4inen mies juhlisti&hellip;\n","protected":false},"author":2,"featured_media":20812,"comment_status":"","ping_status":"","sticky":false,"template":"","format":"standard","meta":{"footnotes":""},"categories":[12],"tags":[35,22,23,2110,26,27,33,31,30,17,101,24,25,28,29,15,18,21,98,103,32,19,20,860,16],"class_list":{"0":"post-20811","1":"post","2":"type-post","3":"status-publish","4":"format-standard","5":"has-post-thumbnail","7":"category-suomi","8":"tag-24h","9":"tag-breaking-news","10":"tag-breakingnews","11":"tag-elamantapa-ja-vapaa-aika","12":"tag-featured-news","13":"tag-featurednews","14":"tag-fi","15":"tag-finland","16":"tag-finnish","17":"tag-headlines","18":"tag-ihmissuhteet","19":"tag-latest-news","20":"tag-latestnews","21":"tag-main-news","22":"tag-mainnews","23":"tag-news","24":"tag-otsikot","25":"tag-paauutiset","26":"tag-perhe","27":"tag-sosiaalikysymykset","28":"tag-suomi","29":"tag-top-stories","30":"tag-topstories","31":"tag-tyoelama","32":"tag-uutiset"},"share_on_mastodon":{"url":"","error":""},"_links":{"self":[{"href":"https:\/\/www.europesays.com\/fi\/wp-json\/wp\/v2\/posts\/20811","targetHints":{"allow":["GET"]}}],"collection":[{"href":"https:\/\/www.europesays.com\/fi\/wp-json\/wp\/v2\/posts"}],"about":[{"href":"https:\/\/www.europesays.com\/fi\/wp-json\/wp\/v2\/types\/post"}],"author":[{"embeddable":true,"href":"https:\/\/www.europesays.com\/fi\/wp-json\/wp\/v2\/users\/2"}],"replies":[{"embeddable":true,"href":"https:\/\/www.europesays.com\/fi\/wp-json\/wp\/v2\/comments?post=20811"}],"version-history":[{"count":0,"href":"https:\/\/www.europesays.com\/fi\/wp-json\/wp\/v2\/posts\/20811\/revisions"}],"wp:featuredmedia":[{"embeddable":true,"href":"https:\/\/www.europesays.com\/fi\/wp-json\/wp\/v2\/media\/20812"}],"wp:attachment":[{"href":"https:\/\/www.europesays.com\/fi\/wp-json\/wp\/v2\/media?parent=20811"}],"wp:term":[{"taxonomy":"category","embeddable":true,"href":"https:\/\/www.europesays.com\/fi\/wp-json\/wp\/v2\/categories?post=20811"},{"taxonomy":"post_tag","embeddable":true,"href":"https:\/\/www.europesays.com\/fi\/wp-json\/wp\/v2\/tags?post=20811"}],"curies":[{"name":"wp","href":"https:\/\/api.w.org\/{rel}","templated":true}]}}