{"id":20821,"date":"2025-08-30T15:42:09","date_gmt":"2025-08-30T15:42:09","guid":{"rendered":"https:\/\/www.europesays.com\/fi\/20821\/"},"modified":"2025-08-30T15:42:09","modified_gmt":"2025-08-30T15:42:09","slug":"kupsin-murskanneen-midtjyllandin-paavalmentajalle-potkut-urheilu","status":"publish","type":"post","link":"https:\/\/www.europesays.com\/fi\/20821\/","title":{"rendered":"KuPSin murskanneen Midtjyllandin p\u00e4\u00e4valmentajalle potkut | Urheilu"},"content":{"rendered":"<p>Kuopion Palloseuran Eurooppa-liigan viimeisell\u00e4 karsintakierroksella voittanut FC Midtjylland on antanut l\u00e4ht\u00f6passit p\u00e4\u00e4valmentajalleen <strong>Thomas Thomasbergille<\/strong>. Seura tiedottaa asiasta <a href=\"https:\/\/www.fcm.dk\/nyheder\/fc-midtjylland-opsiger-samarbejdet-med-cheftraener-thomas-thomasberg\/\" rel=\"nofollow noopener\" target=\"_blank\">verkkosivuillaan<\/a>.<\/p>\n<p>Thomasberg johdatti tanskalaisseuran Eurooppa-liigan liigavaiheeseen ja on voittanut 17 virallista ottelua putkeen. Joukkue on h\u00e4vinnyt viimeksi huhtikuussa.<\/p>\n<p>\u2013\u2009Kyse ei ole tuloksista, seuran puheenjohtaja <strong>Claus Steinlein<\/strong> kommentoi seuran tiedotteessa.<\/p>\n<p>Steinlein jatkaa, ett\u00e4 seura haluaa jatkuvasti ottaa askeleita eteenp\u00e4in, mutta Thomasbergin alaisuudessa n\u00e4hty kehitys ei ole johtanut haluttuun suuntaan. Sen vuoksi seurajohto p\u00e4\u00e4tyi t\u00e4h\u00e4n ratkaisuun.<\/p>\n<p>Thomasberg saapui joukkueen p\u00e4\u00e4valmentajaksi maaliskuussa 2023. H\u00e4nen johdollaan Midtjylland voitti kertaalleen maan mestaruuden sek\u00e4 p\u00e4\u00e4si kahdesti Eurooppa-liigan liigavaiheeseen.<\/p>\n<p>Thomasberg kuuli seuran p\u00e4\u00e4t\u00f6ksest\u00e4 keskiviikkona \u2013 eli p\u00e4iv\u00e4\u00e4 ennen torstaina pelattua KuPS-ottelua.<\/p>\n<p><strong class=\"diks-storyline__impact\">Tanskan<\/strong> kansallisen yleisradioyhti\u00f6 <a href=\"https:\/\/www.dr.dk\/sporten\/fodbold\/superliga\/fc-midtjylland-fyrer-thomasberg-og-ansaetter-dortmund-dansker-erfarer-dr\" rel=\"nofollow noopener\" target=\"_blank\">Danmarks Radion<\/a> kerrotaan, ett\u00e4 Thomasbergin korvaaja olisi tanskalainen <strong>Mike Tullberg<\/strong>, joka toimii t\u00e4ll\u00e4 hetkell\u00e4 saksalaisen Dortmundin alle 23-vuotiaiden joukkueen p\u00e4\u00e4valmentajana.<\/p>\n<p>Tanskalaismedian mukaan Midtjyllandin pelillinen kehitys ei ollut tarpeeksi vakaata. Thomasberg ei my\u00f6sk\u00e4\u00e4n saavuttanut tarpeeksi hyvi\u00e4 tuloksia joukkueen per\u00e4simess\u00e4.<\/p>\n<p>Thomasbergin pesti p\u00e4\u00e4ttyy sunnuntaina Br\u00f6ndby-ottelun j\u00e4lkeen. H\u00e4nen seuraajansa nimet\u00e4\u00e4n tiistaina.<\/p>\n<p>\u2013\u2009Olen iloinen, ett\u00e4 saan viel\u00e4 mahdollisuuden lopettaa ty\u00f6ni kunnolla. T\u00e4m\u00e4 on seuran p\u00e4\u00e4t\u00f6s ja kunnioitan sit\u00e4, valmentaja sanoi seuran tiedotteessa.<\/p>\n<p>\t\t<a class=\"diks-gallery__link\" href=\"https:\/\/i.media.fi\/incoming\/826o7q\/11015488.jpg\/alternates\/FREE_1440\/11015488.jpg\" data-thumbnail=\"\" data-sub-html=\"FC Midtjylland murskasi KuPSin Eurooppa-liigan viimeisell\u00e4 karsintakierroksella. Jussi Pohjavirta\" aria-label=\"Katso isompi kuva\" rel=\"nofollow noopener\" target=\"_blank\"><br \/>\n\t\t\t\t<img class=\"diks-figure__image\" src=\"https:\/\/www.europesays.com\/fi\/wp-content\/uploads\/2025\/08\/1756568529_532_11015488.jpg\" loading=\"lazy\" decoding=\"sync\" alt=\"\"\/><br \/>\n\t\t\t<\/a><br \/>\n\t\t\t\t\tFC Midtjylland murskasi KuPSin Eurooppa-liigan viimeisell\u00e4 karsintakierroksella. Jussi Pohjavirta<\/p>\n<p><strong class=\"diks-storyline__impact\">Midtjylland<\/strong> kukisti KuPSin joukkueiden v\u00e4lisess\u00e4 otteluparissa yhteismaalein 6\u20130. Tanskalaisseura on Tanskan p\u00e4\u00e4sarjassa t\u00e4ll\u00e4 hetkell\u00e4 toisena.<\/p>\n","protected":false},"excerpt":{"rendered":"Kuopion Palloseuran Eurooppa-liigan viimeisell\u00e4 karsintakierroksella voittanut FC Midtjylland on antanut l\u00e4ht\u00f6passit p\u00e4\u00e4valmentajalleen Thomas Thomasbergille. Seura tiedottaa asiasta verkkosivuillaan.&hellip;\n","protected":false},"author":2,"featured_media":20822,"comment_status":"","ping_status":"","sticky":false,"template":"","format":"standard","meta":{"footnotes":""},"categories":[158],"tags":[7213,33,31,30,43,42,1132,3221,4141,41,159,32,160],"class_list":{"0":"post-20821","1":"post","2":"type-post","3":"status-publish","4":"format-standard","5":"has-post-thumbnail","7":"category-urheilu","8":"tag-dortmund","9":"tag-fi","10":"tag-finland","11":"tag-finnish","12":"tag-jalkapallo","13":"tag-jalkapalloon-perustuvat-lajit","14":"tag-kuopio","15":"tag-kuopion-palloseura-kups","16":"tag-kups","17":"tag-liikunta-ja-urheilu","18":"tag-sports","19":"tag-suomi","20":"tag-urheilu"},"share_on_mastodon":{"url":"","error":""},"_links":{"self":[{"href":"https:\/\/www.europesays.com\/fi\/wp-json\/wp\/v2\/posts\/20821","targetHints":{"allow":["GET"]}}],"collection":[{"href":"https:\/\/www.europesays.com\/fi\/wp-json\/wp\/v2\/posts"}],"about":[{"href":"https:\/\/www.europesays.com\/fi\/wp-json\/wp\/v2\/types\/post"}],"author":[{"embeddable":true,"href":"https:\/\/www.europesays.com\/fi\/wp-json\/wp\/v2\/users\/2"}],"replies":[{"embeddable":true,"href":"https:\/\/www.europesays.com\/fi\/wp-json\/wp\/v2\/comments?post=20821"}],"version-history":[{"count":0,"href":"https:\/\/www.europesays.com\/fi\/wp-json\/wp\/v2\/posts\/20821\/revisions"}],"wp:featuredmedia":[{"embeddable":true,"href":"https:\/\/www.europesays.com\/fi\/wp-json\/wp\/v2\/media\/20822"}],"wp:attachment":[{"href":"https:\/\/www.europesays.com\/fi\/wp-json\/wp\/v2\/media?parent=20821"}],"wp:term":[{"taxonomy":"category","embeddable":true,"href":"https:\/\/www.europesays.com\/fi\/wp-json\/wp\/v2\/categories?post=20821"},{"taxonomy":"post_tag","embeddable":true,"href":"https:\/\/www.europesays.com\/fi\/wp-json\/wp\/v2\/tags?post=20821"}],"curies":[{"name":"wp","href":"https:\/\/api.w.org\/{rel}","templated":true}]}}