{"id":20884,"date":"2025-08-30T17:14:08","date_gmt":"2025-08-30T17:14:08","guid":{"rendered":"https:\/\/www.europesays.com\/fi\/20884\/"},"modified":"2025-08-30T17:14:08","modified_gmt":"2025-08-30T17:14:08","slug":"rap-artisti-aaro-teikaria-muisteltiin-kalliossa","status":"publish","type":"post","link":"https:\/\/www.europesays.com\/fi\/20884\/","title":{"rendered":"Rap-artisti Aaro Teikaria muisteltiin Kalliossa"},"content":{"rendered":"<p>HS Kalliossa|Aaro Teikari sai muistelupaikan Pengerpuistoon johtaville portaille Helsingin Kalliossa.<\/p>\n<p>Lue tiivistelm\u00e4<\/p>\n<p>Tiivistelm\u00e4 on teko\u00e4lyn tekem\u00e4 ja ihmisen tarkistama.<\/p>\n<p class=\"article-body margin-bottom-24 padding-x-16 sndp-summary-bullet-point-font\">Ex Tuuttiz -artistinime\u00e4 k\u00e4ytt\u00e4neen Aaro Teikarin muistoksi tuotiin kynttil\u00f6it\u00e4 ja Pepsi Maxia Helsingin Kallion Pengerpuistoon.<\/p>\n<p class=\"article-body margin-bottom-24 padding-x-16 sndp-summary-bullet-point-font\">Yst\u00e4v\u00e4t muistelevat Teikaria viisaana, sanavalmina ja viihdytt\u00e4v\u00e4n\u00e4 artistina, jolle musiikki oli aina etusijalla.<\/p>\n<p class=\"article-body margin-bottom-24 padding-x-16 sndp-summary-bullet-point-font\">Teikari nosti tuotannossaan esille musiikkialan mielenterveys- ja p\u00e4ihdeongelmia sek\u00e4 alan ep\u00e4varmuutta.<\/p>\n<p class=\"article-body margin-bottom-24 padding-x-16\">Kalliossa Pengerpuistoon johtavien portaiden kivimuurille on tuotu kynttil\u00f6it\u00e4, Pepsi Maxia ja tupakoita. Ne on tuotu sinne <a class=\"article-personlink\" href=\"https:\/\/www.hs.fi\/haku\/?query=Tuuttim%C3%B6rk%C3%B6\" rel=\"nofollow noopener\" target=\"_blank\">Tuuttim\u00f6rk\u00f6<\/a>&#8211; ja <a class=\"article-personlink\" href=\"https:\/\/www.hs.fi\/haku\/?query=Ex%20Tuuttiz\" rel=\"nofollow noopener\" target=\"_blank\">Ex Tuuttiz<\/a> -nimill\u00e4 musiikkia tehneen <a class=\"article-personlink\" href=\"https:\/\/www.hs.fi\/haku\/?query=Aaro%20Teikarin\" rel=\"nofollow noopener\" target=\"_blank\">Aaro Teikarin<\/a> muistoksi.<\/p>\n<p class=\"article-body margin-bottom-24 padding-x-16\">Arvostetun kotimaisen rap-artistin kuolemasta <a class=\"article-genericlink\" href=\"https:\/\/www.hs.fi\/kulttuuri\/art-2000011461689.html\" rel=\"nofollow noopener\" target=\"_blank\">uutisoitiin<\/a> perjantaina.<\/p>\n<p class=\"article-body margin-bottom-24 padding-x-16\">Lauantaina iltap\u00e4iv\u00e4ll\u00e4 s\u00e4\u00e4 on harmaa ja tihkusateinen. Kynttil\u00f6iden edustalla jutustelee kaksi miest\u00e4.<\/p>\n<p class=\"article-body margin-bottom-24 padding-x-16\">Toinen heist\u00e4, \u00e4\u00e4nitaiteilija <a class=\"article-personlink\" href=\"https:\/\/www.hs.fi\/haku\/?query=Viktor%20Toikkanen\" rel=\"nofollow noopener\" target=\"_blank\">Viktor Toikkanen<\/a> tutustui Teikariin jo nuorena yhteisen yst\u00e4v\u00e4n kautta. Toikkanen on tuonut kivimuurille minigrip-pussin, jonka sis\u00e4ll\u00e4 on valokuva vanhasta syntetisaattorista ja hedelm\u00e4karkkeja. Pussissa lukee Aaro.<\/p>\n<p class=\"article-body margin-bottom-24 padding-x-16\">Toinen miehist\u00e4 on tuottaja <a class=\"article-personlink\" href=\"https:\/\/www.hs.fi\/haku\/?query=Antti%20Raassina\" rel=\"nofollow noopener\" target=\"_blank\">Antti Raassina<\/a>. H\u00e4nen <a class=\"article-personlink\" href=\"https:\/\/www.hs.fi\/haku\/?query=DJ%20Polarsoul\" rel=\"nofollow noopener\" target=\"_blank\">DJ Polarsoul<\/a> -artistinimell\u00e4 tuottamassaan Taivas-kappaleessa Teikari r\u00e4pp\u00e4\u00e4 siit\u00e4, millainen h\u00e4nen taivaansa olisi.<\/p>\n<p class=\"article-body margin-bottom-24 padding-x-16\">\u201dTuuttiksen taivas on erikotoinen, siell\u00e4 on Rolandin Juno 6 \/ 106, 60 sek\u00e4 tietysti Jupiter 8 ja 6 \/ Siel on 808, 606, 909, 101 ja JX8P \/ Digitaalij\u00e4b\u00e4t ei saa hengaa mun kaa, mun taivaas on Oberheim OB-Xa.\u201d<\/p>\n<p class=\"article-body margin-bottom-24 padding-x-16\">Ja niin edelleen.<\/p>\n<p class=\"article-body margin-bottom-24 padding-x-16\">\u201dEli siis pelkki\u00e4 syntikoita\u201d, Toikkanen sanoo.<\/p>\n<p><img decoding=\"async\" src=\"https:\/\/www.europesays.com\/fi\/wp-content\/uploads\/2025\/08\/1756574048_162_468.jpg\" alt=\"Viktor Toikkanen ja Antti Raassina tulivat muistelemaan Aaro Teikaria. Artistitoverin kuolema tuli kaksikolle yll\u00e4tyksen\u00e4.\" class=\"_Img_tdqg8_1\" style=\"aspect-ratio:1.3333333333333333\" loading=\"eager\"\/><\/p>\n<p class=\"article-picture-caption\">Viktor Toikkanen ja Antti Raassina tulivat muistelemaan Aaro Teikaria. Artistitoverin kuolema tuli kaksikolle yll\u00e4tyksen\u00e4. Kuva:\u00a0Sallamaari Niittym\u00e4ki \/ HS<\/p>\n<p class=\"article-body margin-bottom-24 padding-x-16\">Vanhojen syntikoiden lis\u00e4ksi Teikari piti my\u00f6s Pepsi Maxista.<\/p>\n<p class=\"article-body margin-bottom-24 padding-x-16\">\u201dAina oli Pepsi Max ja r\u00f6\u00f6ki k\u00e4dess\u00e4, ehk\u00e4 se tupakka j\u00e4i sitten v\u00e4hemm\u00e4lle jossain vaiheessa\u201d, Toikkanen muistelee.<\/p>\n<p class=\"article-body margin-bottom-24 padding-x-16\">Edesmennyt rap-artisti on tehnyt lempituotteistaan my\u00f6s kappaleen nimelt\u00e4 Savuke + kola (2016).<\/p>\n<p class=\"article-body margin-bottom-24 padding-x-16\">Yksi kivimuurilla oleva Pepsi Max -pullo on puolillaan.<\/p>\n<p class=\"article-body margin-bottom-24 padding-x-16\">\u201dSe symboloi hyvin sit\u00e4, ett\u00e4 miten kesken kaikki j\u00e4i\u201d, Raassina toteaa.<\/p>\n<p class=\"article-body margin-bottom-24 padding-x-16\">H\u00e4n tunsi Teikarin musiikkipiireist\u00e4 jo 15 vuoden takaa. Vasta viime vuosina Raassina p\u00e4\u00e4si vasta paremmin tutustumaan Teikariin ihmisen\u00e4, ei vain artistina.<\/p>\n<p class=\"article-body margin-bottom-24 padding-x-16\">H\u00e4n tapasi Teikarin viimeist\u00e4 kertaa alkuvuodesta ollessaan keikalla Asa B\u00e4\u00e4nd II -kokoonpanon kanssa Vantaalla.<\/p>\n<p class=\"article-body margin-bottom-24 padding-x-16\">\u201dJuteltiin b\u00e4kk\u00e4rill\u00e4 varmaan yli tunnin. H\u00e4n kertoili tuttuun tapaansa niin vakavia, mutta my\u00f6s hauskoja juttuja.\u201d<\/p>\n<p><img decoding=\"async\" src=\"https:\/\/www.europesays.com\/fi\/wp-content\/uploads\/2025\/08\/1756574048_818_468.jpg\" alt=\"Tuuttim\u00f6rk\u00f6 ja Ex Tuuttiz -nimill\u00e4 musiikkia tehnyt rap-artisti Aaro Teikari tunnettiin siit\u00e4, ett\u00e4 h\u00e4n poltti tupakkaa ja joi usein Pepsi Maxia.\" class=\"_Img_tdqg8_1\" style=\"aspect-ratio:0.6666666666666666\" loading=\"eager\"\/><\/p>\n<p class=\"article-picture-caption\">Tuuttim\u00f6rk\u00f6 ja Ex Tuuttiz -nimill\u00e4 musiikkia tehnyt rap-artisti Aaro Teikari tunnettiin siit\u00e4, ett\u00e4 h\u00e4n poltti tupakkaa ja joi usein Pepsi Maxia. Kuva:\u00a0Sami Kero \/ HS<\/p>\n<p class=\"article-body margin-bottom-24 padding-x-16\">Artistitoverin kuolema tuli kaksikolle yll\u00e4tyksen\u00e4.<\/p>\n<p class=\"article-body margin-bottom-24 padding-x-16\">Toikkanen ja Raassina kuvailevat Suomen rap-skenen menett\u00e4neen viisaan, sanavalmiin mutta samalla viihdytt\u00e4v\u00e4n artistin. Teikarille musiikki oli aina etusijalla.<\/p>\n<p class=\"article-body margin-bottom-24 padding-x-16\">\u201dEi ole toista samanlaista\u201d, Raassina sanoo.<\/p>\n<p class=\"article-body margin-bottom-24 padding-x-16\">Ihmisen\u00e4 kaksikko kuvailee Teikarin olleen hauska, empaattinen, rohkeasti erilainen ja sellainen, joka oli aina valmis \u201djauhamaan paskaa\u201d.<\/p>\n<p class=\"article-body margin-bottom-24 padding-x-16\">Toikkanen kertookin, ett\u00e4 noin kuukausi sitten h\u00e4n istui Teikarin kanssa tuntitolkulla Kompassitorilla jutustelemassa ja sy\u00f6m\u00e4ss\u00e4 irtokarkkeja.<\/p>\n<p class=\"article-body margin-bottom-24 padding-x-16\">Niin sosiaalisessa mediassa kuin uudessa tuotannossaan Teikari nosti esille etenkin viime aikoina vertaistuellisesti mielenterveys- ja p\u00e4ihdeongelmia, ja kertoi musiikkialan luomasta ep\u00e4varmuudesta.<\/p>\n<p class=\"article-body margin-bottom-24 padding-x-16\">Se on kaksikon mielest\u00e4 arvostettavaa.<\/p>\n<p class=\"article-body margin-bottom-24 padding-x-16\">\u201dMusiikkipiirien ja t\u00e4m\u00e4n skenen sis\u00e4lt\u00e4mist\u00e4 mielenterveys- ja p\u00e4ihdeongelmista puhutaan avoimesti liian v\u00e4h\u00e4n. Aaron teksteist\u00e4 voi rivien v\u00e4list\u00e4 lukea sen, ett\u00e4 jossain vaiheessa ne bileet loppuvat\u201d, Toikkanen sanoo.<\/p>\n<p class=\"article-body margin-bottom-24 padding-x-16\">Juttutuokion aikana kaksi nuorta miest\u00e4 on tullut muistamaan edesmennytt\u00e4 Teikaria.<\/p>\n<p class=\"article-body margin-bottom-24 padding-x-16\">Toinen heist\u00e4 sytytt\u00e4\u00e4 kynttil\u00e4n. Toisella on mukanaan kolat\u00f6lkki, josta h\u00e4n kaataa puolet pois. Sen j\u00e4lkeen h\u00e4n asettaa sen kivimuurille.<\/p>\n","protected":false},"excerpt":{"rendered":"HS Kalliossa|Aaro Teikari sai muistelupaikan Pengerpuistoon johtaville portaille Helsingin Kalliossa. Lue tiivistelm\u00e4 Tiivistelm\u00e4 on teko\u00e4lyn tekem\u00e4 ja ihmisen&hellip;\n","protected":false},"author":2,"featured_media":20885,"comment_status":"","ping_status":"","sticky":false,"template":"","format":"standard","meta":{"footnotes":""},"categories":[132],"tags":[137,33,31,30,46,195,47,32,109],"class_list":{"0":"post-20884","1":"post","2":"type-post","3":"status-publish","4":"format-standard","5":"has-post-thumbnail","7":"category-musiikki","8":"tag-entertainment","9":"tag-fi","10":"tag-finland","11":"tag-finnish","12":"tag-helsingin-sanomat","13":"tag-music","14":"tag-musiikki","15":"tag-suomi","16":"tag-viihde"},"share_on_mastodon":{"url":"","error":""},"_links":{"self":[{"href":"https:\/\/www.europesays.com\/fi\/wp-json\/wp\/v2\/posts\/20884","targetHints":{"allow":["GET"]}}],"collection":[{"href":"https:\/\/www.europesays.com\/fi\/wp-json\/wp\/v2\/posts"}],"about":[{"href":"https:\/\/www.europesays.com\/fi\/wp-json\/wp\/v2\/types\/post"}],"author":[{"embeddable":true,"href":"https:\/\/www.europesays.com\/fi\/wp-json\/wp\/v2\/users\/2"}],"replies":[{"embeddable":true,"href":"https:\/\/www.europesays.com\/fi\/wp-json\/wp\/v2\/comments?post=20884"}],"version-history":[{"count":0,"href":"https:\/\/www.europesays.com\/fi\/wp-json\/wp\/v2\/posts\/20884\/revisions"}],"wp:featuredmedia":[{"embeddable":true,"href":"https:\/\/www.europesays.com\/fi\/wp-json\/wp\/v2\/media\/20885"}],"wp:attachment":[{"href":"https:\/\/www.europesays.com\/fi\/wp-json\/wp\/v2\/media?parent=20884"}],"wp:term":[{"taxonomy":"category","embeddable":true,"href":"https:\/\/www.europesays.com\/fi\/wp-json\/wp\/v2\/categories?post=20884"},{"taxonomy":"post_tag","embeddable":true,"href":"https:\/\/www.europesays.com\/fi\/wp-json\/wp\/v2\/tags?post=20884"}],"curies":[{"name":"wp","href":"https:\/\/api.w.org\/{rel}","templated":true}]}}