{"id":209046,"date":"2026-03-31T17:15:08","date_gmt":"2026-03-31T17:15:08","guid":{"rendered":"https:\/\/www.europesays.com\/fi\/209046\/"},"modified":"2026-03-31T17:15:08","modified_gmt":"2026-03-31T17:15:08","slug":"biojatteen-kierratys-on-lisaantynyt-silti-jateyhtioille-ilmoitetaan-myos-tyhjista-jateastioista-kanta-hame","status":"publish","type":"post","link":"https:\/\/www.europesays.com\/fi\/209046\/","title":{"rendered":"Bioj\u00e4tteen kierr\u00e4tys on lis\u00e4\u00e4ntynyt, silti j\u00e4teyhti\u00f6ille ilmoitetaan my\u00f6s tyhjist\u00e4 j\u00e4teastioista | Kanta-H\u00e4me"},"content":{"rendered":"<p class=\"aw-1gybjub aw-5vja16 kEtdKx kmuxyA yle__article__paragraph\">Ensi vuonna bioj\u00e4tteest\u00e4 pit\u00e4isi kierr\u00e4tt\u00e4\u00e4 v\u00e4hint\u00e4\u00e4n 65 prosenttia.<\/p>\n<p><img decoding=\"async\" alt=\"Kolme ihmist\u00e4 kuvakollaasissa. Mies keskell\u00e4, naiset laidoilla, kaikki kuvattu ulkona.\" src=\"https:\/\/www.europesays.com\/fi\/wp-content\/uploads\/2026\/03\/39-162007269ca72bc79485.jpeg\" class=\"aw-1l9m598 hKVVvP\"\/><\/p>\n<p>Avaa kuvien katselu<\/p>\n<p>P\u00e4ivi Hakoma Janakkalasta, Juho Torttila Hyvink\u00e4\u00e4lt\u00e4 ja Heli Lindblom Janakkalasta kierr\u00e4tt\u00e4v\u00e4t bioj\u00e4tteens\u00e4. Hakoman ja Lindblomin bioj\u00e4te p\u00e4\u00e4tyy ker\u00e4ysastiaan. Torttilan perheess\u00e4 kompostoidaan.<\/p>\n<ul class=\"aw-1jjocuh iJTSwP yle__article__list yle__article__list--ul\">\n<li class=\"aw-1j7gwms gNYKfi\">J\u00e4teyhti\u00f6 Kiertokapulan ker\u00e4\u00e4mist\u00e4 bioj\u00e4teastioista noin viisi prosenttia on tyhji\u00e4, vaikka niist\u00e4 perit\u00e4\u00e4n tyhjennysmaksu.<\/li>\n<li class=\"aw-1j7gwms gNYKfi\">Tyhjien astioiden m\u00e4\u00e4r\u00e4 on kasvanut bioj\u00e4tteen erillisker\u00e4yksen laajennuttua. Tarkkaa syyt\u00e4 t\u00e4h\u00e4n ei ole tiedossa.<\/li>\n<li class=\"aw-1j7gwms gNYKfi\">Vaikka bioj\u00e4tett\u00e4 kierr\u00e4tet\u00e4\u00e4n aiempaa enemm\u00e4n, l\u00e4hes 30 prosenttia sekaj\u00e4tteest\u00e4 on yh\u00e4 bioj\u00e4tett\u00e4.<\/li>\n<li class=\"aw-1j7gwms gNYKfi\">Bioj\u00e4tteen erillisker\u00e4yst\u00e4 laajennettiin vuonna 2024<\/li>\n<\/ul>\n<p class=\"aw-1gybjub aw-1p7kakr kEtdKx cEmitX yle__article__paragraph\">Bioj\u00e4tteen kierr\u00e4tys on lis\u00e4\u00e4ntynyt, mutta silti osa ker\u00e4ysastioista j\u00e4\u00e4 tyhj\u00e4ksi. T\u00e4m\u00e4n ovat huomanneet j\u00e4teauton kuljettajat ja j\u00e4teyhti\u00f6t, jotka laskuttavat my\u00f6s tyhj\u00e4st\u00e4 astiasta.<\/p>\n<p class=\"aw-1gybjub aw-1p7kakr kEtdKx cEmitX yle__article__paragraph\">Tyhj\u00e4 bioj\u00e4teastia tarkoittaa j\u00e4teautonkuljettajalle turhaa ty\u00f6t\u00e4.<\/p>\n<p class=\"aw-1gybjub aw-1p7kakr kEtdKx cEmitX yle__article__paragraph\">\u2013 Tyhjennysm\u00e4\u00e4riin suhteutettuna noin viisi prosenttia astioista tulee astia tyhj\u00e4 -kuittauksella, kertoo Kiertokapulan logistiikkajohtaja <strong class=\"aw-ak79eh KyCXm yle__article__strong\">Ville Hokkanen<\/strong>.<\/p>\n<p class=\"aw-1gybjub aw-1p7kakr kEtdKx cEmitX yle__article__paragraph\">Ennen kuin bioj\u00e4tteen erillisker\u00e4yst\u00e4 laajennettiin vuonna 2024, tyhjien astioiden m\u00e4\u00e4r\u00e4 Kiertokapulassa oli yhdest\u00e4 kahteen prosenttia.<\/p>\n<p class=\"aw-1gybjub aw-1p7kakr kEtdKx cEmitX yle__article__paragraph\">Bioj\u00e4tteen kierr\u00e4tystavoite ei viel\u00e4 toteudu. Ensi vuonna sen pit\u00e4isi olla jo v\u00e4hint\u00e4\u00e4n 65 prosenttia.<\/p>\n<p>Syit\u00e4 tyhjille bioj\u00e4teastioille<\/p>\n<p class=\"aw-1gybjub aw-1p7kakr kEtdKx cEmitX yle__article__paragraph\">Hokkanen ei tied\u00e4 tarkkaan, miksi astioita j\u00e4\u00e4 tyhjiksi.<\/p>\n<p class=\"aw-1gybjub aw-1p7kakr kEtdKx cEmitX yle__article__paragraph\">Syyn\u00e4 voi olla se, ettei kiinteist\u00f6ll\u00e4 ole otettu k\u00e4ytt\u00f6\u00f6n bioj\u00e4tteen erillisker\u00e4ysastiaa, keitti\u00f6ss\u00e4 ei ole erillist\u00e4 astiaa syntyv\u00e4lle j\u00e4tteelle tai bioj\u00e4te laitetaan vanhasta tottumuksesta sekaj\u00e4tteeseen.<\/p>\n<p class=\"aw-1gybjub aw-1p7kakr kEtdKx cEmitX yle__article__paragraph\">Kiertokapulan toimialueella Kanta-H\u00e4meess\u00e4, Etel\u00e4-Pirkanmaalla ja Keski-Uudellamaalla bioj\u00e4tteen erillisker\u00e4yksen laajentuminen koski reilua 53\u00a0000 pienkiinteist\u00f6\u00e4.<\/p>\n<p class=\"aw-1gybjub aw-1p7kakr kEtdKx cEmitX yle__article__paragraph\">Asiakas sai p\u00e4\u00e4tt\u00e4\u00e4 ottaako ker\u00e4ysastian vai kompostoiko bioj\u00e4tteen omalla kiinteist\u00f6ll\u00e4\u00e4n. My\u00f6s bioastia- tai kompostikimppa t\u00e4ytt\u00e4v\u00e4t j\u00e4telain velvoitteen.<\/p>\n<p class=\"aw-1gybjub aw-1p7kakr kEtdKx cEmitX yle__article__paragraph\">Noin 54 prosenttia kiinteist\u00f6ist\u00e4 valitsi astiaker\u00e4yksen.<\/p>\n<p class=\"aw-1gybjub aw-1p7kakr kEtdKx cEmitX yle__article__paragraph\">Janakkalassa, Napialan vanhalla koululla asuvat sisarukset <strong class=\"aw-ak79eh KyCXm yle__article__strong\">P\u00e4ivi Hakoma<\/strong> ja <strong class=\"aw-ak79eh KyCXm yle__article__strong\">Heli Lindblom<\/strong> ovat valinneet j\u00e4tehuoltoyhti\u00f6n j\u00e4teastian. Koulun kolmesta asunnosta koostuvan yhti\u00f6n ei olisi pakko osallistua erillisker\u00e4ykseen, mutta asukkaat haluavat kierr\u00e4tt\u00e4\u00e4.<\/p>\n<p class=\"aw-1gybjub aw-1p7kakr kEtdKx cEmitX yle__article__paragraph\"><strong class=\"aw-ak79eh KyCXm yle__article__strong\">Hakoman ja Lindblomin mielest\u00e4 bioj\u00e4tteen kierr\u00e4tt\u00e4minen on helppoa:<\/strong><\/p>\n<p>Video: Tiina Kokko \/ Yle<\/p>\n<p class=\"aw-1gybjub aw-1p7kakr kEtdKx cEmitX yle__article__paragraph\">Vuonna 2024 Kiertokapulan toimialueella ker\u00e4ttiin noin 10\u00a0000 tonnia erillisker\u00e4tty\u00e4 bioj\u00e4tett\u00e4. Seuraavana vuonna luku nousi 12\u00a0000 tonniin.<\/p>\n<p class=\"aw-1gybjub aw-1p7kakr kEtdKx cEmitX yle__article__paragraph\">Ville Hokkasen mukaan vuosien vertailu on vaikeaa, koska bioj\u00e4tteen ker\u00e4ys laajeni vuonna 2024 vaiheittain.<\/p>\n<p class=\"aw-1gybjub aw-1p7kakr kEtdKx cEmitX yle__article__paragraph\">Hokkasen mukaan korkeintaan muutama sata asiakasta j\u00e4tti tekem\u00e4tt\u00e4 ilmoituksen kompostoinnista tai astiaker\u00e4ykseen siirtymisest\u00e4.<\/p>\n<p class=\"aw-1gybjub aw-1p7kakr kEtdKx cEmitX yle__article__paragraph\">\u2013 Osa asiakkaista oli sellaisia, joiden ei kuuluisikaan olla erillisker\u00e4yksess\u00e4 mukana. En\u00e4\u00e4 vain hyvin pieni osa kiinteist\u00f6ist\u00e4 ei ole mukana ker\u00e4yksess\u00e4.<\/p>\n<p class=\"aw-1gybjub aw-1p7kakr kEtdKx cEmitX yle__article__paragraph\">Jos j\u00e4tehuoltoyhti\u00f6 ei saanut asiakkaalta vastausta ker\u00e4ystavasta kyselyist\u00e4 huolimatta, toimitti yhti\u00f6 silti kiinteist\u00f6lle tuulettuvan bioj\u00e4teastian, jotta velvoite t\u00e4yttyisi.<\/p>\n<p class=\"aw-1gybjub aw-1p7kakr kEtdKx cEmitX yle__article__paragraph\">Hyvink\u00e4\u00e4l\u00e4inen <strong class=\"aw-ak79eh KyCXm yle__article__strong\">Juho Torttila<\/strong> on valinnut bioj\u00e4tteen kierr\u00e4tykseen kompostorin.<\/p>\n<p class=\"aw-1gybjub aw-1p7kakr kEtdKx cEmitX yle__article__paragraph\"><strong class=\"aw-ak79eh KyCXm yle__article__strong\">Videolla Torttila kertoo, miksi perhe haluaa kompostoida sek\u00e4 keitti\u00f6ss\u00e4 ett\u00e4 puutarhassa syntyv\u00e4n bioj\u00e4tteen:<\/strong><\/p>\n<p>Video: Tiina Kokko \/ YleKierr\u00e4tystavoite kiristyy<\/p>\n<p class=\"aw-1gybjub aw-1p7kakr kEtdKx cEmitX yle__article__paragraph\">Suomalaiset kierr\u00e4tt\u00e4v\u00e4t bioj\u00e4tett\u00e4 aiempaa enemm\u00e4n, mutta tavoite ei viel\u00e4 t\u00e4yty.<\/p>\n<p class=\"aw-1gybjub aw-1p7kakr kEtdKx cEmitX yle__article__paragraph\">Suomen ymp\u00e4rist\u00f6keskuksen mukaan vuonna 2024 bioj\u00e4tteen kierr\u00e4tysaste nousi 55 prosenttiin. Ensi vuonna luvun pit\u00e4isi olla jo valtakunnallisen kierr\u00e4tystavoitteen mukaan v\u00e4hint\u00e4\u00e4n 65 prosenttia.<\/p>\n<p class=\"aw-1gybjub aw-1p7kakr kEtdKx cEmitX yle__article__paragraph\">Erillisker\u00e4tty\u00e4 bioj\u00e4tett\u00e4 kertyi koko maassa vuonna 2024 noin 460\u00a0000 tonnia, josta p\u00e4\u00e4osa p\u00e4\u00e4tyy kompostointiin ja m\u00e4d\u00e4tykseen.<\/p>\n<p class=\"aw-1gybjub aw-1p7kakr kEtdKx cEmitX yle__article__paragraph\">Bioj\u00e4tett\u00e4 p\u00e4\u00e4tyy edelleen my\u00f6s paljon sekaj\u00e4tteen joukkoon.<\/p>\n<p class=\"aw-1gybjub aw-1p7kakr kEtdKx cEmitX yle__article__paragraph\">J\u00e4telain tavoitteena on nostaa kierr\u00e4tysastetta, sanoo Kiertokapulan logistiikkajohtaja ja kannustaa kaikkia velvoitealueen pienkiinteist\u00f6jen asiakkaita tarttumaan haasteeseen.<\/p>\n","protected":false},"excerpt":{"rendered":"Ensi vuonna bioj\u00e4tteest\u00e4 pit\u00e4isi kierr\u00e4tt\u00e4\u00e4 v\u00e4hint\u00e4\u00e4n 65 prosenttia. Avaa kuvien katselu P\u00e4ivi Hakoma Janakkalasta, Juho Torttila Hyvink\u00e4\u00e4lt\u00e4 ja&hellip;\n","protected":false},"author":2,"featured_media":209047,"comment_status":"","ping_status":"","sticky":false,"template":"","format":"standard","meta":{"footnotes":"","_share_on_mastodon":"0"},"categories":[113],"tags":[9643,446,33,31,30,5201,3889,1477,1794,8087,13393,118,32,119,1168,447],"class_list":["post-209046","post","type-post","status-publish","format-standard","has-post-thumbnail","category-ymparisto","tag-biojatteet","tag-environment","tag-fi","tag-finland","tag-finnish","tag-hyvinkaa","tag-janakkala","tag-jatehuolto","tag-kanta-hame","tag-kierratys","tag-kompostointi","tag-science","tag-suomi","tag-tiede","tag-uusimaa","tag-ymparisto"],"share_on_mastodon":{"url":"https:\/\/pubeurope.com\/@fi\/116324920788866590","error":""},"_links":{"self":[{"href":"https:\/\/www.europesays.com\/fi\/wp-json\/wp\/v2\/posts\/209046","targetHints":{"allow":["GET"]}}],"collection":[{"href":"https:\/\/www.europesays.com\/fi\/wp-json\/wp\/v2\/posts"}],"about":[{"href":"https:\/\/www.europesays.com\/fi\/wp-json\/wp\/v2\/types\/post"}],"author":[{"embeddable":true,"href":"https:\/\/www.europesays.com\/fi\/wp-json\/wp\/v2\/users\/2"}],"replies":[{"embeddable":true,"href":"https:\/\/www.europesays.com\/fi\/wp-json\/wp\/v2\/comments?post=209046"}],"version-history":[{"count":0,"href":"https:\/\/www.europesays.com\/fi\/wp-json\/wp\/v2\/posts\/209046\/revisions"}],"wp:featuredmedia":[{"embeddable":true,"href":"https:\/\/www.europesays.com\/fi\/wp-json\/wp\/v2\/media\/209047"}],"wp:attachment":[{"href":"https:\/\/www.europesays.com\/fi\/wp-json\/wp\/v2\/media?parent=209046"}],"wp:term":[{"taxonomy":"category","embeddable":true,"href":"https:\/\/www.europesays.com\/fi\/wp-json\/wp\/v2\/categories?post=209046"},{"taxonomy":"post_tag","embeddable":true,"href":"https:\/\/www.europesays.com\/fi\/wp-json\/wp\/v2\/tags?post=209046"}],"curies":[{"name":"wp","href":"https:\/\/api.w.org\/{rel}","templated":true}]}}