{"id":209149,"date":"2026-03-31T19:32:09","date_gmt":"2026-03-31T19:32:09","guid":{"rendered":"https:\/\/www.europesays.com\/fi\/209149\/"},"modified":"2026-03-31T19:32:09","modified_gmt":"2026-03-31T19:32:09","slug":"shirly-karvinen-paljastaa-uuden-kotinsa-ja-yllattavan-ongelman","status":"publish","type":"post","link":"https:\/\/www.europesays.com\/fi\/209149\/","title":{"rendered":"Shirly Karvinen paljastaa uuden kotinsa ja yll\u00e4tt\u00e4v\u00e4n ongelman"},"content":{"rendered":"<p>\n            20241030, Helsinki. Bachelor juontaja Shirly Karvinen.<br \/>\n            Timo Korhonen\n        <\/p>\n<p class=\"subtitle \">Juontaja Shirly Karvinen on muuttanut. H\u00e4n julkaisi Instagramissaan videon, jossa n\u00e4kyy uuttakin kotia.<\/p>\n<p class=\"article-content article-content-width !bg-background\"> on juontanut vuosien ajan muun muassa Bachelor Suomi -ohjelmaa \u2013 niin tulevallakin kaudella. Siin\u00e4, miss\u00e4 Shirlyn ty\u00f6kuviot ovat pysyneet samanlaisina, h\u00e4n on yksityisel\u00e4m\u00e4ss\u00e4\u00e4n uuden edess\u00e4.<\/p>\n<p class=\"article-content article-content-width !bg-background\">H\u00e4n on nimitt\u00e4in muuttanut uuteen kotiin.<\/p>\n<p class=\"article-content article-content-width !bg-background\">Kerrostaloel\u00e4m\u00e4 Helsingin keskustan sykkeess\u00e4 sai j\u00e4\u00e4d\u00e4 taa, kun t\u00e4htijuontaja otti ja pakkasi tavaransa, ja l\u00e4hti el\u00e4m\u00e4\u00e4n uudenlaista arkea omakotitaloasujana.<\/p>\n<p class=\"article-content article-content-width !bg-background\">Muuton my\u00f6t\u00e4 on kuitenkin tullut ilmi yll\u00e4tt\u00e4v\u00e4 ongelma, Shirly paljastaa tiistaina (31.3.) julkaisemassaan Instagram-tarinassaan.<\/p>\n<p>Ongelmallinen omaisuus<\/p>\n<p class=\"article-content article-content-width !bg-background\">Shirly julkaisi tarinassaan kuvan sohvastaan. Kuvan yhteyteen h\u00e4n on kirjoittanut tekstin, jossa h\u00e4n kertoo yll\u00e4tt\u00e4v\u00e4st\u00e4 ongelmasta:<\/p>\n<p class=\"article-content article-content-width !bg-background\">\u2013 Kaikki kalusteeni n\u00e4ytt\u00e4v\u00e4t uudessa kodissa minikalusteilta, joten moni juttu menee uusiksi.\u00a0<\/p>\n<p class=\"article-content article-content-width !bg-background\">Onneksi on joku muu, joka hoitaa sisustuksen, h\u00e4n toteaa.<\/p>\n<p class=\"article-content article-content-width !bg-background\">\u2013 Tehd\u00e4\u00e4n pient\u00e4 remonttia my\u00f6s. Olen innoissani, Shirly p\u00e4\u00e4tt\u00e4\u00e4.<\/p>\n<p>T\u00e4llainen on uusi koti<\/p>\n<p class=\"article-content article-content-width !bg-background\">Suosikkijuontaja julkaisi my\u00f6s <a href=\"https:\/\/www.instagram.com\/shirlykarvinen\/\" aria-label=\"Shirlyn Instagram\" target=\"_blank\" rel=\"nofollow noopener\">Instagram-tilill\u00e4\u00e4n<\/a> videon muuttop\u00e4iv\u00e4st\u00e4\u00e4n.\u00a0<\/p>\n<p class=\"article-content article-content-width !bg-background\">Videolla selvi\u00e4\u00e4 pieni\u00e4 yksityiskohtia uudesta kodista.<\/p>\n<p class=\"article-content article-content-width !bg-background\">Esimerkiksi se, ett\u00e4 uusi koti on musta omakotitalo, jossa on t\u00e4ll\u00e4 hetkell\u00e4 puunv\u00e4riset lattiat ja musta keitti\u00f6. Olohuoneesta l\u00f6ytyy my\u00f6s takka.<\/p>\n<p>Draaman keski\u00f6ss\u00e4<\/p>\n<p class=\"article-content article-content-width !bg-background\">Shirly on noussut viime viikkoina tahtomattaan otsikoihin suhdekiemuroidensa tiimoilta, kun h\u00e4nen ex-puolisonsa julkaisi taidetta.<\/p>\n<p class=\"article-content article-content-width !bg-background\">Juontaja piti aiemmin nelisen vuotta yht\u00e4 laulaja kanssa. Sanni julkaisi vajaat pari viikkoa sitten Sin\u00e4 ja se poitsu -nimisen erobiisin.<\/p>\n<p>                <img decoding=\"async\" src=\"https:\/\/www.europesays.com\/fi\/wp-content\/uploads\/2026\/03\/2117851.webp.jpeg\" width=\"576\" height=\"509\" title=\"Ahti istuskeli muina miehin\u00e4 Poitsu-paidassaan.\" alt=\"Ahdin paidan selk\u00e4mys. Siin\u00e4 lukee Poitsu\" loading=\"lazy\" \/>            <\/p>\n<p>\n            Ahti istuskeli muina miehin\u00e4 Poitsu-paidassaan.<br \/>\n            Lukijan kuva \/ Seiska\n        <\/p>\n<p class=\"article-content article-content-width !bg-background\">Shirlya on puolestaan jo pidemp\u00e4\u00e4n bongailtu sielt\u00e4 sun t\u00e4\u00e4lt\u00e4 r\u00e4pp\u00e4ri , eli  kanssa. Ahti julkaisi hetki sitten uuden biisin, joka kantaa nime\u00e4 Poitsu.<\/p>\n<p class=\"article-content article-content-width !bg-background\">Seiskan toimitukselle on tullut suhdedraaman innoittamana useita kuvia, joissa Ahti on ikuistettu Poitsu -paita yll\u00e4\u00e4n.<\/p>\n<p><script async src=\"\/\/www.instagram.com\/embed.js\"><\/script><\/p>\n","protected":false},"excerpt":{"rendered":"20241030, Helsinki. Bachelor juontaja Shirly Karvinen. Timo Korhonen Juontaja Shirly Karvinen on muuttanut. H\u00e4n julkaisi Instagramissaan videon, jossa&hellip;\n","protected":false},"author":2,"featured_media":209150,"comment_status":"","ping_status":"","sticky":false,"template":"","format":"standard","meta":{"footnotes":"","_share_on_mastodon":"0"},"categories":[136],"tags":[8139,407,137,33,31,30,408,3255,5458,5457,32,109],"class_list":["post-209149","post","type-post","status-publish","format-standard","has-post-thumbnail","category-julkkikset","tag-ahti-peltonen","tag-celebrities","tag-entertainment","tag-fi","tag-finland","tag-finnish","tag-julkkikset","tag-muutto","tag-sanni","tag-shirly-karvinen","tag-suomi","tag-viihde"],"share_on_mastodon":{"url":"https:\/\/pubeurope.com\/@fi\/116325459299090141","error":""},"_links":{"self":[{"href":"https:\/\/www.europesays.com\/fi\/wp-json\/wp\/v2\/posts\/209149","targetHints":{"allow":["GET"]}}],"collection":[{"href":"https:\/\/www.europesays.com\/fi\/wp-json\/wp\/v2\/posts"}],"about":[{"href":"https:\/\/www.europesays.com\/fi\/wp-json\/wp\/v2\/types\/post"}],"author":[{"embeddable":true,"href":"https:\/\/www.europesays.com\/fi\/wp-json\/wp\/v2\/users\/2"}],"replies":[{"embeddable":true,"href":"https:\/\/www.europesays.com\/fi\/wp-json\/wp\/v2\/comments?post=209149"}],"version-history":[{"count":0,"href":"https:\/\/www.europesays.com\/fi\/wp-json\/wp\/v2\/posts\/209149\/revisions"}],"wp:featuredmedia":[{"embeddable":true,"href":"https:\/\/www.europesays.com\/fi\/wp-json\/wp\/v2\/media\/209150"}],"wp:attachment":[{"href":"https:\/\/www.europesays.com\/fi\/wp-json\/wp\/v2\/media?parent=209149"}],"wp:term":[{"taxonomy":"category","embeddable":true,"href":"https:\/\/www.europesays.com\/fi\/wp-json\/wp\/v2\/categories?post=209149"},{"taxonomy":"post_tag","embeddable":true,"href":"https:\/\/www.europesays.com\/fi\/wp-json\/wp\/v2\/tags?post=209149"}],"curies":[{"name":"wp","href":"https:\/\/api.w.org\/{rel}","templated":true}]}}