{"id":209243,"date":"2026-03-31T22:12:15","date_gmt":"2026-03-31T22:12:15","guid":{"rendered":"https:\/\/www.europesays.com\/fi\/209243\/"},"modified":"2026-03-31T22:12:15","modified_gmt":"2026-03-31T22:12:15","slug":"jukka-vidgren-ohjaa-ylelle-ravakan-maalaiskomedian-yla-savosta-on-jo-katsottu-kuvauspaikkoja-savo","status":"publish","type":"post","link":"https:\/\/www.europesays.com\/fi\/209243\/","title":{"rendered":"Jukka Vidgren ohjaa Ylelle r\u00e4v\u00e4k\u00e4n maalaiskomedian \u2013 &#8221;Yl\u00e4-Savosta on jo katsottu kuvauspaikkoja&#8221; | Savo"},"content":{"rendered":"<p>Yl\u00e4-Savossa kuvataan tulevana kes\u00e4n\u00e4 uutta tv-komediasarjaa, jonka p\u00e4\u00e4kirjoittaja ja ohjaaja on iisalmelainen <strong>Jukka Vidgren<\/strong>. Alkuper\u00e4isidea on tullut my\u00f6s iisalmelaisl\u00e4ht\u00f6iselt\u00e4 kirjoittajalta <strong>Henna Rinnekankaalta<\/strong>, joka on toiminut sarjassa k\u00e4sikirjoittajana. <\/p>\n<p>Sarjan tuottaa oululainen elokuvatuotantoyhti\u00f6 Whatever Pictures Oy. Sarjan tilaaja on Yle.<\/p>\n<p>Pohjois-Savoon sijoittuva kahdeksanosainen sarja kertoo pienen maitopit\u00e4j\u00e4n nuoresta miehest\u00e4, joka perustaa parhaan yst\u00e4v\u00e4ns\u00e4 kanssa laittoman spermapankin kamppaillessaan hiljenev\u00e4n maaseudun todellisuudessa ja l\u00f6yt\u00e4\u00e4kseen keinon s\u00e4ilytt\u00e4\u00e4 kotitilansa.<\/p>\n<p>Jukka Vidgren kertoo, ett\u00e4 ajatus tv-sarjan tekemisest\u00e4 syntyi jo nelisen vuotta sitten.<\/p>\n<p>\u2013\u2009Tarjosimme Ylelle muutamaa ideaa. Saimme vastauksen, ett\u00e4 Yle haluaisi nuorille suunnatun maalaiskomedian. Py\u00f6rittelimme hieman ajatusta, ja t\u00e4st\u00e4 ehdotuksestamme Ylen puolelta innostuttiin.<\/p>\n<p>\u2013\u2009Pyrimme tekem\u00e4\u00e4n aidosti hauskan ja koskettavan tv-sarjan nykyp\u00e4iv\u00e4n maaseudusta nuorekkaalla ja r\u00e4v\u00e4k\u00e4ll\u00e4 otteella, Vidgren toteaa.<\/p>\n<p>\t\t<a class=\"diks-gallery__link\" href=\"https:\/\/i.media.fi\/incoming\/fmon2\/11372855.jpg\/alternates\/FREE_1440\/11372855.jpg\" data-thumbnail=\"\" data-sub-html=\"Jukka Vidgren on ty\u00f6huoneessaan kirjoittanut tv-komediasarjaa. Jani Haanketo\" aria-label=\"Katso isompi kuva\" rel=\"nofollow noopener\" target=\"_blank\"><br \/>\n\t\t\t\t<img class=\"diks-figure__image\" src=\"https:\/\/www.europesays.com\/fi\/wp-content\/uploads\/2026\/03\/11372855.jpg\" loading=\"lazy\" decoding=\"sync\" alt=\"\"\/><\/p>\n<p>\t\t\t<\/a><br \/>\n\t\t\t\t\tJukka Vidgren on ty\u00f6huoneessaan kirjoittanut tv-komediasarjaa. Jani Haanketo<\/p>\n<p><strong class=\"diks-storyline__impact\">Elokuvaohjaajana<\/strong> tunnetulle Vidgrenille tv-sarjan ohjaaminen on uusi kokemus.<\/p>\n<p>\u2013\u2009Televisiosarjan kuvauksissa tahti on kiivaampaa. Materiaalia on saatava p\u00e4iv\u00e4ss\u00e4 enemm\u00e4n kuin elokuvan tekemisess\u00e4. Ohjaamisen perusasiat ovat kuitenkin aika samanlaisia. Jakso-ohjaajana tulevassa tv-sarjassa toimii my\u00f6s kokenut <strong>Oskari Sipola<\/strong>.<\/p>\n<p>Kuvaukset alkavat hein\u00e4kuun alkupuolella ja kest\u00e4v\u00e4t pari kuukautta.<\/p>\n<p>\u2013\u2009Ajatuksenamme on kuvata viisi viikkoa Pohjois-Savossa ja kolme viikkoa Oulun seudulla. Yl\u00e4-Savosta on jo katsottu joitakin kuvauspaikkoja ainakin Vierem\u00e4lt\u00e4 ja Kiuruvedelt\u00e4, mutta etsimme niit\u00e4 viel\u00e4 lis\u00e4\u00e4 pitk\u00e4lle kev\u00e4\u00e4seen saakka.<\/p>\n<p>\u2013\u2009Komediasarjan jaksot tulevat katsottaviksi vuoden 2027 puolella. Tarkkoja p\u00e4iv\u00e4m\u00e4\u00e4ri\u00e4 ei ole viel\u00e4 t\u00e4ss\u00e4 vaiheessa tiedossa<\/p>\n<p>N\u00e4yttelij\u00e4kaarti ei ole ohjaajan mukaan viel\u00e4 julkinen.<\/p>\n<p>\u2013\u2009Parikymppisi\u00e4 nuoren polven n\u00e4yttelij\u00f6it\u00e4 n\u00e4hd\u00e4\u00e4n p\u00e4\u00e4osissa.<\/p>\n<p>\u2013\u2009Haemme my\u00f6s avustajia muutamaan isompaan kohtaukseen. Jos innokkaita avustajia l\u00f6ytyy, jotka ovat k\u00e4ytett\u00e4viss\u00e4 hein\u00e4kuun ja elokuun aikaan, niin voi olla yhteyksiss\u00e4 Whatever Picturesin <strong>Pia Ervastiin<\/strong>, Vidgren mainitsee.<\/p>\n<p>\t\t<a class=\"diks-gallery__link\" href=\"https:\/\/i.media.fi\/incoming\/z0ss0\/11372872.jpg\/alternates\/FREE_1440\/11372872.jpg\" data-thumbnail=\"\" data-sub-html=\"T\u00e4lt\u00e4 n\u00e4ytt\u00e4\u00e4 Jukka Vidgrenin ty\u00f6huone ulkopuolelta. Jani Haanketo\" aria-label=\"Katso isompi kuva\" rel=\"nofollow noopener\" target=\"_blank\"><br \/>\n\t\t\t\t<img class=\"diks-figure__image\" src=\"https:\/\/www.europesays.com\/fi\/wp-content\/uploads\/2026\/03\/11372872.jpg\" loading=\"lazy\" decoding=\"sync\" alt=\"\"\/><\/p>\n<p>\t\t\t<\/a><br \/>\n\t\t\t\t\tT\u00e4lt\u00e4 n\u00e4ytt\u00e4\u00e4 Jukka Vidgrenin ty\u00f6huone ulkopuolelta. Jani Haanketo<\/p>\n<p><strong class=\"diks-storyline__impact\">Whatever Picturesin<\/strong> tuottajan <strong>Antti Kaarlelan<\/strong> mukaan sarja tulee olemaan Ylen suurimpia draamapanostuksia t\u00e4n\u00e4 vuonna. Kokonaisbudjetti on noin 2,3 miljoonaa euroa.<\/p>\n<p>\u2013 Budjetti on kotimaisessa mittakaavassa komediasarjalle huomattava. Tavoitteenamme on tuottaa sarjasta useita kausia ja jatkaa kuvauksia samoissa paikoissa, Kaarlela kertoo tiedotteessa.<\/p>\n<p>\u2013 Pohjois-Savo on t\u00e4ydellinen paikka sarjalle. Haluamme koota noin 40-henkiseen kuvausryhm\u00e4\u00e4n mahdollisimman paljon paikallisia tekij\u00f6it\u00e4. L\u00e4ht\u00f6kohtana on, ett\u00e4 ensimm\u00e4isell\u00e4 kaudella mukana olleet assistentti- ja harjoittelijatason tekij\u00e4t voisivat edet\u00e4 vaativimpiin teht\u00e4viin mahdollisilla jatkokausilla, Kaarlela kertoo.<\/p>\n<p><strong class=\"diks-storyline__impact\">Pohjois-Savon<\/strong> maakuntahallitus on my\u00f6nt\u00e4nyt tv-komediasarjalle 80 000 euron suuruisen audiovisuaalisen tuotantokannustimen.<\/p>\n<p>Tiedotteessa kerrotaan, ett\u00e4 Pohjois-Savon liitto on valmistellut uuden av-tuotantokannustimen yhdess\u00e4 kuntien kanssa vahvistamaan alueen kilpailukyky\u00e4 ja n\u00e4kyvyytt\u00e4 audiovisuaalisten tuotantojen kohdealueena ja luovan talouden kasvualueena.<\/p>\n<p>Tuotantokannustimen saapumista Pohjois-Savon alueelle Vidgren pit\u00e4\u00e4 eritt\u00e4in positiivisena kehityksen\u00e4.<\/p>\n<p>\u2013\u2009Kannustin mahdollistaa meille kuvaukset Yl\u00e4-Savon alueella, jonne tarinakin sijoittuu. Toiveissa tietysti on, ett\u00e4 kannustin jatkaisi toimintaa my\u00f6s tulevina vuosina ja tuotantoja alueelle voitaisiin tuoda jatkossakin, Vidgren maalailee.<\/p>\n","protected":false},"excerpt":{"rendered":"Yl\u00e4-Savossa kuvataan tulevana kes\u00e4n\u00e4 uutta tv-komediasarjaa, jonka p\u00e4\u00e4kirjoittaja ja ohjaaja on iisalmelainen Jukka Vidgren. Alkuper\u00e4isidea on tullut my\u00f6s&hellip;\n","protected":false},"author":2,"featured_media":209244,"comment_status":"","ping_status":"","sticky":false,"template":"","format":"standard","meta":{"footnotes":"","_share_on_mastodon":"0"},"categories":[133],"tags":[153,137,33,31,30,4398,622,952,32,485,206,140,156,15231,109],"class_list":["post-209243","post","type-post","status-publish","format-standard","has-post-thumbnail","category-televisiot","tag-audiovisuaalinen-media","tag-entertainment","tag-fi","tag-finland","tag-finnish","tag-kiuruvesi","tag-nayttelijat","tag-oulu","tag-suomi","tag-taide-yleista","tag-televisiot","tag-tv-ja-elokuvat","tag-tv","tag-vierema","tag-viihde"],"share_on_mastodon":{"url":"https:\/\/pubeurope.com\/@fi\/116326088619548364","error":""},"_links":{"self":[{"href":"https:\/\/www.europesays.com\/fi\/wp-json\/wp\/v2\/posts\/209243","targetHints":{"allow":["GET"]}}],"collection":[{"href":"https:\/\/www.europesays.com\/fi\/wp-json\/wp\/v2\/posts"}],"about":[{"href":"https:\/\/www.europesays.com\/fi\/wp-json\/wp\/v2\/types\/post"}],"author":[{"embeddable":true,"href":"https:\/\/www.europesays.com\/fi\/wp-json\/wp\/v2\/users\/2"}],"replies":[{"embeddable":true,"href":"https:\/\/www.europesays.com\/fi\/wp-json\/wp\/v2\/comments?post=209243"}],"version-history":[{"count":0,"href":"https:\/\/www.europesays.com\/fi\/wp-json\/wp\/v2\/posts\/209243\/revisions"}],"wp:featuredmedia":[{"embeddable":true,"href":"https:\/\/www.europesays.com\/fi\/wp-json\/wp\/v2\/media\/209244"}],"wp:attachment":[{"href":"https:\/\/www.europesays.com\/fi\/wp-json\/wp\/v2\/media?parent=209243"}],"wp:term":[{"taxonomy":"category","embeddable":true,"href":"https:\/\/www.europesays.com\/fi\/wp-json\/wp\/v2\/categories?post=209243"},{"taxonomy":"post_tag","embeddable":true,"href":"https:\/\/www.europesays.com\/fi\/wp-json\/wp\/v2\/tags?post=209243"}],"curies":[{"name":"wp","href":"https:\/\/api.w.org\/{rel}","templated":true}]}}