{"id":209280,"date":"2026-03-31T23:14:09","date_gmt":"2026-03-31T23:14:09","guid":{"rendered":"https:\/\/www.europesays.com\/fi\/209280\/"},"modified":"2026-03-31T23:14:09","modified_gmt":"2026-03-31T23:14:09","slug":"turun-raitiotieta-vastustava-kampanja-ei-enaa-osta-mainostilaa-syyna-eu-asetus-joka-vaatii-rahoittajien-nimia-julki-kotimaa","status":"publish","type":"post","link":"https:\/\/www.europesays.com\/fi\/209280\/","title":{"rendered":"Turun raitiotiet\u00e4 vastustava kampanja ei en\u00e4\u00e4 osta mainostilaa \u2013 syyn\u00e4 EU-asetus, joka vaatii rahoittajien nimi\u00e4 julki | Kotimaa"},"content":{"rendered":"<p class=\"aw-1gybjub aw-5vja16 kEtdKx kmuxyA yle__article__paragraph\">Ratikkavaalit-kampanja ker\u00e4si kev\u00e4\u00e4ll\u00e4 2025 rahaa mainontaan. Poliittiseen mainontaan puuttuva EU-asetus astui voimaan puoli vuotta my\u00f6hemmin.<\/p>\n<p><img decoding=\"async\" alt=\"Leike s\u00e4hk\u00f6postista ja taustalla raitiotien havainnekuva.\" src=\"https:\/\/images.cdn.yle.fi\/image\/upload\/c_crop,h_718,w_1279,x_0,y_75\/ar_1.7777777777777777,c_fill,g_faces,h_431,w_767\/dpr_1.0\/q_auto:eco\/f_auto\/fl_lossy\/v1774347092\/39-161653169c2632b279d0\" class=\"aw-1l9m598 hKVVvP\"\/><\/p>\n<p>Avaa kuvien katselu<\/p>\n<p>Ote Ratikkavaalit-ryhm\u00e4n l\u00e4hett\u00e4m\u00e4st\u00e4 viestist\u00e4. Kuva: Paula Collin \/ Yle, havainnekuva: Jussi Vierimaa Kuva: Paula Collin \/ Yle, havainnekuva: Jussi Vierimaa<\/p>\n<ul class=\"aw-1jjocuh iJTSwP yle__article__list yle__article__list--ul\">\n<li class=\"aw-1j7gwms gNYKfi\">Turun raitiotiet\u00e4 vastustava Ratikkavaalit-kampanja toimii nyt ilman rahoitusta eik\u00e4 aio en\u00e4\u00e4 ostaa mainoksia.<\/li>\n<li class=\"aw-1j7gwms gNYKfi\">Kampanjan mukaan sen aiemmat rahoittajat pysyv\u00e4t nimett\u00f6min\u00e4, koska he pelk\u00e4\u00e4v\u00e4t haittaa liiketoiminnalleen.<\/li>\n<li class=\"aw-1j7gwms gNYKfi\">Vaikuttamista tehd\u00e4\u00e4n nyt s\u00e4hk\u00f6postilla valtuutetuille. Turun valtuusto p\u00e4\u00e4tt\u00e4\u00e4 raitiotiest\u00e4 toukokuussa.<\/li>\n<\/ul>\n<p class=\"aw-1gybjub aw-1p7kakr kEtdKx cEmitX yle__article__paragraph\">Turun raitiotiet\u00e4 vastustamaan perustettu Ratikkavaalit-kampanja toimii t\u00e4ll\u00e4 hetkell\u00e4 ilman kuluja ja rahoitusta. Vuosi sitten kampanja ker\u00e4si rahaa n\u00e4ytt\u00e4v\u00e4\u00e4n mainoskampanjaan, sen j\u00e4lkeen rahaa ei ole en\u00e4\u00e4 ker\u00e4tty.<\/p>\n<p class=\"aw-1gybjub aw-1p7kakr kEtdKx cEmitX yle__article__paragraph\">N\u00e4in vakuuttaa kampanjan puuhamies <strong class=\"aw-ak79eh KyCXm yle__article__strong\">Janne P\u00f6yh\u00f6nen<\/strong>. H\u00e4nen mukaansa rahaa ei ole ker\u00e4tty, koska sille ei ole ollut tarvetta.<\/p>\n<p class=\"aw-1gybjub aw-1p7kakr kEtdKx cEmitX yle__article__paragraph\">\u2013 Meill\u00e4 ei ole mink\u00e4\u00e4nlaisia kuluja t\u00e4ll\u00e4 hetkell\u00e4. T\u00e4m\u00e4 on talkooty\u00f6t\u00e4 ja n\u00e4m\u00e4 j\u00e4rjestelm\u00e4t, joita k\u00e4ytet\u00e4\u00e4n, esimerkiksi s\u00e4hk\u00f6posti, ovat ilmaispalveluita.<\/p>\n<p class=\"aw-1gybjub aw-1p7kakr kEtdKx cEmitX yle__article__paragraph\">Viime kev\u00e4\u00e4n\u00e4 asia oli toisin. Ratikkavaalit osti Turun Sanomista puolen etusivun kokoisen mainoksen juuri ennen kuntavaaleja.<\/p>\n<p class=\"aw-1gybjub aw-1p7kakr kEtdKx cEmitX yle__article__paragraph\">Nyt Ratikkavaalit ei aio uutta mainoskampanjaa toteuttaa, vaikka Turun valtuusto p\u00e4\u00e4tt\u00e4\u00e4 toukokuussa tuleeko Turkuun raitiotie vai ei.<\/p>\n<p class=\"aw-1gybjub aw-1p7kakr kEtdKx cEmitX yle__article__paragraph\">\u2013 Ei osteta mainoksia. Toimitaan vain niin, ett\u00e4 valtuutetuille l\u00e4hetet\u00e4\u00e4n s\u00e4hk\u00f6postia, P\u00f6yh\u00f6nen sanoo.<\/p>\n<p>Turun raitiotien reitti kulkisi satamasta Kauppatorin kautta Varissuolle. Video: Paula Collin \/ Yle<\/p>\n<p class=\"aw-1gybjub aw-1p7kakr kEtdKx cEmitX yle__article__paragraph\">T\u00e4m\u00e4n vuoden alussa Suomessa tuli voimaan EU-asetus, jossa kiellet\u00e4\u00e4n nimett\u00f6mien tahojen harjoittama poliittinen mainonta. Onko uusi EU-asetus vaikuttanut siis siihen, ett\u00e4 Ratikkavaalit ei aio ostaa mainoksia?<\/p>\n<p class=\"aw-1gybjub aw-1p7kakr kEtdKx cEmitX yle__article__paragraph\">\u2013 No, varmasti osittain. Mutta en usko, ett\u00e4 vaikka laki ei olisi muuttunut, niin l\u00e4hdett\u00e4isiin sit\u00e4 tekem\u00e4\u00e4n, P\u00f6yh\u00f6nen vakuuttaa.<\/p>\n<p class=\"aw-1gybjub aw-1p7kakr kEtdKx cEmitX yle__article__paragraph\">Ratikkavaalit-kampanja ei ole ollut halukas kertomaan, <a class=\"aw-iao6s4 iHOxEa yle__article__link\" href=\"https:\/\/yle.fi\/a\/74-20216902\" role=\"link\" rel=\"nofollow noopener\" target=\"_blank\">ketk\u00e4 sen toimintaa rahoittavat<\/a>.<\/p>\n<p class=\"aw-1gybjub aw-1p7kakr kEtdKx cEmitX yle__article__paragraph\">P\u00f6yh\u00f6sen mukaan kampanjan tukijat haluavat pysy\u00e4 nimett\u00f6min\u00e4, koska pelk\u00e4\u00e4v\u00e4t leimaantumista.<\/p>\n<p class=\"aw-1gybjub aw-1p7kakr kEtdKx cEmitX yle__article__paragraph\">\u2013 Heill\u00e4 on liiketoimintaa kaupungin kanssa ja he pelk\u00e4\u00e4v\u00e4t reaktioita, jos he vahvasti t\u00e4ss\u00e4 asiassa profiloituvat. Tiedossahan on, ett\u00e4 pormestaristo ja kaupungin virkamiehet ajavat voimakkaasti t\u00e4t\u00e4 yht\u00e4 ratkaisua, P\u00f6yh\u00f6nen v\u00e4itt\u00e4\u00e4.<\/p>\n<p>EU-asetus vaatii avoimuutta<\/p>\n<p class=\"aw-1gybjub aw-1p7kakr kEtdKx cEmitX yle__article__paragraph\">Valtiontalouden tarkastuviraston (VTV) teht\u00e4v\u00e4n\u00e4 on valvoa EU:n poliittisen mainonnan asetuksen noudattamista Suomessa. Asetuksen tavoitteena on lis\u00e4t\u00e4 poliittisen mainonnan avoimuutta. Esimerkiksi mainonnan rahoittajien henkil\u00f6llisyys pit\u00e4isi olla tiedossa.<\/p>\n<p class=\"aw-1gybjub aw-1p7kakr kEtdKx cEmitX yle__article__paragraph\">EU-asetus astui voimaan lokakuussa 2025. Suomessa asetus tuli kansalliseen lains\u00e4\u00e4d\u00e4nt\u00f6\u00f6n 1.1.2026.<\/p>\n<p class=\"aw-1gybjub aw-1p7kakr kEtdKx cEmitX yle__article__paragraph\">Virasto ei ota kantaa siihen, pit\u00e4isik\u00f6 Ratikkavaalit-kampanjan paljastaa toimintansa rahoittajat. Tai siihen, oliko Ratikkavaalien mainonta kev\u00e4\u00e4ll\u00e4 2025 poliittista mainontaa.<\/p>\n<p class=\"aw-1gybjub aw-1p7kakr kEtdKx cEmitX yle__article__paragraph\">Yleisell\u00e4 tasolla ylitarkastaja <strong class=\"aw-ak79eh KyCXm yle__article__strong\">Ines Gullichsen<\/strong> toteaa poliittisen mainonnan asetuksen koskevan mainontaa, jota tehd\u00e4\u00e4n korvauksesta. Turun Sanomissa 4.3.2025 julkaistu Ratikkavaalit-kampanjan mainos tapahtui kuitenkin silloin, kun asetus ei ollut viel\u00e4 voimassa.<\/p>\n<p class=\"aw-1gybjub aw-1p7kakr kEtdKx cEmitX yle__article__paragraph\">\u2013 EU-asetus ja kansallinen laki eiv\u00e4t tule voimaan taannehtivasti, eli voimaantulleita s\u00e4\u00e4nn\u00f6ksi\u00e4 ei sovelleta menneisiin tapahtumiin, Gullichsen kirjoittaa s\u00e4hk\u00f6postivastauksessaan.<\/p>\n<p class=\"aw-1gybjub aw-1p7kakr kEtdKx cEmitX yle__article__paragraph\">Gullichsenin mukaan EU-asetus ei ota kantaa viestint\u00e4\u00e4n, jolla pyrit\u00e4\u00e4n vaikuttamaan asian valmisteluun ja p\u00e4\u00e4t\u00f6ksentekoon.<\/p>\n<p class=\"aw-1gybjub aw-1p7kakr kEtdKx cEmitX yle__article__paragraph\">VTV:n yll\u00e4pit\u00e4m\u00e4\u00e4n avoimuusrekisteriin pit\u00e4isi kuitenkin ilmoittaa lobbaustoiminta, jonka kohteena on eduskunta tai ministeri\u00f6.<\/p>\n<p class=\"aw-1gybjub aw-1p7kakr kEtdKx cEmitX yle__article__paragraph\">\u2013 Paikallistaso ei kuulu avoimuusrekisterilains\u00e4\u00e4d\u00e4nn\u00f6n soveltamisalaan, Gullichsen toteaa.<\/p>\n<p class=\"aw-1gybjub aw-1p7kakr kEtdKx cEmitX yle__article__paragraph\">Janne P\u00f6yh\u00f6nen sanoo, ett\u00e4 toukokuisen ratikka\u00e4\u00e4nestyksen j\u00e4lkeen Ratikkavaalit-kampajan lopettaa toimintansa, oli p\u00e4\u00e4t\u00f6s mik\u00e4 tahansa.<\/p>\n<p class=\"aw-1gybjub aw-1p7kakr kEtdKx cEmitX yle__article__paragraph\">\u2013 Kyll\u00e4 min\u00e4 nyt ainakin olettaisin n\u00e4in, ett\u00e4 se lakkaa. Tietenkin, jos se p\u00e4\u00e4t\u00f6s on ehdollinen, niin sitten pit\u00e4\u00e4 mietti\u00e4.<\/p>\n","protected":false},"excerpt":{"rendered":"Ratikkavaalit-kampanja ker\u00e4si kev\u00e4\u00e4ll\u00e4 2025 rahaa mainontaan. Poliittiseen mainontaan puuttuva EU-asetus astui voimaan puoli vuotta my\u00f6hemmin. Avaa kuvien katselu&hellip;\n","protected":false},"author":2,"featured_media":209281,"comment_status":"","ping_status":"","sticky":false,"template":"","format":"standard","meta":{"footnotes":"","_share_on_mastodon":"0"},"categories":[12],"tags":[22,23,26,27,33,31,30,17,1164,71,24,25,1161,28,29,15,18,21,10011,28642,32,19,20,662,16,663],"class_list":["post-209280","post","type-post","status-publish","format-standard","has-post-thumbnail","category-suomi","tag-breaking-news","tag-breakingnews","tag-featured-news","tag-featurednews","tag-fi","tag-finland","tag-finnish","tag-headlines","tag-joukkoliikenne","tag-kotimaa","tag-latest-news","tag-latestnews","tag-liikenne","tag-main-news","tag-mainnews","tag-news","tag-otsikot","tag-paauutiset","tag-raitioliikenne","tag-raitiotiet","tag-suomi","tag-top-stories","tag-topstories","tag-turku","tag-uutiset","tag-varsinais-suomi"],"share_on_mastodon":{"url":"https:\/\/pubeurope.com\/@fi\/116326332194914789","error":""},"_links":{"self":[{"href":"https:\/\/www.europesays.com\/fi\/wp-json\/wp\/v2\/posts\/209280","targetHints":{"allow":["GET"]}}],"collection":[{"href":"https:\/\/www.europesays.com\/fi\/wp-json\/wp\/v2\/posts"}],"about":[{"href":"https:\/\/www.europesays.com\/fi\/wp-json\/wp\/v2\/types\/post"}],"author":[{"embeddable":true,"href":"https:\/\/www.europesays.com\/fi\/wp-json\/wp\/v2\/users\/2"}],"replies":[{"embeddable":true,"href":"https:\/\/www.europesays.com\/fi\/wp-json\/wp\/v2\/comments?post=209280"}],"version-history":[{"count":0,"href":"https:\/\/www.europesays.com\/fi\/wp-json\/wp\/v2\/posts\/209280\/revisions"}],"wp:featuredmedia":[{"embeddable":true,"href":"https:\/\/www.europesays.com\/fi\/wp-json\/wp\/v2\/media\/209281"}],"wp:attachment":[{"href":"https:\/\/www.europesays.com\/fi\/wp-json\/wp\/v2\/media?parent=209280"}],"wp:term":[{"taxonomy":"category","embeddable":true,"href":"https:\/\/www.europesays.com\/fi\/wp-json\/wp\/v2\/categories?post=209280"},{"taxonomy":"post_tag","embeddable":true,"href":"https:\/\/www.europesays.com\/fi\/wp-json\/wp\/v2\/tags?post=209280"}],"curies":[{"name":"wp","href":"https:\/\/api.w.org\/{rel}","templated":true}]}}