{"id":21001,"date":"2025-08-30T19:52:12","date_gmt":"2025-08-30T19:52:12","guid":{"rendered":"https:\/\/www.europesays.com\/fi\/21001\/"},"modified":"2025-08-30T19:52:12","modified_gmt":"2025-08-30T19:52:12","slug":"ihmiset-kohtaavat-karhuja-entista-enemman-yksi-yhdistys-on-saanut-metsastyksen-jaihin-emme-todellakaan-ole-vastuussa","status":"publish","type":"post","link":"https:\/\/www.europesays.com\/fi\/21001\/","title":{"rendered":"Ihmiset kohtaavat karhuja entist\u00e4 enemm\u00e4n \u2013 Yksi yhdistys on saanut mets\u00e4styksen j\u00e4ihin: \u201dEmme todellakaan ole vastuussa\u201d"},"content":{"rendered":"<p>Luonnonsuojeluliitto Tapiola on valittanut j\u00e4rjestelm\u00e4llisesti karhunkaatoluvista jo useamman vuoden ajan.<\/p>\n<p><img decoding=\"async\" class=\"image image-show image-preview\" src=\"https:\/\/www.europesays.com\/fi\/wp-content\/uploads\/2025\/08\/7220d421f12172ea885cf8fc2daadd1a8adfab5392ed59b24d17ddcb6864633c.jpg\" alt=\"\"\/><img decoding=\"async\" class=\"image image-show\" src=\"https:\/\/www.europesays.com\/fi\/wp-content\/uploads\/2025\/08\/1756583532_450_7220d421f12172ea885cf8fc2daadd1a8adfab5392ed59b24d17ddcb6864633c.jpg\" alt=\"\"\/><\/p>\n<p>Tapiola on viime vuosina j\u00e4rjestelm\u00e4llisesti valittanut suurpetojen kaatoluvista, mihin sill\u00e4 on lain mukaan t\u00e4ysi oikeus. Lassi Kujala<\/p>\n<ul>\n<li>Luonnonsuojeluliitto Tapiola on valittanut kaikista 129 karhun kaatoluvasta, mink\u00e4 vuoksi karhunmets\u00e4stys on t\u00e4ysin j\u00e4iss\u00e4 poronhoitoalueen ulkopuolella syksyll\u00e4 2025.<\/li>\n<li>Tapiolan mukaan kannanhoidollinen mets\u00e4stys rikkoo EU:n luontodirektiivej\u00e4, kun taas Riistakeskus pit\u00e4\u00e4 lupia lainmukaisina ja n\u00e4kee karhujen aiheuttamien ongelmien olevan nousussa.<\/li>\n<li>Luonnonsuojeluliitto ei koe olevansa vastuussa lis\u00e4\u00e4ntyneist\u00e4 karhukohtaamisista.<\/li>\n<\/ul>\n<p class=\"paragraph\">Luonnonvarakeskus (Luke) <a href=\"https:\/\/www.luke.fi\/fi\/uutiset\/karhukanta-on-kasvussa\" target=\"_blank\" rel=\"noopener nofollow\">arvioi<\/a>, ett\u00e4 karhukanta on Suomessa kasvussa. T\u00e4m\u00e4 lis\u00e4\u00e4 todenn\u00e4k\u00f6isyytt\u00e4 ihmisten ja karhujen kohtaamisille. K\u00e4yt\u00e4nn\u00f6ss\u00e4 karhunmets\u00e4stys on kuitenkin t\u00e4ysin j\u00e4iss\u00e4, sill\u00e4 Luonnonsuojeluliitto Tapiolan kolme piirij\u00e4rjest\u00f6\u00e4 valitti jokaisesta Suomen riistakeskuksen my\u00f6nt\u00e4m\u00e4st\u00e4 poikkeusluvasta.<\/p>\n<p class=\"paragraph\">Lupien perusteella olisi voitu kaataa 129 karhua. It\u00e4-Suomen hallinto-oikeus asetti kuitenkin kaikki 13 lupaa t\u00e4yt\u00e4nt\u00f6\u00f6npanokieltoon. T\u00e4m\u00e4 tarkoittaa, ett\u00e4 poronhoitoalueen ulkopuolella ei voida mets\u00e4st\u00e4\u00e4 karhuja syksyll\u00e4 2025 lainkaan.<\/p>\n<p class=\"paragraph\">Hallinto-oikeuden alustavan arvion mukaan valituksiin annetaan p\u00e4\u00e4t\u00f6kset vuoden 2025 lopulla tai vuoden 2026 alkupuolella.<\/p>\n<p>Tapiola: Mets\u00e4stys EU-direktiivien vastaista<\/p>\n<p class=\"paragraph\">Luonnonsuojeluliitto Tapiolan puheenjohtaja <strong>Leena Iivonen<\/strong> on sit\u00e4 mielt\u00e4, ett\u00e4 karhun kannanhoidollinen mets\u00e4stys rikkoo Euroopan unionin luontodirektiivej\u00e4.<\/p>\n<p class=\"paragraph\">\u2013 Me n\u00e4emme p\u00e4\u00e4t\u00f6ksen lainvastaisena. Se on ainoa syy, mink\u00e4 vuoksi p\u00e4\u00e4t\u00f6ksist\u00e4 ylip\u00e4\u00e4t\u00e4\u00e4n valitetaan tai mink\u00e4 takia niist\u00e4 voi valittaa, Iivonen sanoo.<\/p>\n<p class=\"paragraph\">Riistakeskuksessa taas n\u00e4hd\u00e4\u00e4n, ett\u00e4 karhun kaatoluvat ovat lain mukaisia. N\u00e4in kertoo suurpetojen poikkeusluvista vastaava lupahallintop\u00e4\u00e4llikk\u00f6 <strong>Marko Paasimaa<\/strong>.<\/p>\n<p class=\"paragraph\">Paasimaan mielest\u00e4 on jo n\u00e4kyviss\u00e4 ett\u00e4 karhuista johtuvat ongelmat ovat nousussa.<\/p>\n<p class=\"paragraph\">\u2013 N\u00e4emme erilaisia kotiel\u00e4in- ja maatalousvahinkoja. Lis\u00e4ksi taajamissa ja kylill\u00e4 liikkuvat karhut aiheuttavat ongelmia.<\/p>\n<p class=\"paragraph\">My\u00f6s poliisi on aiemmin<a href=\"https:\/\/poliisi.fi\/-\/poliisi-on-huolissaan-suurpetojen-aiheuttamien-tehtavien-merkittavasta-kasvusta\" target=\"_blank\" rel=\"noopener nofollow\"> tiedottanut<\/a> olevansa huolissaan suurpetojen aiheuttamien teht\u00e4vien merkitt\u00e4v\u00e4st\u00e4 kasvusta.<\/p>\n<p>Vastuu kohtaamisista<\/p>\n<p class=\"paragraph\">Iivosen mukaan Luonnonsuojeluliitto ei ole vastuussa lis\u00e4\u00e4ntyvist\u00e4 karhukohtaamisista.<\/p>\n<p class=\"paragraph\">\u2013 Emme todellakaan ole vastuussa. Ainoa, joka siit\u00e4 tuossa tilanteessa konkreettisesti voisi olla vastuussa, on Mets\u00e4hallitus, joka myy sinne Lappiin mets\u00e4stysoikeuksia.<\/p>\n<p class=\"paragraph\">H\u00e4nen mukaansa normaali luonnossa liikkuja voi kohdata karhun niin pitk\u00e4\u00e4n kun on olemassa karhuja ja luonnossa liikkujia.<\/p>\n<p class=\"paragraph\">\u2013 Mahdollisuus on silloin olemassa.<\/p>\n<p>Kysymys poikkeusluvista<\/p>\n<p class=\"paragraph\">Iivosen mukaan Suomessa on tapana soveltaa niin sanottua j\u00e4\u00e4nn\u00f6spyk\u00e4l\u00e4\u00e4 kaikkiin karhun suojelusta poikkeamisiin. EU:n tuomioistuin on kuitenkin linjannut, ettei n\u00e4in voi toimia, vaan poikkeuslupa on sidottava konkreettiseen perusteeseen.<\/p>\n<p class=\"paragraph\">K\u00e4yt\u00e4nn\u00f6ss\u00e4 Tapiola siis n\u00e4kee, ett\u00e4 karhuja tulisi mets\u00e4st\u00e4\u00e4 vain vahinkoperusteisilla luvilla, ei kannanhoidollisilla luvilla.<\/p>\n<p class=\"paragraph\">\u2013 Ymp\u00e4rist\u00f6n suojelu, merkitt\u00e4v\u00e4t taloudelliset vahingot, yleinen turvallisuus ja sosiaalisesti pakottavat syyt ovat hyv\u00e4ksytt\u00e4vi\u00e4 perusteita vahinkoperusteiselle luvalle. Niihin Tapiolan valitukset eiv\u00e4t vaikuta, Iivonen sanoo.<\/p>\n<p class=\"paragraph\">Riistakeskuksen Paasimaa vahvistaa, ettei valituksilla ole vaikutusta vahinkoperusteisiin poikkeuslupiin. Riistakeskuksessa kuitenkin n\u00e4hd\u00e4\u00e4n, ett\u00e4 vahinkoperusteinen mets\u00e4stys ei ole riitt\u00e4v\u00e4\u00e4 vaan tarvitaan my\u00f6s kannanhoidollisia toimia.<\/p>\n<p class=\"paragraph\">Paasimaan mukaan vahinkoperusteisia lupia my\u00f6nnet\u00e4\u00e4n tapauskohtaisesti, jos joku tietty yksil\u00f6 aiheuttaa riitt\u00e4v\u00e4sti vahinkoja ja ongelmia.<\/p>\n<p class=\"paragraph\">\u2013 N\u00e4it\u00e4 lupia my\u00f6nnet\u00e4\u00e4n vuodessa ihan muutamia, h\u00e4n sanoo.<\/p>\n<p>Pitk\u00e4 linja valituksia<\/p>\n<p class=\"paragraph\">Tapiola on viime vuosina j\u00e4rjestelm\u00e4llisesti valittanut suurpetojen kaatoluvista, mihin sill\u00e4 on lain mukaan t\u00e4ysi oikeus.<\/p>\n<p class=\"paragraph\">Kev\u00e4\u00e4ll\u00e4 eduskunta muutti lakia helpottaakseen karhujen kannanhoidollista mets\u00e4styst\u00e4. Valitusoikeus kuitenkin s\u00e4ilyi ja Iivosen mukaan eduskunnan toimivalta ei riit\u00e4 muuttamaan EU:n lains\u00e4\u00e4d\u00e4nt\u00f6\u00e4 ja esteet tulevat luontodirektiivist\u00e4.<\/p>\n<p>Huhtikuussa karhu vieraili omakotitalon pihalla Outokummussa. Lukijan video<\/p>\n","protected":false},"excerpt":{"rendered":"Luonnonsuojeluliitto Tapiola on valittanut j\u00e4rjestelm\u00e4llisesti karhunkaatoluvista jo useamman vuoden ajan. Tapiola on viime vuosina j\u00e4rjestelm\u00e4llisesti valittanut suurpetojen kaatoluvista,&hellip;\n","protected":false},"author":2,"featured_media":21002,"comment_status":"","ping_status":"","sticky":false,"template":"","format":"standard","meta":{"footnotes":""},"categories":[117],"tags":[35,404,33,31,30,72,476,785,118,591,32,119,477,534],"class_list":{"0":"post-21001","1":"post","2":"type-post","3":"status-publish","4":"format-standard","5":"has-post-thumbnail","7":"category-luonto","8":"tag-24h","9":"tag-elaimet","10":"tag-fi","11":"tag-finland","12":"tag-finnish","13":"tag-luonto","14":"tag-nature","15":"tag-nisakkaat","16":"tag-science","17":"tag-selkarankaiset","18":"tag-suomi","19":"tag-tiede","20":"tag-wildlife","21":"tag-ymparisto-ja-luonto"},"share_on_mastodon":{"url":"","error":""},"_links":{"self":[{"href":"https:\/\/www.europesays.com\/fi\/wp-json\/wp\/v2\/posts\/21001","targetHints":{"allow":["GET"]}}],"collection":[{"href":"https:\/\/www.europesays.com\/fi\/wp-json\/wp\/v2\/posts"}],"about":[{"href":"https:\/\/www.europesays.com\/fi\/wp-json\/wp\/v2\/types\/post"}],"author":[{"embeddable":true,"href":"https:\/\/www.europesays.com\/fi\/wp-json\/wp\/v2\/users\/2"}],"replies":[{"embeddable":true,"href":"https:\/\/www.europesays.com\/fi\/wp-json\/wp\/v2\/comments?post=21001"}],"version-history":[{"count":0,"href":"https:\/\/www.europesays.com\/fi\/wp-json\/wp\/v2\/posts\/21001\/revisions"}],"wp:featuredmedia":[{"embeddable":true,"href":"https:\/\/www.europesays.com\/fi\/wp-json\/wp\/v2\/media\/21002"}],"wp:attachment":[{"href":"https:\/\/www.europesays.com\/fi\/wp-json\/wp\/v2\/media?parent=21001"}],"wp:term":[{"taxonomy":"category","embeddable":true,"href":"https:\/\/www.europesays.com\/fi\/wp-json\/wp\/v2\/categories?post=21001"},{"taxonomy":"post_tag","embeddable":true,"href":"https:\/\/www.europesays.com\/fi\/wp-json\/wp\/v2\/tags?post=21001"}],"curies":[{"name":"wp","href":"https:\/\/api.w.org\/{rel}","templated":true}]}}