{"id":21009,"date":"2025-08-30T20:11:34","date_gmt":"2025-08-30T20:11:34","guid":{"rendered":"https:\/\/www.europesays.com\/fi\/21009\/"},"modified":"2025-08-30T20:11:34","modified_gmt":"2025-08-30T20:11:34","slug":"makwan-amirkhani-astui-julkisuuteen-nain-han-kommentoi-viime-paivien-kohua","status":"publish","type":"post","link":"https:\/\/www.europesays.com\/fi\/21009\/","title":{"rendered":"Makwan Amirkhani astui julkisuuteen \u2013 N\u00e4in h\u00e4n kommentoi viime p\u00e4ivien kohua"},"content":{"rendered":"<p>Kohun keskell\u00e4 oleva vapaaottelija oli paikalla Ice Cagen haastattelutilaisuudessa.<\/p>\n<p><img decoding=\"async\" class=\"image image-show image-preview\" src=\"https:\/\/www.europesays.com\/fi\/wp-content\/uploads\/2025\/08\/1756584693_428_56fe9d64f57aa0f61aab4492653c8651936fc2e2b6145352052823979bfb4366.jpg\" alt=\"\"\/><img decoding=\"async\" class=\"image image-show\" src=\"https:\/\/www.europesays.com\/fi\/wp-content\/uploads\/2025\/08\/1756584694_289_56fe9d64f57aa0f61aab4492653c8651936fc2e2b6145352052823979bfb4366.jpg\" alt=\"\"\/><\/p>\n<p>Makwan Amirkhani ottelee Ice Cagen p\u00e4\u00e4ottelussa Theo Kolehmaista vastaan. Atte Kajova<\/p>\n<p class=\"paragraph\">Vapaaottelija <strong>Makwan Amirkhani<\/strong> katosi median tavoittamattomiin Ice Cage -ottelunsa alla. Amirkhani ottelee lauantaina 6. syyskuuta Turussa j\u00e4rjestett\u00e4v\u00e4n tapahtuman p\u00e4\u00e4ottelussa <strong>Theo Kolehmaista<\/strong> vastaan.<\/p>\n<p class=\"paragraph\"><a href=\"https:\/\/www.iltalehti.fi\/kamppailulajit\/71810b25-729d-42a8-b0f6-6710e207f812\" rel=\"nofollow noopener\" target=\"_blank\">Iltalehti on yritt\u00e4nyt tavoitella<\/a> Amirkhania useita reittej\u00e4 kommentoimaan kohua, jonka keski\u00f6\u00f6n h\u00e4n on ajautunut. Artisti Mira Luoti kertoi PMMP: Ei en\u00e4\u00e4 ikin\u00e4 -dokumentissa kokeneensa seksuaalista v\u00e4kivaltaa viihdeohjelman kuvauksissa. Helsingin Sanomien mukaan tapaus liittyy Julkkisselviytyjiin, joka kuvattiin vuonna 2016.<\/p>\n<p class=\"paragraph\">HS:n n\u00e4kem\u00e4n s\u00e4hk\u00f6postin mukaan tuotantoyhti\u00f6 Warner Bros ehdotti Luodille 1500 euron korvausta \u201dv\u00e4likohtauksesta\u201d, jossa Amirkhani oli osallisena.<\/p>\n<p>\u201dToissijaista\u201d<\/p>\n<p class=\"paragraph\">Nyt \u201dMr. Finland\u201d -lempinimell\u00e4 tunnettu vapaaottelija saapui paikalle Ice Cagen j\u00e4rjest\u00e4m\u00e4\u00e4n striimattuun pressitilaisuuteen, jossa promoottori <strong>Max Hynninen<\/strong> esitti ottelijoille kysymyksi\u00e4.<\/p>\n<p class=\"paragraph\">\u2013 Rehellisesti ulkomaailmasta ei minulla ole juuri mit\u00e4\u00e4n tietoa. Olen keskittynyt Theoon, Amirkhani kommentoi viime p\u00e4ivien julkista keskustelua tapauksesta.<\/p>\n<p class=\"paragraph\">Amirkhani on sulkenut puhelimensa.<\/p>\n<p class=\"paragraph\">T\u00e4m\u00e4 on johtunut miehen itsens\u00e4 mukaan siit\u00e4, ett\u00e4 h\u00e4nell\u00e4 on tapana erist\u00e4yty\u00e4 h\u00e4iri\u00f6tekij\u00f6ilt\u00e4 ennen t\u00e4rke\u00e4\u00e4 ottelua.<\/p>\n<p class=\"paragraph\">\u2013 Haluan, ettei mik\u00e4\u00e4n pysty hetkauttamaan mielt\u00e4. Kaikki muu el\u00e4m\u00e4ss\u00e4 on toissijaista t\u00e4ll\u00e4 hetkell\u00e4, Amirkhani sanoi.<\/p>\n<p>Kannanotto<\/p>\n<p class=\"paragraph\">Amirkhani kertoi, ett\u00e4 joku on k\u00e4ynyt h\u00e4nen kotiovellaan asti.<\/p>\n<p class=\"paragraph\">IL on vieraillut salilla kysy\u00e4kseen Amirkhanin kantaa siihen, mist\u00e4 h\u00e4n Luodin v\u00e4itteiss\u00e4 uskoo olevan kyse.<\/p>\n<p class=\"paragraph\">\u2013 Onhan se kielt\u00e4m\u00e4tt\u00e4 etenkin pari ekaa p\u00e4iv\u00e4\u00e4 ollut ahdistavaa. Salille tullaan, vaikka yst\u00e4v\u00e4llisesti on sanottu, ettei anneta kommenttia. Se on aihe, joka on viranomaisten teht\u00e4v\u00e4 hoitaa. Tied\u00e4n pitk\u00e4\u00e4n julkisuudessa olleena, ett\u00e4 sanoin mit\u00e4 tahansa, niin se k\u00e4\u00e4nnet\u00e4\u00e4n minua vastaan, Amirkhani kommentoi nyt.<\/p>\n<p class=\"paragraph\">Amirkhani itse ei miss\u00e4\u00e4n vaiheessa vastannut Iltalehden yhteydenottoihin.<\/p>\n<p class=\"paragraph\">\u2013 T\u00e4m\u00e4 ei saa vied\u00e4 fokusta pois n\u00e4ilt\u00e4 urheilijoilta ja muulta. Pidet\u00e4\u00e4n urheilu mieless\u00e4 ensimm\u00e4isen\u00e4, ottelija vaati.<\/p>\n<p class=\"paragraph\">Vapaaottelija on aiemmin kiist\u00e4nyt lainvastaisuudet <a href=\"https:\/\/www.instagram.com\/p\/DNunsrbWpWP\/?hl=fi\" rel=\"noopener nofollow\" target=\"_blank\">somep\u00e4ivityksess\u00e4\u00e4n<\/a>.<\/p>\n<p class=\"paragraph\">Tilaisuus sai ison k\u00e4\u00e4nteen, kun Amirkhani suuttui Stagalalle. Vapaaottelija uhkasi ly\u00f6d\u00e4 somenyrkkeilij\u00e4\u00e4, kun Stagala mainitsi Mira Luodin. <a href=\"https:\/\/www.iltalehti.fi\/kamppailulajit\/9b03d338-b647-41f1-9148-28b3109a72b0\" rel=\"nofollow noopener\" target=\"_blank\">Voit lukea lis\u00e4\u00e4 t\u00e4st\u00e4<\/a>.<\/p>\n<p><script async src=\"\/\/www.instagram.com\/embed.js\"><\/script><\/p>\n","protected":false},"excerpt":{"rendered":"Kohun keskell\u00e4 oleva vapaaottelija oli paikalla Ice Cagen haastattelutilaisuudessa. Makwan Amirkhani ottelee Ice Cagen p\u00e4\u00e4ottelussa Theo Kolehmaista vastaan.&hellip;\n","protected":false},"author":2,"featured_media":14707,"comment_status":"","ping_status":"","sticky":false,"template":"","format":"standard","meta":{"footnotes":""},"categories":[130],"tags":[35,138,137,33,31,30,3844,53,41,979,32,109],"class_list":{"0":"post-21009","1":"post","2":"type-post","3":"status-publish","4":"format-standard","5":"has-post-thumbnail","7":"category-viihde","8":"tag-24h","9":"tag-audio","10":"tag-entertainment","11":"tag-fi","12":"tag-finland","13":"tag-finnish","14":"tag-kamppailu-urheilu","15":"tag-laki-oikeus-ja-rikos","16":"tag-liikunta-ja-urheilu","17":"tag-sahkoinen-media","18":"tag-suomi","19":"tag-viihde"},"share_on_mastodon":{"url":"","error":""},"_links":{"self":[{"href":"https:\/\/www.europesays.com\/fi\/wp-json\/wp\/v2\/posts\/21009","targetHints":{"allow":["GET"]}}],"collection":[{"href":"https:\/\/www.europesays.com\/fi\/wp-json\/wp\/v2\/posts"}],"about":[{"href":"https:\/\/www.europesays.com\/fi\/wp-json\/wp\/v2\/types\/post"}],"author":[{"embeddable":true,"href":"https:\/\/www.europesays.com\/fi\/wp-json\/wp\/v2\/users\/2"}],"replies":[{"embeddable":true,"href":"https:\/\/www.europesays.com\/fi\/wp-json\/wp\/v2\/comments?post=21009"}],"version-history":[{"count":0,"href":"https:\/\/www.europesays.com\/fi\/wp-json\/wp\/v2\/posts\/21009\/revisions"}],"wp:featuredmedia":[{"embeddable":true,"href":"https:\/\/www.europesays.com\/fi\/wp-json\/wp\/v2\/media\/14707"}],"wp:attachment":[{"href":"https:\/\/www.europesays.com\/fi\/wp-json\/wp\/v2\/media?parent=21009"}],"wp:term":[{"taxonomy":"category","embeddable":true,"href":"https:\/\/www.europesays.com\/fi\/wp-json\/wp\/v2\/categories?post=21009"},{"taxonomy":"post_tag","embeddable":true,"href":"https:\/\/www.europesays.com\/fi\/wp-json\/wp\/v2\/tags?post=21009"}],"curies":[{"name":"wp","href":"https:\/\/api.w.org\/{rel}","templated":true}]}}