{"id":210235,"date":"2026-04-01T23:28:12","date_gmt":"2026-04-01T23:28:12","guid":{"rendered":"https:\/\/www.europesays.com\/fi\/210235\/"},"modified":"2026-04-01T23:28:12","modified_gmt":"2026-04-01T23:28:12","slug":"seitseman-vuotta-aprillia-sillia-ja-kuravetta-paalle-kulttuuritoimituksen-aprillijutut-2020-2026","status":"publish","type":"post","link":"https:\/\/www.europesays.com\/fi\/210235\/","title":{"rendered":"Seitsem\u00e4n vuotta aprillia, silli\u00e4 ja kuravett\u00e4 p\u00e4\u00e4lle \u2013 Kulttuuritoimituksen aprillijutut 2020\u20132026"},"content":{"rendered":"<p class=\"p1\">Kulttuuritoimitus<\/p>\n<p class=\"p1\">Kulttuuritoimitus aloitti toimintansa 10.5.2019. Sen j\u00e4lkeen olemme julkaisseet jokaisena aprillip\u00e4iv\u00e4n\u00e4 hyv\u00e4n tavan mukaisesti aprillijutun.<\/p>\n<p class=\"p1\">Kulttuuritoimituksen aprillijuttuja on kirjoittanut p\u00e4\u00e4s\u00e4\u00e4nt\u00f6isesti erikoistoimittaja Veikko L\u00e4nsipuro. Juttujen kuvituksessa on k\u00e4ytetty muun muassa Arkkitehtitoimisto JS Anneumin, Suunnittelutoimisto T.A. Collianderin sek\u00e4 graafikko Eemeli T\u00f6rm\u00e4kankaan palveluksia.<\/p>\n<p class=\"p1\">Ensimm\u00e4inen aprillijuttumme vuonna 2020 k\u00e4sitteli Tampereen Tullin kaupunginosassa sijaitsevaa t\u00e4htikatua Walk of Famea, joka p\u00e4\u00e4tettiin purkaa koronaepidemian takia. T\u00e4m\u00e4nvuotinen aprillijuttumme k\u00e4sitteli puolestaan Tampereelle ensi talvena saapuvaa Hollywood-elokuvatuontoa, <b>Robert Zemecksin<\/b> Roger Rabbit -komedian jatko-osaa.<\/p>\n<p class=\"p1\">Aprillijutuissa on puitu my\u00f6s muun muassa N\u00e4sinneulan kylkeen kaavailtua pohjoismaisten sis\u00e4maakaupunkien pisint\u00e4 proosamuraalia, Tapparan j\u00e4\u00e4kiekkojoukkueen valmennuksen inspiroitumista kuvataiteesta sek\u00e4 Pyynikin kes\u00e4teatterin lent\u00e4v\u00e4\u00e4 katsomoa.<\/p>\n<p class=\"p1\">Alta p\u00e4\u00e4set lukemaan kaikki aprillijuttumme. Nauti \u2013 ja h\u00f6rpp\u00e4\u00e4 kuravett\u00e4 p\u00e4\u00e4lle!<\/p>\n<p class=\"p1\" style=\"text-align: center;\">* *<\/p>\n<p>Kulttuuritoimituksen aprillijutut 2020\u20132020<\/p>\n<p class=\"p1\"><b>2020: Tampereen t\u00e4htikatu Walk of Fame puretaan koronaepidemian takia: \u201dT\u00e4hdet ovat liian l\u00e4hell\u00e4 toisiaan\u201d<\/b><\/p>\n<blockquote class=\"wp-embedded-content\" data-secret=\"rkF3hlscuM\">\n<p><a href=\"https:\/\/kulttuuritoimitus.fi\/artikkelit\/artikkelit-musiikki\/tampereen-tahtikatu-walk-of-fame-puretaan-koronaepidemian-takia-tahdet-ovat-liian-lahella-toisiaan\/\" rel=\"nofollow noopener\" target=\"_blank\">Tampereen t\u00e4htikatu Walk of Fame puretaan koronaepidemian takia: \u201dT\u00e4hdet ovat liian l\u00e4hell\u00e4 toisiaan\u201d<\/a><\/p>\n<\/blockquote>\n<p class=\"p1\" style=\"text-align: center;\">* *<\/p>\n<p class=\"p1\"><b>2021: N\u00e4sinneula suljetaan liki kahdeksi vuodeksi yleis\u00f6lt\u00e4 \u2013 n\u00e4k\u00f6tornin runkoon tulee pohjoismaisten sis\u00e4maakaupunkien pisin proosamuraali<\/b><\/p>\n<blockquote class=\"wp-embedded-content\" data-secret=\"cElZRPVm6b\">\n<p><a href=\"https:\/\/kulttuuritoimitus.fi\/artikkelit\/artikkelit-kirjallisuus\/nasinneula-suljetaan-liki-kahdeksi-vuodeksi-yleisolta-nakotornin-runkoon-tulee-pohjoismaisten-sisamaakaupunkien-pisin-proosamuraali\/\" rel=\"nofollow noopener\" target=\"_blank\">N\u00e4sinneula suljetaan liki kahdeksi vuodeksi yleis\u00f6lt\u00e4 \u2013 n\u00e4k\u00f6tornin runkoon tulee pohjoismaisten sis\u00e4maakaupunkien pisin proosamuraali<\/a><\/p>\n<\/blockquote>\n<p style=\"text-align: center;\">* *<\/p>\n<p class=\"p1\"><b>2022: Pyynikill\u00e4 p\u00e4\u00e4see katsomaan kes\u00e4teatteria yl\u00e4ilmoista \u2013 leijuva katsomo nostaa yleis\u00f6n yli 100 metrin korkeuteen<\/b><\/p>\n<blockquote class=\"wp-embedded-content\" data-secret=\"zqe7ebNfeP\">\n<p><a href=\"https:\/\/kulttuuritoimitus.fi\/artikkelit\/artikkelit-teatteri\/pyynikilla-paasee-katsomaan-kesateatteria-ylailmoista-leijuva-katsomo-nostaa-yleison-yli-100-metrin-korkeuteen\/\" rel=\"nofollow noopener\" target=\"_blank\">Pyynikill\u00e4 p\u00e4\u00e4see katsomaan kes\u00e4teatteria yl\u00e4ilmoista \u2013 leijuva katsomo nostaa yleis\u00f6n yli 100 metrin korkeuteen<\/a><\/p>\n<\/blockquote>\n<p>\u00a0<\/p>\n<p class=\"p1\" style=\"text-align: center;\">* *<\/p>\n<p class=\"p1\"><b>2023: Tappara valjastaa teko\u00e4lyn ja kuvataiteen klassikoiden muotokielen osaksi valmennustaan: \u201dMuseokortit on leimattu\u201d<\/b><\/p>\n<blockquote class=\"wp-embedded-content\" data-secret=\"IMm6RO8acm\">\n<p><a href=\"https:\/\/kulttuuritoimitus.fi\/artikkelit\/artikkelit-kuvataide\/tappara-valjastaa-tekoalyn-ja-kuvataiteen-klassikoiden-muotokielen-osaksi-valmennustaan-museokortit-on-leimattu\/\" rel=\"nofollow noopener\" target=\"_blank\">Tappara valjastaa teko\u00e4lyn ja kuvataiteen klassikoiden muotokielen osaksi valmennustaan: \u201dMuseokortit on leimattu\u201d<\/a><\/p>\n<\/blockquote>\n<p>\u00a0<\/p>\n<p class=\"p1\" style=\"text-align: center;\">* *<\/p>\n<p class=\"p1\"><b>2024: Entist\u00e4 lihavampi korvausriita muhii \u00e4\u00e4nikirjabisneksess\u00e4 \u2013 onko hiljainen humina lukijan \u00e4\u00e4nt\u00e4 arvokkaampaa?<\/b><\/p>\n<blockquote class=\"wp-embedded-content\" data-secret=\"hZ4jGYms2t\">\n<p><a href=\"https:\/\/kulttuuritoimitus.fi\/kirjoittaja\/kulttuuritoimitus\/entista-lihavampi-korvausriita-muhii-aanikirjabisneksessa-onko-hiljainen-humina-lukijan-aanta-arvokkaampaa\/\" rel=\"nofollow noopener\" target=\"_blank\">Entist\u00e4 lihavampi korvausriita muhii \u00e4\u00e4nikirjabisneksess\u00e4 \u2013 onko hiljainen humina lukijan \u00e4\u00e4nt\u00e4 arvokkaampaa?<\/a><\/p>\n<\/blockquote>\n<p>\u00a0<\/p>\n<p class=\"p1\" style=\"text-align: center;\">* *<\/p>\n<p class=\"p1\"><b>2025: Takon tehtaalle uutta k\u00e4ytt\u00f6\u00e4 \u2013 Tampere Collaboration Factory Nexus TaCo yhdist\u00e4\u00e4 kulttuurin, kulinarismin ja koskivoiman<\/b><\/p>\n<blockquote class=\"wp-embedded-content\" data-secret=\"w7Y6pDtyps\">\n<p><a href=\"https:\/\/kulttuuritoimitus.fi\/layout2021\/takon-tehtaalle-uutta-kayttoa-tampere-collaboration-factory-nexus-taco-yhdistaa-kulttuurin-kulinarismin-ja-koskivoiman\/\" rel=\"nofollow noopener\" target=\"_blank\">Takon tehtaalle uutta k\u00e4ytt\u00f6\u00e4 \u2013 Tampere Collaboration Factory Nexus TaCo yhdist\u00e4\u00e4 kulttuurin, kulinarismin ja koskivoiman<\/a><\/p>\n<\/blockquote>\n<p>\u00a0<\/p>\n<p class=\"p1\" style=\"text-align: center;\">* *<\/p>\n<p class=\"p1\"><b>2026: J\u00e4lleen yksi Hollywood-tuotanto Tampereelle \u2013 1980-luvun animaatioj\u00e4nis kohtaa Pikku Kakkosen suosikkihahmot<\/b><\/p>\n<blockquote class=\"wp-embedded-content\" data-secret=\"XvlUrtt68e\">\n<p><a href=\"https:\/\/kulttuuritoimitus.fi\/artikkelit\/artikkelit-elokuva\/jalleen-yksi-hollywood-tuotanto-tampereelle-1980-luvun-animaatiojanis-kohtaa-pikku-kakkosen-suosikkihahmot\/\" rel=\"nofollow noopener\" target=\"_blank\">J\u00e4lleen yksi Hollywood-tuotanto Tampereelle \u2013 1980-luvun animaatioj\u00e4nis kohtaa Pikku Kakkosen suosikkihahmot<\/a><\/p>\n<\/blockquote>\n<p>\u00a0<\/p>\n","protected":false},"excerpt":{"rendered":"Kulttuuritoimitus Kulttuuritoimitus aloitti toimintansa 10.5.2019. Sen j\u00e4lkeen olemme julkaisseet jokaisena aprillip\u00e4iv\u00e4n\u00e4 hyv\u00e4n tavan mukaisesti aprillijutun. Kulttuuritoimituksen aprillijuttuja on&hellip;\n","protected":false},"author":2,"featured_media":210236,"comment_status":"","ping_status":"","sticky":false,"template":"","format":"standard","meta":{"footnotes":"","_share_on_mastodon":"0"},"categories":[130],"tags":[31571,31577,137,33,31,30,32,109],"class_list":["post-210235","post","type-post","status-publish","format-standard","has-post-thumbnail","category-viihde","tag-aprillipaiva","tag-aprillipila","tag-entertainment","tag-fi","tag-finland","tag-finnish","tag-suomi","tag-viihde"],"share_on_mastodon":{"url":"https:\/\/pubeurope.com\/@fi\/116332049555001078","error":""},"_links":{"self":[{"href":"https:\/\/www.europesays.com\/fi\/wp-json\/wp\/v2\/posts\/210235","targetHints":{"allow":["GET"]}}],"collection":[{"href":"https:\/\/www.europesays.com\/fi\/wp-json\/wp\/v2\/posts"}],"about":[{"href":"https:\/\/www.europesays.com\/fi\/wp-json\/wp\/v2\/types\/post"}],"author":[{"embeddable":true,"href":"https:\/\/www.europesays.com\/fi\/wp-json\/wp\/v2\/users\/2"}],"replies":[{"embeddable":true,"href":"https:\/\/www.europesays.com\/fi\/wp-json\/wp\/v2\/comments?post=210235"}],"version-history":[{"count":0,"href":"https:\/\/www.europesays.com\/fi\/wp-json\/wp\/v2\/posts\/210235\/revisions"}],"wp:featuredmedia":[{"embeddable":true,"href":"https:\/\/www.europesays.com\/fi\/wp-json\/wp\/v2\/media\/210236"}],"wp:attachment":[{"href":"https:\/\/www.europesays.com\/fi\/wp-json\/wp\/v2\/media?parent=210235"}],"wp:term":[{"taxonomy":"category","embeddable":true,"href":"https:\/\/www.europesays.com\/fi\/wp-json\/wp\/v2\/categories?post=210235"},{"taxonomy":"post_tag","embeddable":true,"href":"https:\/\/www.europesays.com\/fi\/wp-json\/wp\/v2\/tags?post=210235"}],"curies":[{"name":"wp","href":"https:\/\/api.w.org\/{rel}","templated":true}]}}