{"id":210397,"date":"2026-04-02T04:10:10","date_gmt":"2026-04-02T04:10:10","guid":{"rendered":"https:\/\/www.europesays.com\/fi\/210397\/"},"modified":"2026-04-02T04:10:10","modified_gmt":"2026-04-02T04:10:10","slug":"farmi-suomi-vaikea-tehtava-saa-noriko-salon-itkemaan","status":"publish","type":"post","link":"https:\/\/www.europesays.com\/fi\/210397\/","title":{"rendered":"Farmi Suomi: Vaikea teht\u00e4v\u00e4 saa Noriko Salon itkem\u00e4\u00e4n"},"content":{"rendered":"<p>\n            Noriko Salo saa vastuullisen teht\u00e4v\u00e4n.<br \/>\n            Alpertti Rieskj\u00e4rvi\/Sanoma\n        <\/p>\n<p class=\"subtitle \">Tunteet nousevat pintaan, kun kisaajien m\u00e4\u00e4r\u00e4 v\u00e4henee.<\/p>\n<p class=\"article-content article-content-width !bg-background\">Nelosen Farmi Suomen nelj\u00e4nness\u00e4 jaksossa kilpailijoiden tunteet alkavat nousta yh\u00e4 enemm\u00e4n pintaan.<\/p>\n<p class=\"font-weight-bold m-font-weight-bold article-content article-content-width !bg-background\">Varo paljastuksia 4. jaksosta!<\/p>\n<p class=\"font-weight-bold m-font-weight-bold article-content article-content-width !bg-background\">Video: Pehtoori esittelee tilaa.<\/p>\n<p class=\"article-content article-content-width !bg-background\">Kisasta on poistunut jo nelj\u00e4 kilpailijaa, kun ,  ja  ovat pudonneet kaksintaistelussa ja  on poistunut tilalta \u201cmaitojunalla\u201d omasta tahdostaan.<\/p>\n<p class=\"article-content article-content-width !bg-background\">Kun juontaja  lukee tuvassa Sinin j\u00e4\u00e4hyv\u00e4iskirjett\u00e4, alkavat kyyneleet virrata.<\/p>\n<p class=\"article-content article-content-width !bg-background\">\u2013\u00a0Voin vilpitt\u00f6m\u00e4sti ilmoittaa, etten ollut kenellek\u00e4\u00e4n teist\u00e4 allerginen, Sini kirjoittaa.<\/p>\n<p class=\"article-content article-content-width !bg-background\">Kun Sini kiitt\u00e4\u00e4 keitti\u00f6ss\u00e4 kanssaan puuhailleita, kostuvat  silm\u00e4t. Sen j\u00e4lkeen kyyneleet alkavat vuotaa  silmist\u00e4, kun Sini l\u00e4hett\u00e4\u00e4 h\u00e4nelle erityisen l\u00e4mpim\u00e4t terveiset.<\/p>\n<p class=\"article-content article-content-width !bg-background\">\u2013\u00a0Kiitos Janne, ett\u00e4 sain susta ihan ensimm\u00e4isten joukossa uuden ihanan yst\u00e4v\u00e4n. Lupaathan laittaa mulle viesti\u00e4 heti kun palaat Helsinkiin, Sini kirjoittaa.<\/p>\n<p class=\"article-content article-content-width !bg-background\">T\u00e4ss\u00e4 vaiheessa Janne pyyhkii silmi\u00e4\u00e4n kaksin k\u00e4sin.<\/p>\n<p class=\"article-content article-content-width !bg-background\">\u2013 Kiitos Noriko sun maadoittavasta energiasta, Sini jatkaa kirjett\u00e4\u00e4n.<\/p>\n<p>                <img loading=\"lazy\" decoding=\"async\" src=\"https:\/\/www.europesays.com\/fi\/wp-content\/uploads\/2026\/04\/2118313.webp.jpeg\" width=\"576\" height=\"322\" title=\"Kilpailijoiden v\u00e4hetess\u00e4 tunteet nousevat.\" alt=\"Kisassa j\u00e4ljell\u00e4 olevat kilpailijat yhteiskuvassa.\" \/>            <\/p>\n<p>\n            Kilpailijoiden v\u00e4hetess\u00e4 tunteet nousevat.<br \/>\n            Alpertti Rieskj\u00e4rvi\/Sanoma\n        <\/p>\n<p>        <a itemprop=\"url\" href=\"https:\/\/www.seiska.fi\/katso\/tunnelma-kiristyy-farmi-suomessa-riiko-pyytaa-anteeksi\/2111063\" rel=\"nofollow noopener\" target=\"_blank\"><\/p>\n<p>\nFarmi Suomi\n<\/p>\n<p class=\"section-date\">\n        <strong class=\"article-section\" data-section=\"katso\"><br \/>\n            katso<br \/>\n        <\/strong><br \/>\n        26.3. 05:15\n    <\/p>\n<p>Tunnelma kiristyy Farmi Suomessa \u2013 Riiko pyyt\u00e4\u00e4 anteeksi\n    <\/p>\n<p itemprop=\"description\" class=\"subtitle \">\n    Kaksintaistelua edelt\u00e4neet k\u00e4\u00e4nteet hiert\u00e4v\u00e4t monen kisaajan mielt\u00e4.\n<\/p>\n<p>        <\/a><\/p>\n<p>Noriko saa t\u00e4rke\u00e4n teht\u00e4v\u00e4n<\/p>\n<p class=\"article-content article-content-width !bg-background\">Pudonneen teht\u00e4v\u00e4n\u00e4 on nimet\u00e4 uusi torppari, ja siihen teht\u00e4v\u00e4\u00e4n Sini on valinnut Norikon. T\u00e4m\u00e4n kuultuaan Noriko vuodattaa lis\u00e4\u00e4 kyyneli\u00e4.<\/p>\n<p class=\"article-content article-content-width !bg-background\">Torpparina Norikon velvollisuutena on valita joku aittalaisista seuraavaan kaksintaisteluun. Velvollisuus saa Norikon puhkeamaan itkuun.<\/p>\n<p class=\"article-content article-content-width !bg-background\">\u2013\u00a0M\u00e4 mietin niin paljon\u2026 Kaikki on niin hyvi\u00e4 ihmisi\u00e4 t\u00e4\u00e4ll\u00e4, Noriko saa sanottua kyynelten keskelt\u00e4.<\/p>\n<p class=\"article-content article-content-width !bg-background\">Lopulta h\u00e4n saa koottua itsens\u00e4 ja paljastettua valintansa. Kaksintaisteluun joutuu se kisaaja, jonka Noriko kokee suurimmaksi uhaksi itselleen.<\/p>\n<p class=\"italic m-italic article-content article-content-width !bg-background\">Farmi Suomi torstaisin Nelosella ja Ruudussa. Maksullisessa Ruutu+:sa uusi jakso julkaistaan jo viikko etuk\u00e4teen.<\/p>\n<p>        <a itemprop=\"url\" href=\"https:\/\/www.seiska.fi\/katso\/farmi-suomi-frederikin-viimeiset-sanat-kummastuttavat-vahan-pelottaa-lukea-tata\/2104736\" rel=\"nofollow noopener\" target=\"_blank\"><\/p>\n<p>\nFarmi Suomi:\n<\/p>\n<p class=\"section-date\">\n        <strong class=\"article-section\" data-section=\"katso\"><br \/>\n            katso<br \/>\n        <\/strong><br \/>\n        18.3. 05:15\n    <\/p>\n<p>Farmi Suomi: Frederikin viimeiset sanat kummastuttavat \u2013 \u201cV\u00e4h\u00e4n pelottaa lukea t\u00e4t\u00e4\u201d\n    <\/p>\n<p itemprop=\"description\" class=\"subtitle \">\n    Kisasta pudonnut konkarilaulaja j\u00e4tti kilpakumppaneilleen erikoisen viestin.\n<\/p>\n<p>        <\/a><\/p>\n","protected":false},"excerpt":{"rendered":"Noriko Salo saa vastuullisen teht\u00e4v\u00e4n. Alpertti Rieskj\u00e4rvi\/Sanoma Tunteet nousevat pintaan, kun kisaajien m\u00e4\u00e4r\u00e4 v\u00e4henee. Nelosen Farmi Suomen nelj\u00e4nness\u00e4&hellip;\n","protected":false},"author":2,"featured_media":210398,"comment_status":"","ping_status":"","sticky":false,"template":"","format":"standard","meta":{"footnotes":"","_share_on_mastodon":"0"},"categories":[133],"tags":[137,1762,33,31,30,14783,18071,20976,18336,1758,1757,2385,24094,32,1755,206,156,109],"class_list":["post-210397","post","type-post","status-publish","format-standard","has-post-thumbnail","category-televisiot","tag-entertainment","tag-farmi-suomi","tag-fi","tag-finland","tag-finnish","tag-itku","tag-janne-naakka","tag-kirje","tag-kyyneleet","tag-nelonen","tag-noriko-salo","tag-reality","tag-sini-sabotage","tag-suomi","tag-susanna-laine","tag-televisiot","tag-tv","tag-viihde"],"share_on_mastodon":{"url":"https:\/\/pubeurope.com\/@fi\/116333158512400203","error":""},"_links":{"self":[{"href":"https:\/\/www.europesays.com\/fi\/wp-json\/wp\/v2\/posts\/210397","targetHints":{"allow":["GET"]}}],"collection":[{"href":"https:\/\/www.europesays.com\/fi\/wp-json\/wp\/v2\/posts"}],"about":[{"href":"https:\/\/www.europesays.com\/fi\/wp-json\/wp\/v2\/types\/post"}],"author":[{"embeddable":true,"href":"https:\/\/www.europesays.com\/fi\/wp-json\/wp\/v2\/users\/2"}],"replies":[{"embeddable":true,"href":"https:\/\/www.europesays.com\/fi\/wp-json\/wp\/v2\/comments?post=210397"}],"version-history":[{"count":0,"href":"https:\/\/www.europesays.com\/fi\/wp-json\/wp\/v2\/posts\/210397\/revisions"}],"wp:featuredmedia":[{"embeddable":true,"href":"https:\/\/www.europesays.com\/fi\/wp-json\/wp\/v2\/media\/210398"}],"wp:attachment":[{"href":"https:\/\/www.europesays.com\/fi\/wp-json\/wp\/v2\/media?parent=210397"}],"wp:term":[{"taxonomy":"category","embeddable":true,"href":"https:\/\/www.europesays.com\/fi\/wp-json\/wp\/v2\/categories?post=210397"},{"taxonomy":"post_tag","embeddable":true,"href":"https:\/\/www.europesays.com\/fi\/wp-json\/wp\/v2\/tags?post=210397"}],"curies":[{"name":"wp","href":"https:\/\/api.w.org\/{rel}","templated":true}]}}