{"id":211000,"date":"2026-04-02T19:28:16","date_gmt":"2026-04-02T19:28:16","guid":{"rendered":"https:\/\/www.europesays.com\/fi\/211000\/"},"modified":"2026-04-02T19:28:16","modified_gmt":"2026-04-02T19:28:16","slug":"vuoto-suomalainen-hmd-valmistelee-neljaa-uutta-alypuhelinta","status":"publish","type":"post","link":"https:\/\/www.europesays.com\/fi\/211000\/","title":{"rendered":"Vuoto: Suomalainen HMD valmistelee nelj\u00e4\u00e4 uutta \u00e4lypuhelinta"},"content":{"rendered":"<p><img loading=\"lazy\" decoding=\"async\" aria-describedby=\"caption-attachment-156319\" class=\"size-large wp-image-156319\" src=\"https:\/\/www.europesays.com\/fi\/wp-content\/uploads\/2026\/04\/hmd-arc-2-1024x576.jpg\" alt=\"\" width=\"1024\" height=\"576\"\/><\/p>\n<p id=\"caption-attachment-156319\" class=\"wp-caption-text\">HMD Arc 2<\/p>\n<p>HMD Global valmistelee useita uusia \u00e4lypuhelimia vuodelle 2026, ja tuore vuoto paljastaa jo varsin kattavasti tulevien mallien teknisi\u00e4 tietoja. L\u00e4hteen\u00e4 toimivan X-k\u00e4ytt\u00e4j\u00e4n mukaan yhti\u00f6lt\u00e4 on tulossa nelj\u00e4 uutta laitetta, jotka ovat HMD Arc 2, Key 2, Crest 2 ja Crest 2 Pro.<\/p>\n<p>Vuodon perusteella HMD:n strategia n\u00e4ytt\u00e4\u00e4 jakautuvan kahteen selke\u00e4\u00e4n kategoriaan. Yhti\u00f6 jatkaa panostamista edullisiin perus\u00e4lypuhelimiin, mutta tuo rinnalle my\u00f6s hieman suorituskykyisempi\u00e4 5G-\u00e4lypuhelimia keskihintaluokkaan.<\/p>\n<p>\n\t\t\tArtikkeli jatkuu mainoksen j\u00e4lkeen\n\t\t<\/p>\n<p><img loading=\"lazy\" decoding=\"async\" aria-describedby=\"caption-attachment-156321\" class=\" wp-image-156321\" src=\"https:\/\/www.europesays.com\/fi\/wp-content\/uploads\/2026\/04\/hmd-key-2.jpg\" alt=\"\" width=\"406\" height=\"495\"\/><\/p>\n<p id=\"caption-attachment-156321\" class=\"wp-caption-text\">HMD Key 2<\/p>\n<p>Edullisempaa p\u00e4\u00e4t\u00e4 edustavat HMD Arc 2 ja Key 2, jotka on suunnattu k\u00e4ytt\u00e4jille, jotka arvostavat yksinkertaisuutta ja pitk\u00e4\u00e4 akunkestoa. Molemmat mallit k\u00e4ytt\u00e4v\u00e4t kevyemp\u00e4\u00e4 Android 15 Go Edition -versiota, joka on optimoitu vaatimattomammalle raudalle.<\/p>\n<p>HMD Arc 2 tarjoaa 6,56 tuuman HD+-n\u00e4yt\u00f6n 90 hertsin virkistystaajuudella, mik\u00e4 on edelleen harvinaista aivan halvimmassa hintaluokassa. Suorituskyvyst\u00e4 vastaa Unisoc T606 -j\u00e4rjestelm\u00e4piiri, jonka tukena on 4 gigatavua RAM-muistia ja 64 gigatavua tallennustilaa. Akun kapasiteetti on 5 000 milliampeerituntia ja latausteho j\u00e4\u00e4 10 wattiin.<\/p>\n<p>\n\t\t\tArtikkeli jatkuu mainoksen j\u00e4lkeen\n\t\t<\/p>\n<p>HMD Key 2 jatkaa pitk\u00e4lti samalla linjalla, mutta k\u00e4ytt\u00e4\u00e4 hieman eri Unisoc T310 -piiri\u00e4. Muutoin laitteet ovat hyvin samankaltaisia, molemmista l\u00f6ytyy 5 megapikselin etukamera sek\u00e4 takaa 13 megapikselin p\u00e4\u00e4kamera syvyysanturilla.<\/p>\n<p>Selv\u00e4sti kiinnostavampi uutuus monille on kuitenkin Crest-mallisto, jossa Qualcomm Snapdragon 4 Gen 4 5G -piiri tuo mukanaan tuen 5G-yhteyksille sek\u00e4 paremman suorituskyvyn.<\/p>\n<p>\n\t\t\tArtikkeli jatkuu mainoksen j\u00e4lkeen\n\t\t<\/p>\n<p><img loading=\"lazy\" decoding=\"async\" aria-describedby=\"caption-attachment-156318\" class=\"size-large wp-image-156318\" src=\"https:\/\/www.europesays.com\/fi\/wp-content\/uploads\/2026\/04\/hmd-crest-2-pro-1-1024x683.jpg\" alt=\"\" width=\"1024\" height=\"683\"\/><\/p>\n<p id=\"caption-attachment-156318\" class=\"wp-caption-text\">HMD Crest 2 Pro<\/p>\n<p>Huippumalli HMD Crest 2 Pro sis\u00e4lt\u00e4\u00e4 6,78 tuuman AMOLED-n\u00e4yt\u00f6n Full HD+ -tarkkuudella ja 120 hertsin virkistystaajuudella. Akun koko kasvaa per\u00e4ti 6 000 milliampeerituntiin ja latausteho nousee 33 wattiin. Kamerapuolella p\u00e4\u00e4sensori ylt\u00e4\u00e4 64 megapikseliin, ja kokonaisuus sis\u00e4lt\u00e4\u00e4 kolme takakameraa. Etukameran tarkkuus on puolestaan 50 megapikseli\u00e4.<\/p>\n<p>Muistia Crest 2 Prossa on 8 gigatavua ja tallennustilaa 256 gigatavua. Lis\u00e4ksi mukana on IP65-luokiteltu rakenne sek\u00e4 OZO Audio -stereokaiuttimet.<\/p>\n<p><img loading=\"lazy\" decoding=\"async\" aria-describedby=\"caption-attachment-156317\" class=\"size-large wp-image-156317\" src=\"https:\/\/www.europesays.com\/fi\/wp-content\/uploads\/2026\/04\/hmd-crest-2-1-1024x683.jpg\" alt=\"\" width=\"1024\" height=\"683\"\/><\/p>\n<p id=\"caption-attachment-156317\" class=\"wp-caption-text\">HMD Crest 2<\/p>\n<p>HMD Crest 2 tarjoaa pitk\u00e4lti saman kokonaisuuden hieman karsitummilla ominaisuuksilla. RAM-muistia on 6 gigatavua, p\u00e4\u00e4kamera on 50 megapikseli\u00e4 ja n\u00e4yt\u00f6n virkistystaajuus j\u00e4\u00e4 90 hertsiin. Muut keskeiset ominaisuudet s\u00e4ilyv\u00e4t ennallaan, kuten 6 000 milliampeeritunnin akku ja 33 watin lataus.<\/p>\n<p>Ohjelmistopuolella Crest-mallit toimitetaan Android 16 -k\u00e4ytt\u00f6j\u00e4rjestelm\u00e4ll\u00e4, kun taas edullisemmat Arc 2 ja Key 2 tyytyv\u00e4t Android 15 Go Editioniin.<\/p>\n<p>Toistaiseksi HMD ei ole vahvistanut laitteiden julkaisuaikataulua tai hinnoittelua. Vuotojen perusteella uutuudet saatetaan n\u00e4hd\u00e4 ensimm\u00e4isen\u00e4 Intian markkinoilla, mink\u00e4 j\u00e4lkeen ne voisivat laajentua my\u00f6s muille alueille.<\/p>\n<p><strong>L\u00e4hde<\/strong>: <a href=\"https:\/\/x.com\/smashx_60\" target=\"_blank\" rel=\"noopener nofollow\">X<\/a><\/p>\n","protected":false},"excerpt":{"rendered":"HMD Arc 2 HMD Global valmistelee useita uusia \u00e4lypuhelimia vuodelle 2026, ja tuore vuoto paljastaa jo varsin kattavasti&hellip;\n","protected":false},"author":2,"featured_media":211001,"comment_status":"","ping_status":"","sticky":false,"template":"","format":"standard","meta":{"footnotes":"","_share_on_mastodon":"0"},"categories":[84],"tags":[33,31,30,1139,31632,31633,31634,1141,31635,32,91,92,800],"class_list":["post-211000","post","type-post","status-publish","format-standard","has-post-thumbnail","category-teknologia","tag-fi","tag-finland","tag-finnish","tag-hmd","tag-hmd-arc-2","tag-hmd-crest-2","tag-hmd-crest-2-pro","tag-hmd-global","tag-hmd-key-2","tag-suomi","tag-technology","tag-teknologia","tag-vuoto"],"share_on_mastodon":{"url":"https:\/\/pubeurope.com\/@fi\/116336768218602091","error":""},"_links":{"self":[{"href":"https:\/\/www.europesays.com\/fi\/wp-json\/wp\/v2\/posts\/211000","targetHints":{"allow":["GET"]}}],"collection":[{"href":"https:\/\/www.europesays.com\/fi\/wp-json\/wp\/v2\/posts"}],"about":[{"href":"https:\/\/www.europesays.com\/fi\/wp-json\/wp\/v2\/types\/post"}],"author":[{"embeddable":true,"href":"https:\/\/www.europesays.com\/fi\/wp-json\/wp\/v2\/users\/2"}],"replies":[{"embeddable":true,"href":"https:\/\/www.europesays.com\/fi\/wp-json\/wp\/v2\/comments?post=211000"}],"version-history":[{"count":0,"href":"https:\/\/www.europesays.com\/fi\/wp-json\/wp\/v2\/posts\/211000\/revisions"}],"wp:featuredmedia":[{"embeddable":true,"href":"https:\/\/www.europesays.com\/fi\/wp-json\/wp\/v2\/media\/211001"}],"wp:attachment":[{"href":"https:\/\/www.europesays.com\/fi\/wp-json\/wp\/v2\/media?parent=211000"}],"wp:term":[{"taxonomy":"category","embeddable":true,"href":"https:\/\/www.europesays.com\/fi\/wp-json\/wp\/v2\/categories?post=211000"},{"taxonomy":"post_tag","embeddable":true,"href":"https:\/\/www.europesays.com\/fi\/wp-json\/wp\/v2\/tags?post=211000"}],"curies":[{"name":"wp","href":"https:\/\/api.w.org\/{rel}","templated":true}]}}