{"id":21109,"date":"2025-08-30T23:22:32","date_gmt":"2025-08-30T23:22:32","guid":{"rendered":"https:\/\/www.europesays.com\/fi\/21109\/"},"modified":"2025-08-30T23:22:32","modified_gmt":"2025-08-30T23:22:32","slug":"iida-karjalainen-29-on-morsian-joka-tietaa-mita-haluaa-ja-on-sen-myos-haasomessaan-avoimesti-kertonut","status":"publish","type":"post","link":"https:\/\/www.europesays.com\/fi\/21109\/","title":{"rendered":"Iida Karjalainen, 29, on morsian, joka tiet\u00e4\u00e4 mit\u00e4 haluaa, ja on sen my\u00f6s h\u00e4\u00e4somessaan avoimesti kertonut."},"content":{"rendered":"<p class=\"article-ingress--xlarge article-ingress__spacing\">Puolentoista vuoden ajan Iida Karjalainen on joka p\u00e4iv\u00e4 jollain tasolla, enemm\u00e4n tai v\u00e4hemm\u00e4n ajatellut h\u00e4it\u00e4\u00e4n: 29-vuotias morsian tiet\u00e4\u00e4, mit\u00e4 haluaa, ja on sen my\u00f6s h\u00e4\u00e4somessaan avoimesti kertonut.<\/p>\n<p><img decoding=\"async\" src=\"https:\/\/www.europesays.com\/fi\/wp-content\/uploads\/2025\/08\/1756596152_37_978.jpg\" alt=\"Iida Karjalaisella oli alusta asti selke\u00e4 visio h\u00e4\u00e4puvun tyylist\u00e4. \u201dTied\u00e4n, mik\u00e4 malli imartelee minua parhaiten.\u201d\" class=\"_Img_tdqg8_1\" style=\"aspect-ratio:1.3333333333333333\" loading=\"eager\"\/><\/p>\n<p class=\"article-picture-caption\">Iida Karjalaisella oli alusta asti selke\u00e4 visio h\u00e4\u00e4puvun tyylist\u00e4. \u201dTied\u00e4n, mik\u00e4 malli imartelee minua parhaiten.\u201d Kuva:\u00a0Vilhelmiina Penttil\u00e4<\/p>\n<p class=\"article-body margin-bottom-24 padding-x-16\">\u201dTajusin heti, ett\u00e4 h\u00e4n on minun tuleva aviomieheni tai vuosisadan pahin syd\u00e4nsuru.\u201d Tinder-deitti tuli hakemaan <a class=\"article-personlink\" href=\"https:\/\/www.satakunnankansa.fi\/haku\/?query=Iida%20Karjalaista\" rel=\"nofollow noopener\" target=\"_blank\">Iida Karjalaista<\/a> ensimm\u00e4isille treffeille moottoripy\u00f6r\u00e4ll\u00e4, mutta ei viel\u00e4 tiennyt, ett\u00e4 oli todellisuudessa ajanut suoraan tyt\u00f6n syd\u00e4meen.<\/p>\n<p>KommentoiIlmoita asiavirheest\u00e4KommentoiIlmoita asiavirheest\u00e4<\/p>\n","protected":false},"excerpt":{"rendered":"Puolentoista vuoden ajan Iida Karjalainen on joka p\u00e4iv\u00e4 jollain tasolla, enemm\u00e4n tai v\u00e4hemm\u00e4n ajatellut h\u00e4it\u00e4\u00e4n: 29-vuotias morsian tiet\u00e4\u00e4,&hellip;\n","protected":false},"author":2,"featured_media":21110,"comment_status":"","ping_status":"","sticky":false,"template":"","format":"standard","meta":{"footnotes":""},"categories":[136],"tags":[407,137,33,31,30,408,80,32,109],"class_list":{"0":"post-21109","1":"post","2":"type-post","3":"status-publish","4":"format-standard","5":"has-post-thumbnail","7":"category-julkkikset","8":"tag-celebrities","9":"tag-entertainment","10":"tag-fi","11":"tag-finland","12":"tag-finnish","13":"tag-julkkikset","14":"tag-satakunnan-kansa","15":"tag-suomi","16":"tag-viihde"},"share_on_mastodon":{"url":"","error":""},"_links":{"self":[{"href":"https:\/\/www.europesays.com\/fi\/wp-json\/wp\/v2\/posts\/21109","targetHints":{"allow":["GET"]}}],"collection":[{"href":"https:\/\/www.europesays.com\/fi\/wp-json\/wp\/v2\/posts"}],"about":[{"href":"https:\/\/www.europesays.com\/fi\/wp-json\/wp\/v2\/types\/post"}],"author":[{"embeddable":true,"href":"https:\/\/www.europesays.com\/fi\/wp-json\/wp\/v2\/users\/2"}],"replies":[{"embeddable":true,"href":"https:\/\/www.europesays.com\/fi\/wp-json\/wp\/v2\/comments?post=21109"}],"version-history":[{"count":0,"href":"https:\/\/www.europesays.com\/fi\/wp-json\/wp\/v2\/posts\/21109\/revisions"}],"wp:featuredmedia":[{"embeddable":true,"href":"https:\/\/www.europesays.com\/fi\/wp-json\/wp\/v2\/media\/21110"}],"wp:attachment":[{"href":"https:\/\/www.europesays.com\/fi\/wp-json\/wp\/v2\/media?parent=21109"}],"wp:term":[{"taxonomy":"category","embeddable":true,"href":"https:\/\/www.europesays.com\/fi\/wp-json\/wp\/v2\/categories?post=21109"},{"taxonomy":"post_tag","embeddable":true,"href":"https:\/\/www.europesays.com\/fi\/wp-json\/wp\/v2\/tags?post=21109"}],"curies":[{"name":"wp","href":"https:\/\/api.w.org\/{rel}","templated":true}]}}