{"id":21117,"date":"2025-08-30T23:34:09","date_gmt":"2025-08-30T23:34:09","guid":{"rendered":"https:\/\/www.europesays.com\/fi\/21117\/"},"modified":"2025-08-30T23:34:09","modified_gmt":"2025-08-30T23:34:09","slug":"poliisi-etsii-8-vuotiasta-tyttoa-vantaalla","status":"publish","type":"post","link":"https:\/\/www.europesays.com\/fi\/21117\/","title":{"rendered":"Poliisi etsii 8-vuotiasta tytt\u00f6\u00e4 Vantaalla"},"content":{"rendered":"<p>Poliisi pyyt\u00e4\u00e4 kaikki havainnot yleiseen h\u00e4t\u00e4numeroon 112.<\/p>\n<p><img decoding=\"async\" class=\"image image-show image-preview\" src=\"https:\/\/www.europesays.com\/fi\/wp-content\/uploads\/2025\/08\/1756596849_833_134981be4a4dada800fb9d1f71141a7454193c69f88aee17e41b856d25e8d7c4.jpg\" alt=\"\"\/><img decoding=\"async\" class=\"image image-show\" src=\"https:\/\/www.europesays.com\/fi\/wp-content\/uploads\/2025\/08\/1756596849_481_134981be4a4dada800fb9d1f71141a7454193c69f88aee17e41b856d25e8d7c4.jpg\" alt=\"\"\/><\/p>\n<p>Poliisi pyyt\u00e4\u00e4 havaintoja Vantaalla kadonneesta tyt\u00f6st\u00e4. Kuvituskuva. Inka Soveri<\/p>\n<p class=\"paragraph\">Vantaan Vaskipellossa on kadonnut 8-vuotias tytt\u00f6, kertoo It\u00e4-Uudenmaan poliisilaitos. Poliisin mukaan tytt\u00f6 liikkuu yleens\u00e4 Kaivokselan tai Myyrm\u00e4en alueella Vantaalla, mutta h\u00e4n voi liikkua my\u00f6s laajemmalla alueella.<\/p>\n<p class=\"paragraph\">Tyt\u00f6ll\u00e4 on yll\u00e4\u00e4n mustat housut, violetti huppari ja pinkit kumisaappaat, joissa on karvareunus. H\u00e4nell\u00e4 on mukanaan pinkki Bj\u00f6rn Borg -merkkinen reppu. Kadonnut on noin 130 sentti\u00e4 pitk\u00e4, ruumiinrakenteeltaan hoikka ja h\u00e4nell\u00e4 on ruskeat, pitk\u00e4t hiukset.<\/p>\n<p class=\"paragraph\">Poliisi pyyt\u00e4\u00e4 ilmoittamaan havainnot kadonneesta h\u00e4t\u00e4numeroon 112.<\/p>\n<p>Poliisi pyyt\u00e4\u00e4 havaintoja Vantaalla kadonneesta 8-vuotiaasta tyt\u00f6st\u00e4. poliisi<\/p>\n","protected":false},"excerpt":{"rendered":"Poliisi pyyt\u00e4\u00e4 kaikki havainnot yleiseen h\u00e4t\u00e4numeroon 112. Poliisi pyyt\u00e4\u00e4 havaintoja Vantaalla kadonneesta tyt\u00f6st\u00e4. Kuvituskuva. Inka Soveri Vantaan Vaskipellossa&hellip;\n","protected":false},"author":2,"featured_media":21118,"comment_status":"","ping_status":"","sticky":false,"template":"","format":"standard","meta":{"footnotes":""},"categories":[14],"tags":[35,22,23,26,27,33,31,30,17,55,24,25,28,29,15,18,21,122,54,52,32,19,20,546,56,16,59,60,61],"class_list":{"0":"post-21117","1":"post","2":"type-post","3":"status-publish","4":"format-standard","5":"has-post-thumbnail","7":"category-ulkomaat","8":"tag-24h","9":"tag-breaking-news","10":"tag-breakingnews","11":"tag-featured-news","12":"tag-featurednews","13":"tag-fi","14":"tag-finland","15":"tag-finnish","16":"tag-headlines","17":"tag-lainvalvonta","18":"tag-latest-news","19":"tag-latestnews","20":"tag-main-news","21":"tag-mainnews","22":"tag-news","23":"tag-otsikot","24":"tag-paauutiset","25":"tag-pelastaminen","26":"tag-pelastuspalvelut","27":"tag-poliisi","28":"tag-suomi","29":"tag-top-stories","30":"tag-topstories","31":"tag-turvallisuus","32":"tag-ulkomaat","33":"tag-uutiset","34":"tag-world","35":"tag-world-news","36":"tag-worldnews"},"share_on_mastodon":{"url":"","error":""},"_links":{"self":[{"href":"https:\/\/www.europesays.com\/fi\/wp-json\/wp\/v2\/posts\/21117","targetHints":{"allow":["GET"]}}],"collection":[{"href":"https:\/\/www.europesays.com\/fi\/wp-json\/wp\/v2\/posts"}],"about":[{"href":"https:\/\/www.europesays.com\/fi\/wp-json\/wp\/v2\/types\/post"}],"author":[{"embeddable":true,"href":"https:\/\/www.europesays.com\/fi\/wp-json\/wp\/v2\/users\/2"}],"replies":[{"embeddable":true,"href":"https:\/\/www.europesays.com\/fi\/wp-json\/wp\/v2\/comments?post=21117"}],"version-history":[{"count":0,"href":"https:\/\/www.europesays.com\/fi\/wp-json\/wp\/v2\/posts\/21117\/revisions"}],"wp:featuredmedia":[{"embeddable":true,"href":"https:\/\/www.europesays.com\/fi\/wp-json\/wp\/v2\/media\/21118"}],"wp:attachment":[{"href":"https:\/\/www.europesays.com\/fi\/wp-json\/wp\/v2\/media?parent=21117"}],"wp:term":[{"taxonomy":"category","embeddable":true,"href":"https:\/\/www.europesays.com\/fi\/wp-json\/wp\/v2\/categories?post=21117"},{"taxonomy":"post_tag","embeddable":true,"href":"https:\/\/www.europesays.com\/fi\/wp-json\/wp\/v2\/tags?post=21117"}],"curies":[{"name":"wp","href":"https:\/\/api.w.org\/{rel}","templated":true}]}}