{"id":211217,"date":"2026-04-03T01:25:12","date_gmt":"2026-04-03T01:25:12","guid":{"rendered":"https:\/\/www.europesays.com\/fi\/211217\/"},"modified":"2026-04-03T01:25:12","modified_gmt":"2026-04-03T01:25:12","slug":"podcast-janni-hussi-kavi-allottavassa-kauneusoperaatiossa","status":"publish","type":"post","link":"https:\/\/www.europesays.com\/fi\/211217\/","title":{"rendered":"Podcast: Janni Hussi k\u00e4vi \u00e4ll\u00f6tt\u00e4v\u00e4ss\u00e4 kauneusoperaatiossa"},"content":{"rendered":"<p>            SANIA_SVINARENKO\n        <\/p>\n<p class=\"subtitle \">Janni Hussi heitt\u00e4ytyi trendeihin mukaan, yll\u00e4tt\u00e4vin vaikutuksin.<\/p>\n<p class=\"article-content article-content-width !bg-background\">Autourheilun maailmassa rapa saattaa v\u00e4lill\u00e4 roiskua. Rallikartturi  on kuitenkin osoittanut, ettei pelk\u00e4\u00e4 likaantua.\u00a0\u00a0<\/p>\n<p class=\"font-weight-bold m-font-weight-bold article-content article-content-width !bg-background\">Video: N\u00e4in Janni Hussi on muuttunut:<\/p>\n<p class=\"article-content article-content-width !bg-background\">Janni on her\u00e4tt\u00e4nyt ihastusta uskaltamalla esiinty\u00e4 julkisestikin ilman meikki\u00e4 ja verkkarit p\u00e4\u00e4ll\u00e4\u00e4n. Siit\u00e4 huolimatta Jannikin nauttii ajoittain itsens\u00e4 puunaamisesta. H\u00e4n paljastaakin Sana on vapaa -podcastin tuoreessa jaksossa <a href=\"https:\/\/podimo.com\/fi\/shows\/sana-on-vapaa\" target=\"_blank\" rel=\"nofollow noopener\">kokeilleensa kauneuden eteen my\u00f6s kyseenalaisempia keinoja<\/a>.\u00a0<\/p>\n<p>Kalassako kauneuden salaisuus?<\/p>\n<p class=\"article-content article-content-width !bg-background\">Somevaikuttajanakin ty\u00f6skentelev\u00e4 Janni kertoo juontokaverilleen  ihailevansa monien muiden influenssereiden upeaa ihoa. Etenkin ex-missi  on tehnyt Janniin hele\u00e4ll\u00e4 ihollaan vaikutuksen.\u00a0<\/p>\n<p>                <img decoding=\"async\" src=\"https:\/\/www.europesays.com\/fi\/wp-content\/uploads\/2026\/04\/2118788.webp.jpeg\" width=\"576\" height=\"720\" alt=\"Juontajanakin loistanut Janni on kokeillut kauneuden eteen my\u00f6s erikoisempia keinoja.\" loading=\"lazy\" \/>            <\/p>\n<p>\n            Juontajanakin loistanut Janni on kokeillut kauneuden eteen my\u00f6s erikoisempia keinoja.<br \/>\n            Timo Korhonen\n        <\/p>\n<p class=\"article-content article-content-width !bg-background\">\u2013 Kuulin, ett\u00e4 h\u00e4n on laitattanut kasvoihinsa lohen spermaa, Janni toteaa jaksossa.\u00a0<\/p>\n<p>Erilainen kasvohoito<\/p>\n<p class=\"article-content article-content-width !bg-background\">Lohen spermasta eristettyj\u00e4\u00a0polynukleotideja hy\u00f6dynt\u00e4v\u00e4t pistoshoidot ovat nousseet maailmant\u00e4htien keskuudessa huimaan suosioon. My\u00f6s yh\u00e4 useammat suomalaiset ovat innostuneet erikoislaatuisesta kauneusmetodista.\u00a0<\/p>\n<p>        <a itemprop=\"url\" href=\"https:\/\/www.seiska.fi\/kotimaa\/janni-hussi-yllattava-julkaisu\/2117806\" rel=\"nofollow noopener\" target=\"_blank\"><\/p>\n<p>\nJanni Hussi:\n<\/p>\n<p class=\"section-date\">\n        <strong class=\"article-section\" data-section=\"kotimaa\"><br \/>\n            kotimaa<br \/>\n        <\/strong><br \/>\n        31.3. 20:00\n    <\/p>\n<p>Janni Hussi: Yll\u00e4tt\u00e4v\u00e4 julkaisu\n    <\/p>\n<p itemprop=\"description\" class=\"subtitle \">\n    Janni Hussi julkaisi yll\u00e4tt\u00e4v\u00e4n videon.\n<\/p>\n<p>        <\/a><\/p>\n<p class=\"article-content article-content-width !bg-background\">\u2013 My\u00f6nn\u00e4n, ett\u00e4 olen kokeillut. Mutta en injektoituna, Janni paljastaa Soinnulle sek\u00e4 kuulijoille.\u00a0<\/p>\n<p class=\"article-content article-content-width !bg-background\">Janni kuvailee k\u00e4yneens\u00e4 mikroneulauksessa, jonka j\u00e4lkeen lohesta ker\u00e4tty\u00e4 eritett\u00e4 levitettiin h\u00e4nen kasvoilleen. Ajatus aineen pist\u00e4misest\u00e4 neulalla ihon alle on h\u00e4nelle kuitenkin liikaa.\u00a0<\/p>\n<p>        <a itemprop=\"url\" href=\"https:\/\/www.seiska.fi\/kotimaa\/talta-kasvoleikkauksessa-kaynyt-joni-hesselgren-nayttaa-nyt-tuoreet-kuvat\/2099554\" rel=\"nofollow noopener\" target=\"_blank\"><\/p>\n<p>\nTuoreet kuvat kasvoleikkauksessa k\u00e4yneest\u00e4 Jonista\n<\/p>\n<p class=\"section-date\">\n        <strong class=\"article-section\" data-section=\"kotimaa\"><br \/>\n            kotimaa<br \/>\n        <\/strong><br \/>\n        14.3. 16:00\n    <\/p>\n<p>T\u00e4lt\u00e4 kasvoleikkauksessa k\u00e4ynyt Joni Hesselgren n\u00e4ytt\u00e4\u00e4 nyt \u2013 tuoreet kuvat\n    <\/p>\n<p itemprop=\"description\" class=\"subtitle \">\n    Tosi-tv -kasvon ja somevaikuttajan uudesta habituksesta l\u00f6ydettiin yhtel\u00e4isyys t\u00e4htin\u00e4yttelij\u00e4\u00e4n.\n<\/p>\n<p>        <\/a><\/p>\n<p class=\"article-content article-content-width !bg-background\">Kimmokkeen kauneushoitoon Janni sai paraikaa trendaavasta lasi-ihosta, glass skin. Kaunotar paljastaa turvautuneensa my\u00f6s toisenlaisiin kemikaaleihin upeaa ulkomuotoa tavoitellessaan.\u00a0<\/p>\n<p>Teho yll\u00e4tti<\/p>\n<p class=\"article-content article-content-width !bg-background\">Janni kertoo jaksossa ostaneensa retinolia. Sit\u00e4 luonnehditaan tehokkaaksi vasta-aineeksi ryppyj\u00e4 sek\u00e4 hyperpigmentaatiota vastaan. Puteli unohtui kaapin per\u00e4lle, kunnes Janni muisti ihmeaineen olemassaolon sairauslomalla makoilessaan.\u00a0<\/p>\n<p class=\"article-content article-content-width !bg-background\">\u2013 Laitoin sit\u00e4 kolmena p\u00e4iv\u00e4n\u00e4 aamuin illoin, kartturi kertoo, vaikka olikin saanut kauneushoitolasta varsin erilaiset ohjeet.\u00a0<\/p>\n<p class=\"article-content article-content-width !bg-background\">Alkuun Janni luuli aineen olevan tehoton. Iho alkoi kuitenkin kuoriutumaan viiveell\u00e4. Tilanne p\u00e4\u00e4si yll\u00e4tt\u00e4m\u00e4\u00e4n Jannin.\u00a0<\/p>\n<p class=\"article-content article-content-width !bg-background\">\u2013 En voi k\u00e4ytt\u00e4\u00e4 edes meikki\u00e4, kun nahka rullaa! h\u00e4n parahtaa podcastissa.\u00a0<\/p>\n<p class=\"article-content article-content-width !bg-background\">\u2013 Oletan, ett\u00e4 kun kuoriutuminen on ohi, olen yht\u00e4 upea kuin Sabina S\u00e4rkk\u00e4.\u00a0<\/p>\n<p>        <a itemprop=\"url\" href=\"https:\/\/www.seiska.fi\/kotimaa\/shokkipaljastus-henny-harjusolalle-tehtiin-yli-10-toimenpidetta-talta-han-nayttaa-nyt\/2088612\" rel=\"nofollow noopener\" target=\"_blank\"><\/p>\n<p>\nShokkipaljastus:\n<\/p>\n<p class=\"section-date\">\n        <strong class=\"article-section\" data-section=\"kotimaa\"><br \/>\n            kotimaa<br \/>\n        <\/strong><br \/>\n        27.2. 17:30\n    <\/p>\n<p>Shokkipaljastus: Henny Harjusolalle tehtiin yli 10 toimenpidett\u00e4 \u2013 t\u00e4lt\u00e4 h\u00e4n n\u00e4ytt\u00e4\u00e4 nyt\n    <\/p>\n<p itemprop=\"description\" class=\"subtitle \">\n    Hennyn matka Etel\u00e4-Koreaan sai k\u00e4\u00e4nteen, kun h\u00e4nen kasvoihinsa kajottiin j\u00e4lleen kerran.\n<\/p>\n<p>        <\/a><\/p>\n","protected":false},"excerpt":{"rendered":"SANIA_SVINARENKO Janni Hussi heitt\u00e4ytyi trendeihin mukaan, yll\u00e4tt\u00e4vin vaikutuksin. Autourheilun maailmassa rapa saattaa v\u00e4lill\u00e4 roiskua. Rallikartturi on kuitenkin osoittanut,&hellip;\n","protected":false},"author":2,"featured_media":211218,"comment_status":"","ping_status":"","sticky":false,"template":"","format":"standard","meta":{"footnotes":"","_share_on_mastodon":"0"},"categories":[136],"tags":[407,137,33,31,30,2597,408,2682,15175,31658,2923,6691,19411,2680,32,109],"class_list":["post-211217","post","type-post","status-publish","format-standard","has-post-thumbnail","category-julkkikset","tag-celebrities","tag-entertainment","tag-fi","tag-finland","tag-finnish","tag-janni-hussi","tag-julkkikset","tag-kauneus","tag-kauneusoperaatio","tag-lohen-sperma","tag-podcast","tag-sabina-sarkka","tag-sana-on-vapaa","tag-sointu-borg","tag-suomi","tag-viihde"],"share_on_mastodon":{"url":"https:\/\/pubeurope.com\/@fi\/116338172092630776","error":""},"_links":{"self":[{"href":"https:\/\/www.europesays.com\/fi\/wp-json\/wp\/v2\/posts\/211217","targetHints":{"allow":["GET"]}}],"collection":[{"href":"https:\/\/www.europesays.com\/fi\/wp-json\/wp\/v2\/posts"}],"about":[{"href":"https:\/\/www.europesays.com\/fi\/wp-json\/wp\/v2\/types\/post"}],"author":[{"embeddable":true,"href":"https:\/\/www.europesays.com\/fi\/wp-json\/wp\/v2\/users\/2"}],"replies":[{"embeddable":true,"href":"https:\/\/www.europesays.com\/fi\/wp-json\/wp\/v2\/comments?post=211217"}],"version-history":[{"count":0,"href":"https:\/\/www.europesays.com\/fi\/wp-json\/wp\/v2\/posts\/211217\/revisions"}],"wp:featuredmedia":[{"embeddable":true,"href":"https:\/\/www.europesays.com\/fi\/wp-json\/wp\/v2\/media\/211218"}],"wp:attachment":[{"href":"https:\/\/www.europesays.com\/fi\/wp-json\/wp\/v2\/media?parent=211217"}],"wp:term":[{"taxonomy":"category","embeddable":true,"href":"https:\/\/www.europesays.com\/fi\/wp-json\/wp\/v2\/categories?post=211217"},{"taxonomy":"post_tag","embeddable":true,"href":"https:\/\/www.europesays.com\/fi\/wp-json\/wp\/v2\/tags?post=211217"}],"curies":[{"name":"wp","href":"https:\/\/api.w.org\/{rel}","templated":true}]}}