{"id":211345,"date":"2026-04-03T05:28:10","date_gmt":"2026-04-03T05:28:10","guid":{"rendered":"https:\/\/www.europesays.com\/fi\/211345\/"},"modified":"2026-04-03T05:28:10","modified_gmt":"2026-04-03T05:28:10","slug":"the-voice-of-finland-elastinen-jenni-vartiainen-sanni-ja-arttu-wiskari-fanirynnistyksen-kohteina-suorissa-lahetyksissa","status":"publish","type":"post","link":"https:\/\/www.europesays.com\/fi\/211345\/","title":{"rendered":"The Voice of Finland: Elastinen, Jenni Vartiainen, Sanni ja Arttu Wiskari fanirynnistyksen kohteina suorissa l\u00e4hetyksiss\u00e4"},"content":{"rendered":"<p>            Saku Tiainen\n        <\/p>\n<p class=\"subtitle \">The Voice of Finland -ohjelman suorat l\u00e4hetykset mahdollistavat fanikohtaamiset t\u00e4htivalmentajien kanssa.<\/p>\n<p class=\"article-content article-content-width !bg-background\">Laulukilpailu The Voice of Finland viett\u00e4\u00e4 t\u00e4n\u00e4 vuonna 15. juhlakauttaan. Nelosen suositun ohjelman suorat l\u00e4hetykset kuvataan j\u00e4lleen t\u00e4n\u00e4 kev\u00e4\u00e4n\u00e4 Turun tapahtumatalo Logomossa.<\/p>\n<p class=\"font-weight-bold m-font-weight-bold article-content article-content-width !bg-background\">Video: T\u00e4st\u00e4 syyst\u00e4 Jenni Vartiainen l\u00e4hti t\u00e4htivalmentajaksi:<\/p>\n<p class=\"article-content article-content-width !bg-background\">Juhlakaudella laulajakokelaiden t\u00e4htivalmentajina n\u00e4hd\u00e4\u00e4n , ,  ja . Ohjelman juontavat ,  ja . Musiikista vastaa  johtama The Voice of Finland -b\u00e4ndi.<\/p>\n<p>        <a itemprop=\"url\" href=\"https:\/\/www.seiska.fi\/vain-seiskassa\/idols-tahti-kristian-meurman-yllattavassa-paikassa-video\/2098190\" rel=\"nofollow noopener\" target=\"_blank\"><\/p>\n<p>\nVideo!\n<\/p>\n<p class=\"section-date\">\n        <strong class=\"article-section\" data-section=\"vain seiskassa\"><br \/>\n            vain seiskassa<br \/>\n        <\/strong><br \/>\n        15.3. 08:00\n    <\/p>\n<p>Idols-t\u00e4hti Kristian Meurman yll\u00e4tt\u00e4v\u00e4ss\u00e4 paikassa \u2013 video\n    <\/p>\n<p itemprop=\"description\" class=\"subtitle \">\n    Kristian kapusi karaokelavalle.\n<\/p>\n<p>        <\/a><\/p>\n<p>Hurja suosio<\/p>\n<p class=\"article-content article-content-width !bg-background\">The Voice of Finlandin suorat l\u00e4hetykset ovat osoittautuneet yleis\u00f6magneeteiksi. Vuosien saatossa jokainen suora l\u00e4hetys on myyty loppuun. Logomon suureen saliin mahtuu 1800\u20132000 katsojaa.<\/p>\n<p class=\"article-content article-content-width !bg-background\">\u2013 Suoran l\u00e4hetyksen tunnelma vet\u00e4\u00e4 ihmisi\u00e4 puoleensa. Yleens\u00e4 semifinaali ja finaali myyd\u00e4\u00e4n loppuun heti lipunmyynnin auetessa, Logomon markkinointip\u00e4\u00e4llikk\u00f6  iloitsee.<\/p>\n<p>                <img decoding=\"async\" src=\"https:\/\/www.europesays.com\/fi\/wp-content\/uploads\/2026\/04\/2106421.webp.jpeg\" width=\"576\" height=\"322\" title=\"T\u00e4htivalmentajan pestin j\u00e4tt\u00e4nyt Michael Monroe esiintyi Logomon 10-vuotissyntt\u00e4reill\u00e4 vuonna 2021.\" alt=\"Michael Monroe Logomon 10-vuotissyntt\u00e4reill\u00e4.\" loading=\"lazy\" \/>            <\/p>\n<p>\n            T\u00e4htivalmentajan pestin j\u00e4tt\u00e4nyt Michael Monroe esiintyi Logomon 10-vuotissyntt\u00e4reill\u00e4 vuonna 2021.<br \/>\n            Logomo\n        <\/p>\n<p class=\"article-content article-content-width !bg-background\">Marin mukaan on olemassa my\u00f6s kovan luokan TVOF-faneja, jotka ovat olleet paikalla jokaisessa suorassa l\u00e4hetyksess\u00e4 kuluneiden 14 tuotantokauden ajan.<\/p>\n<p class=\"article-content article-content-width !bg-background\"> \u2013 Uskon suosion perustuvan siihen, ett\u00e4 ohjelma on niin positiivinen. Tunnelma l\u00e4hetyksen j\u00e4lkeen on se, ett\u00e4 t\u00e4\u00e4lt\u00e4 l\u00e4hdet\u00e4\u00e4n aina hymyss\u00e4 suin, Mari summaa.<\/p>\n<p>                <img decoding=\"async\" src=\"https:\/\/www.europesays.com\/fi\/wp-content\/uploads\/2026\/04\/2106408.webp.jpeg\" width=\"576\" height=\"269\" title=\"TVOF-t\u00e4hdet viett\u00e4v\u00e4t Turun Logomossa pitki\u00e4 kuvausp\u00e4ivi\u00e4 kev\u00e4\u00e4n aikana.\" alt=\"Heikki Paasonen, Arttu Wiskari, Sanni, Jenni Vartiainen, Ellastinen, Jaana Pelkonen The Voice of Finlandin kuvauksissa vuonna 2026.\" loading=\"lazy\" \/>            <\/p>\n<p>\n            TVOF-t\u00e4hdet viett\u00e4v\u00e4t Turun Logomossa pitki\u00e4 kuvausp\u00e4ivi\u00e4 kev\u00e4\u00e4n aikana.<br \/>\n            Saku Tiainen\n        <\/p>\n<p class=\"article-content article-content-width !bg-background\">Pitk\u00e4n tuotantoyhteisty\u00f6n ansiosta suorien l\u00e4hetysten tekeminen Logomossa sujuu Marin mukaan vaivattomasti. S\u00e4pin\u00e4\u00e4 tapahtumatalossa aiheuttaa se, ett\u00e4 TVOF-t\u00e4hdet nauttivat Logomon lounasravintolan antimia kaiken kansan seassa tv-l\u00e4hetysten harjoitusten lomassa.<\/p>\n<p class=\"article-content article-content-width !bg-background\">\u2013 Sekin on hauskaa, kun he ovat televisiosta tuttuja meid\u00e4n henkil\u00f6kunnalle ja vakkarilounasasiakkaille. Artistit ja etenkin b\u00e4ndin j\u00e4senet ovat tuttu n\u00e4ky ruokailemassa. Onhan heill\u00e4 toki pitk\u00e4t kuvausp\u00e4iv\u00e4t, Mari paljastaa.<\/p>\n<p>Fanirynt\u00e4ys mainostauoilla<\/p>\n<p class=\"article-content article-content-width !bg-background\">T\u00e4htivalmentajille, b\u00e4ndil\u00e4isille ja laulajakokelaille tarjotaan Logomossa yksityiset takatilat. Valtavassa tapahtumatalossa jokaiselle on oma huone, jonne p\u00e4\u00e4see rauhoittumaan kuvausp\u00e4ivien tiimellyksess\u00e4.<\/p>\n<p>        <a itemprop=\"url\" href=\"https:\/\/www.seiska.fi\/katso\/the-voice-of-finland-kaksintaistelupari-pahoissa-ongelmissa\/2099414\" rel=\"nofollow noopener\" target=\"_blank\"><\/p>\n<p>\nThe Voice of Finland:\n<\/p>\n<p class=\"section-date\">\n        <strong class=\"article-section\" data-section=\"katso\"><br \/>\n            katso<br \/>\n        <\/strong><br \/>\n        13.3. 07:15\n    <\/p>\n<p>The Voice of Finland: Kaksintaistelupari pahoissa ongelmissa\n    <\/p>\n<p itemprop=\"description\" class=\"subtitle \">\n    Joni ja Jyry kulkevat kivikkoisen tien ennen kaksintaistelua.\n<\/p>\n<p>        <\/a><\/p>\n<p class=\"article-content article-content-width !bg-background\">Moni suoraa l\u00e4hetyst\u00e4 seuraamaan tullut katsoja havittelee illan aikana yhteist\u00e4 fanihetke\u00e4 t\u00e4htivalmentajien kanssa. Mainostauoilla t\u00e4htivalmentajien \u00e4\u00e4ress\u00e4 k\u00e4y kova kuhina.<\/p>\n<p class=\"article-content article-content-width !bg-background\">\u2013 Kaikki t\u00e4htivalmentajat ovat aivan ihania ihmisi\u00e4. He jakavat mainostauoilla mahdollisuuksien mukaan nimmareita ja poseeraavat fanien kanssa yhteiskuvissa. Joskus joudumme valitettavasti rajaamaan fanikohtaamisia, kun on noudatettava suoran l\u00e4hetyksen tarkkaa aikataulua, Mari kertoo.<\/p>\n<p class=\"article-content article-content-width !bg-background\">The Voice of Finlandin ymp\u00e4rille on muodostunut Logomossa erilaisia lipputuotteita aina VIP-paketeista show &amp; dinner -kokonaisuuksiin sek\u00e4 yksityisiin aitioihin.<\/p>\n<p>                <img decoding=\"async\" src=\"https:\/\/www.europesays.com\/fi\/wp-content\/uploads\/2026\/04\/2106412.webp.jpeg\" width=\"576\" height=\"317\" title=\"Arttu Wiskari tykk\u00e4\u00e4 k\u00e4yd\u00e4 moikkaamassa Logomossa VIP-asiakkaita.\" alt=\"Arttu Wiskari on t\u00e4htivalmentaja 15. The Voice of Finland -kaudella.\" loading=\"lazy\" \/>            <\/p>\n<p>\n            Arttu Wiskari tykk\u00e4\u00e4 k\u00e4yd\u00e4 moikkaamassa Logomossa VIP-asiakkaita.<br \/>\n            Saku Tiainen\n        <\/p>\n<p class=\"article-content article-content-width !bg-background\">\u2013 T\u00e4htivalmentajista etenkin Arttu Wiskari vierailee usein meid\u00e4n VIP-tiloissa. Asiakkaille on ollut tosi kiva yll\u00e4tys, ett\u00e4 h\u00e4n on tullut moikkaamaan ja kertomaan juttuja tuotannosta, Mari kertoo.<\/p>\n<p>                <img decoding=\"async\" src=\"https:\/\/www.europesays.com\/fi\/wp-content\/uploads\/2026\/04\/2106414.webp.jpeg\" width=\"576\" height=\"322\" title=\"The Voice of Finlandin suoraa l\u00e4hetyst\u00e4 voi seurata my\u00f6s yksityisest\u00e4 aitiosta Logomossa.\" alt=\"Logomon aitio The Voice of Finland -l\u00e4hetyksen aikana.\" loading=\"lazy\" \/>            <\/p>\n<p>\n            The Voice of Finlandin suoraa l\u00e4hetyst\u00e4 voi seurata my\u00f6s yksityisest\u00e4 aitiosta Logomossa.<br \/>\n            Logomo\n        <\/p>\n<p>Hyv\u00e4t ennakkosuunnitelmat<\/p>\n<p class=\"article-content article-content-width !bg-background\">Pitk\u00e4n historiansa aikana The Voice of Finlandin suorien l\u00e4hetysten tekemisess\u00e4 ei ole sattunut tv-katsojille n\u00e4kyviin p\u00e4\u00e4tyneit\u00e4 isoja kommelluksia.<\/p>\n<p class=\"article-content article-content-width !bg-background\">\u2013 Ensimm\u00e4isen\u00e4 vuonna taisi olla joku j\u00e4nn\u00e4 paloh\u00e4lytys, koska talokin oli silloin ihan uusi. Mutta h\u00e4lytys ei koskaan p\u00e4\u00e4tynyt televisiol\u00e4hetykseen asti. Koska t\u00e4\u00e4ll\u00e4 tehd\u00e4\u00e4n suoraa l\u00e4hetyst\u00e4, tuotanto on varmistanut hyvin ennakkoon kaiken toimivuuden. Jos vaikka s\u00e4hk\u00f6t menisiv\u00e4t poikki, niin t\u00e4\u00e4ll\u00e4 on generaattoritkin varalla, Mari kertoo.<\/p>\n<p class=\"article-content article-content-width !bg-background\">Vuosien saatossa vaihtuneet t\u00e4htivalmentajat eiv\u00e4t ole j\u00e4tt\u00e4neet Logomon seiniin mit\u00e4\u00e4n k\u00e4sinkosketeltavaa muistoa itsest\u00e4\u00e4n. Logomon uumeniin on kuitenkin j\u00e4\u00e4nyt Lenni-Kalle Taipaleen musisointiv\u00e4line.<\/p>\n<p>        <a itemprop=\"url\" href=\"https:\/\/www.seiska.fi\/kotimaa\/paljastus-tarja-turusen-takahuoneesta-harvinainen-video-julki\/2065803\" rel=\"nofollow noopener\" target=\"_blank\"><\/p>\n<p>\nHarvinainen video!\n<\/p>\n<p class=\"section-date\">\n        <strong class=\"article-section\" data-section=\"kotimaa\"><br \/>\n            kotimaa<br \/>\n        <\/strong><br \/>\n        7.2. 18:00\n    <\/p>\n<p>Paljastus Tarja Turusen takahuoneesta \u2013 harvinainen video julki!\n    <\/p>\n<p itemprop=\"description\" class=\"subtitle \">\n    Ennen lavalle nousua edess\u00e4 on aivan erityinen tapa l\u00e4mmitell\u00e4, eik\u00e4 se ole kovin rock.\n<\/p>\n<p>        <\/a><\/p>\n<p class=\"article-content article-content-width !bg-background\">\u2013 K\u00e4sitt\u00e4\u00e4kseni meill\u00e4 on t\u00e4\u00e4ll\u00e4 jossain hyllyll\u00e4 Lenni-Kalle Taipaleen piano tai flyygeli. Olen n\u00e4hnyt sen muutaman kerran, Mari naurahtaa.<\/p>\n<p>N\u00e4in TVOF-laulukilpailu etenee<\/p>\n<p class=\"article-content article-content-width !bg-background\">Livel\u00e4hetys 1: pe 3.4.<\/p>\n<p class=\"article-content article-content-width !bg-background\">Livel\u00e4hetys 2: pe 10.4.<\/p>\n<p class=\"article-content article-content-width !bg-background\">Semifinaali: pe 17.4.<\/p>\n<p class=\"article-content article-content-width !bg-background\">Finaali: pe 24.4.<\/p>\n<p class=\"article-content article-content-width !bg-background\">The Voice of Finland Ruudussa ja Nelosella perjantaisin klo 20.<\/p>\n","protected":false},"excerpt":{"rendered":"Saku Tiainen The Voice of Finland -ohjelman suorat l\u00e4hetykset mahdollistavat fanikohtaamiset t\u00e4htivalmentajien kanssa. Laulukilpailu The Voice of Finland&hellip;\n","protected":false},"author":2,"featured_media":211346,"comment_status":"","ping_status":"","sticky":false,"template":"","format":"standard","meta":{"footnotes":"","_share_on_mastodon":"0"},"categories":[133],"tags":[24434,137,33,31,30,11878,22165,32,18256,206,6878,156,109],"class_list":["post-211345","post","type-post","status-publish","format-standard","has-post-thumbnail","category-televisiot","tag-arttu-wiskari","tag-entertainment","tag-fi","tag-finland","tag-finnish","tag-jenni-vartiainen","tag-logomo","tag-suomi","tag-suorat-lahetykset","tag-televisiot","tag-the-voice-of-finland","tag-tv","tag-viihde"],"share_on_mastodon":{"url":"https:\/\/pubeurope.com\/@fi\/116339127707927412","error":""},"_links":{"self":[{"href":"https:\/\/www.europesays.com\/fi\/wp-json\/wp\/v2\/posts\/211345","targetHints":{"allow":["GET"]}}],"collection":[{"href":"https:\/\/www.europesays.com\/fi\/wp-json\/wp\/v2\/posts"}],"about":[{"href":"https:\/\/www.europesays.com\/fi\/wp-json\/wp\/v2\/types\/post"}],"author":[{"embeddable":true,"href":"https:\/\/www.europesays.com\/fi\/wp-json\/wp\/v2\/users\/2"}],"replies":[{"embeddable":true,"href":"https:\/\/www.europesays.com\/fi\/wp-json\/wp\/v2\/comments?post=211345"}],"version-history":[{"count":0,"href":"https:\/\/www.europesays.com\/fi\/wp-json\/wp\/v2\/posts\/211345\/revisions"}],"wp:featuredmedia":[{"embeddable":true,"href":"https:\/\/www.europesays.com\/fi\/wp-json\/wp\/v2\/media\/211346"}],"wp:attachment":[{"href":"https:\/\/www.europesays.com\/fi\/wp-json\/wp\/v2\/media?parent=211345"}],"wp:term":[{"taxonomy":"category","embeddable":true,"href":"https:\/\/www.europesays.com\/fi\/wp-json\/wp\/v2\/categories?post=211345"},{"taxonomy":"post_tag","embeddable":true,"href":"https:\/\/www.europesays.com\/fi\/wp-json\/wp\/v2\/tags?post=211345"}],"curies":[{"name":"wp","href":"https:\/\/api.w.org\/{rel}","templated":true}]}}